{"id":6367,"date":"2026-08-29T15:48:00","date_gmt":"2026-08-29T15:48:00","guid":{"rendered":"https:\/\/edumas.gov.co\/inicio\/?p=6367"},"modified":"2026-09-01T16:40:18","modified_gmt":"2026-09-01T16:40:18","slug":"dia-internacional-contra-el-ruido","status":"publish","type":"post","link":"https:\/\/edumas.gov.co\/inicio\/2026\/08\/29\/dia-internacional-contra-el-ruido\/","title":{"rendered":"D\u00eda Internacional Contra el Ruido"},"content":{"rendered":"\n<p class=\"wp-block-paragraph\"><strong>Agosto<\/strong> 29 &#8211; Cada 29 de agosto se conmemora el D\u00eda Internacional contra el Ruido. En esta fecha se busca sensibilizar a la ciudadan\u00eda sobre la importancia de<strong>\u00a0preservar un ambiente sano<\/strong>\u00a0y\u00a0<strong>respetar\u00a0<\/strong>los niveles permitidos de emisi\u00f3n sonora (como el volumen al que podemos poner m\u00fasica en casa o en una fiesta).\u00a0<\/p>\n\n\n\n<p class=\"wp-block-paragraph\">La&nbsp;<a href=\"https:\/\/www.alcaldiabogota.gov.co\/sisjur\/normas\/Norma1.jsp?i=175161\" target=\"_blank\" rel=\"noreferrer noopener\"><strong>Ley 2450 de 2025<\/strong><\/a>, conocida como la Ley contra el Ruido, define el ruido como&nbsp;<strong>un factor de contaminaci\u00f3n ambiental o sonidos molestos<\/strong>, que puede vulnerar el disfrute de los derechos, adem\u00e1s de ser un posible riesgo para la salud p\u00fablica, por tener la capacidad de afectar el bienestar de las personas, los animales, la salud y el equilibrio de los ecosistemas. Adem\u00e1s, define las responsabilidades y competencias espec\u00edficas de los entes territoriales, las autoridades ambientales y la Polic\u00eda para su aplicaci\u00f3n en todo el pa\u00eds.<\/p>\n\n\n\n<p class=\"wp-block-paragraph\"><strong>Efectos del ruido en la salud&nbsp;<\/strong><\/p>\n\n\n\n<p class=\"wp-block-paragraph\">La Ley se\u00f1ala que, seg\u00fan los niveles y el tiempo de exposici\u00f3n, la contaminaci\u00f3n ac\u00fastica o por ruido puede generar diversos efectos negativos en la salud f\u00edsica y mental de las personas, entre ellos:<\/p>\n\n\n\n<ul class=\"wp-block-list\">\n<li>Problemas auditivos unilaterales (que afectan un solo o\u00eddo) o bilaterales (que afectan ambos o\u00eddos).<\/li>\n\n\n\n<li>P\u00e9rdida auditiva permanente o temporal.<\/li>\n\n\n\n<li>Fatiga auditiva.<\/li>\n\n\n\n<li>Tinnitus (sensaci\u00f3n de zumbido o pitido en los o\u00eddos).<\/li>\n\n\n\n<li>Alteraciones en la salud psicosocial, como estr\u00e9s, malestar e irritabilidad.&nbsp;<\/li>\n<\/ul>\n\n\n\n<p class=\"wp-block-paragraph\">La norma adopt\u00f3 un enfoque basado en la salud p\u00fablica, en el que las autoridades responsables de su aplicaci\u00f3n trabajar\u00e1n con el prop\u00f3sito de prevenir, mitigar y controlar los impactos del ruido, priorizando el bienestar y la calidad de vida de la poblaci\u00f3n.<\/p>\n\n\n\n<p class=\"wp-block-paragraph\">La&nbsp;<a href=\"https:\/\/www.minambiente.gov.co\/wp-content\/uploads\/2021\/10\/Resolucion-0627-de-2006.pdf\" target=\"_blank\" rel=\"noreferrer noopener\"><strong>Resoluci\u00f3n 0627 de 2006<\/strong><\/a>, del Min Ambiente, establece la norma nacional sobre emisi\u00f3n de ruido (total de sonidos generados por una \u00fanica fuente de emisi\u00f3n) y ruido ambiental (el total de sonidos percibidos en un solo espacio espec\u00edfico), as\u00ed como los procedimientos para su medici\u00f3n y evaluaci\u00f3n. Esta normativa define los niveles m\u00e1ximos permisibles para ambos tipos de ruido, durante el d\u00eda y la noche, y los clasifica seg\u00fan los sectores (industrial, comercial, servicios, domiciliarios entre otros). Cada uno est\u00e1 asociado a un subsector vinculado con los usos del suelo.<\/p>\n\n\n\n<p class=\"wp-block-paragraph\">Fuente: <a href=\"https:\/\/oab.ambientebogota.gov.co\/29-agosto-dia-internacional-contra-ruido\/\">https:\/\/oab.ambientebogota.gov.co\/29-agosto-dia-internacional-contra-ruido\/<\/a><\/p>\n\n\n\n<p class=\"wp-block-paragraph\"><\/p>\n","protected":false},"excerpt":{"rendered":"<p>Agosto 29 &#8211; Cada 29 de agosto se conmemora el D\u00eda Internacional contra el Ruido. En esta fecha se busca sensibilizar a la ciudadan\u00eda sobre la importancia de\u00a0preservar un ambiente sano\u00a0y\u00a0respetar\u00a0los niveles permitidos de emisi\u00f3n sonora (como el volumen al que podemos poner m\u00fasica en casa o en una fiesta).\u00a0 La&nbsp;Ley 2450 de 2025, conocida [&hellip;]<\/p>\n","protected":false},"author":1,"featured_media":9397,"comment_status":"open","ping_status":"open","sticky":false,"template":"","format":"standard","meta":{"footnotes":""},"categories":[28],"tags":[],"class_list":["post-6367","post","type-post","status-publish","format-standard","has-post-thumbnail","hentry","category-eventos"],"yoast_head":"<!-- This site is optimized with the Yoast SEO plugin v27.4 - https:\/\/yoast.com\/product\/yoast-seo-wordpress\/ -->\n<title>D\u00eda Internacional Contra el Ruido - Edumas<\/title>\n<meta name=\"robots\" content=\"index, follow, max-snippet:-1, max-image-preview:large, max-video-preview:-1\" \/>\n<link rel=\"canonical\" href=\"https:\/\/edumas.gov.co\/inicio\/2026\/08\/29\/dia-internacional-contra-el-ruido\/\" \/>\n<meta property=\"og:locale\" content=\"es_ES\" \/>\n<meta property=\"og:type\" content=\"article\" \/>\n<meta property=\"og:title\" content=\"D\u00eda Internacional Contra el Ruido - Edumas\" \/>\n<meta property=\"og:description\" content=\"Agosto 29 &#8211; Cada 29 de agosto se conmemora el D\u00eda Internacional contra el Ruido. En esta fecha se busca sensibilizar a la ciudadan\u00eda sobre la importancia de\u00a0preservar un ambiente sano\u00a0y\u00a0respetar\u00a0los niveles permitidos de emisi\u00f3n sonora (como el volumen al que podemos poner m\u00fasica en casa o en una fiesta).\u00a0 La&nbsp;Ley 2450 de 2025, conocida [&hellip;]\" \/>\n<meta property=\"og:url\" content=\"https:\/\/edumas.gov.co\/inicio\/2026\/08\/29\/dia-internacional-contra-el-ruido\/\" \/>\n<meta property=\"og:site_name\" content=\"Edumas\" \/>\n<meta property=\"article:published_time\" content=\"2026-08-29T15:48:00+00:00\" \/>\n<meta property=\"article:modified_time\" content=\"2026-09-01T16:40:18+00:00\" \/>\n<meta property=\"og:image\" content=\"https:\/\/edumas.gov.co\/wp-content\/uploads\/2025\/08\/WEB-2026-Fechas-ambientales.png\" \/>\n\t<meta property=\"og:image:width\" content=\"940\" \/>\n\t<meta property=\"og:image:height\" content=\"788\" \/>\n\t<meta property=\"og:image:type\" content=\"image\/png\" \/>\n<meta name=\"author\" content=\"edumas\" \/>\n<meta name=\"twitter:card\" content=\"summary_large_image\" \/>\n<meta name=\"twitter:label1\" content=\"Escrito por\" \/>\n\t<meta name=\"twitter:data1\" content=\"edumas\" \/>\n\t<meta name=\"twitter:label2\" content=\"Tiempo de lectura\" \/>\n\t<meta name=\"twitter:data2\" content=\"2 minutos\" \/>\n<script type=\"application\/ld+json\" class=\"yoast-schema-graph\">{\"@context\":\"https:\\\/\\\/schema.org\",\"@graph\":[{\"@type\":\"Article\",\"@id\":\"https:\\\/\\\/edumas.gov.co\\\/inicio\\\/2026\\\/08\\\/29\\\/dia-internacional-contra-el-ruido\\\/#article\",\"isPartOf\":{\"@id\":\"https:\\\/\\\/edumas.gov.co\\\/inicio\\\/2026\\\/08\\\/29\\\/dia-internacional-contra-el-ruido\\\/\"},\"author\":{\"name\":\"edumas\",\"@id\":\"https:\\\/\\\/edumas.gov.co\\\/inicio\\\/#\\\/schema\\\/person\\\/e2e82a662fd06864325b88811079b05a\"},\"headline\":\"D\u00eda Internacional Contra el Ruido\",\"datePublished\":\"2026-08-29T15:48:00+00:00\",\"dateModified\":\"2026-09-01T16:40:18+00:00\",\"mainEntityOfPage\":{\"@id\":\"https:\\\/\\\/edumas.gov.co\\\/inicio\\\/2026\\\/08\\\/29\\\/dia-internacional-contra-el-ruido\\\/\"},\"wordCount\":405,\"commentCount\":0,\"publisher\":{\"@id\":\"https:\\\/\\\/edumas.gov.co\\\/inicio\\\/#organization\"},\"image\":{\"@id\":\"https:\\\/\\\/edumas.gov.co\\\/inicio\\\/2026\\\/08\\\/29\\\/dia-internacional-contra-el-ruido\\\/#primaryimage\"},\"thumbnailUrl\":\"https:\\\/\\\/edumas.gov.co\\\/wp-content\\\/uploads\\\/2025\\\/08\\\/WEB-2026-Fechas-ambientales.png\",\"articleSection\":[\"eventos\"],\"inLanguage\":\"es\",\"potentialAction\":[{\"@type\":\"CommentAction\",\"name\":\"Comment\",\"target\":[\"https:\\\/\\\/edumas.gov.co\\\/inicio\\\/2026\\\/08\\\/29\\\/dia-internacional-contra-el-ruido\\\/#respond\"]}]},{\"@type\":\"WebPage\",\"@id\":\"https:\\\/\\\/edumas.gov.co\\\/inicio\\\/2026\\\/08\\\/29\\\/dia-internacional-contra-el-ruido\\\/\",\"url\":\"https:\\\/\\\/edumas.gov.co\\\/inicio\\\/2026\\\/08\\\/29\\\/dia-internacional-contra-el-ruido\\\/\",\"name\":\"D\u00eda Internacional Contra el Ruido - Edumas\",\"isPartOf\":{\"@id\":\"https:\\\/\\\/edumas.gov.co\\\/inicio\\\/#website\"},\"primaryImageOfPage\":{\"@id\":\"https:\\\/\\\/edumas.gov.co\\\/inicio\\\/2026\\\/08\\\/29\\\/dia-internacional-contra-el-ruido\\\/#primaryimage\"},\"image\":{\"@id\":\"https:\\\/\\\/edumas.gov.co\\\/inicio\\\/2026\\\/08\\\/29\\\/dia-internacional-contra-el-ruido\\\/#primaryimage\"},\"thumbnailUrl\":\"https:\\\/\\\/edumas.gov.co\\\/wp-content\\\/uploads\\\/2025\\\/08\\\/WEB-2026-Fechas-ambientales.png\",\"datePublished\":\"2026-08-29T15:48:00+00:00\",\"dateModified\":\"2026-09-01T16:40:18+00:00\",\"breadcrumb\":{\"@id\":\"https:\\\/\\\/edumas.gov.co\\\/inicio\\\/2026\\\/08\\\/29\\\/dia-internacional-contra-el-ruido\\\/#breadcrumb\"},\"inLanguage\":\"es\",\"potentialAction\":[{\"@type\":\"ReadAction\",\"target\":[\"https:\\\/\\\/edumas.gov.co\\\/inicio\\\/2026\\\/08\\\/29\\\/dia-internacional-contra-el-ruido\\\/\"]}]},{\"@type\":\"ImageObject\",\"inLanguage\":\"es\",\"@id\":\"https:\\\/\\\/edumas.gov.co\\\/inicio\\\/2026\\\/08\\\/29\\\/dia-internacional-contra-el-ruido\\\/#primaryimage\",\"url\":\"https:\\\/\\\/edumas.gov.co\\\/wp-content\\\/uploads\\\/2025\\\/08\\\/WEB-2026-Fechas-ambientales.png\",\"contentUrl\":\"https:\\\/\\\/edumas.gov.co\\\/wp-content\\\/uploads\\\/2025\\\/08\\\/WEB-2026-Fechas-ambientales.png\",\"width\":940,\"height\":788},{\"@type\":\"BreadcrumbList\",\"@id\":\"https:\\\/\\\/edumas.gov.co\\\/inicio\\\/2026\\\/08\\\/29\\\/dia-internacional-contra-el-ruido\\\/#breadcrumb\",\"itemListElement\":[{\"@type\":\"ListItem\",\"position\":1,\"name\":\"Portada\",\"item\":\"https:\\\/\\\/edumas.gov.co\\\/inicio\\\/\"},{\"@type\":\"ListItem\",\"position\":2,\"name\":\"D\u00eda Internacional Contra el Ruido\"}]},{\"@type\":\"WebSite\",\"@id\":\"https:\\\/\\\/edumas.gov.co\\\/inicio\\\/#website\",\"url\":\"https:\\\/\\\/edumas.gov.co\\\/inicio\\\/\",\"name\":\"Edumas\",\"description\":\"Edumas\",\"publisher\":{\"@id\":\"https:\\\/\\\/edumas.gov.co\\\/inicio\\\/#organization\"},\"potentialAction\":[{\"@type\":\"SearchAction\",\"target\":{\"@type\":\"EntryPoint\",\"urlTemplate\":\"https:\\\/\\\/edumas.gov.co\\\/inicio\\\/?s={search_term_string}\"},\"query-input\":{\"@type\":\"PropertyValueSpecification\",\"valueRequired\":true,\"valueName\":\"search_term_string\"}}],\"inLanguage\":\"es\"},{\"@type\":\"Organization\",\"@id\":\"https:\\\/\\\/edumas.gov.co\\\/inicio\\\/#organization\",\"name\":\"Edumas\",\"url\":\"https:\\\/\\\/edumas.gov.co\\\/inicio\\\/\",\"logo\":{\"@type\":\"ImageObject\",\"inLanguage\":\"es\",\"@id\":\"https:\\\/\\\/edumas.gov.co\\\/inicio\\\/#\\\/schema\\\/logo\\\/image\\\/\",\"url\":\"https:\\\/\\\/edumas.gov.co\\\/wp-content\\\/uploads\\\/2024\\\/10\\\/Perfil-Instagram-PhotoRoom.png-PhotoRoom.png\",\"contentUrl\":\"https:\\\/\\\/edumas.gov.co\\\/wp-content\\\/uploads\\\/2024\\\/10\\\/Perfil-Instagram-PhotoRoom.png-PhotoRoom.png\",\"width\":648,\"height\":233,\"caption\":\"Edumas\"},\"image\":{\"@id\":\"https:\\\/\\\/edumas.gov.co\\\/inicio\\\/#\\\/schema\\\/logo\\\/image\\\/\"}},{\"@type\":\"Person\",\"@id\":\"https:\\\/\\\/edumas.gov.co\\\/inicio\\\/#\\\/schema\\\/person\\\/e2e82a662fd06864325b88811079b05a\",\"name\":\"edumas\",\"image\":{\"@type\":\"ImageObject\",\"inLanguage\":\"es\",\"@id\":\"https:\\\/\\\/edumas.gov.co\\\/wp-content\\\/uploads\\\/2025\\\/03\\\/WhatsApp-Image-2025-03-06-at-12.44.58-PM-150x150.jpeg\",\"url\":\"https:\\\/\\\/edumas.gov.co\\\/wp-content\\\/uploads\\\/2025\\\/03\\\/WhatsApp-Image-2025-03-06-at-12.44.58-PM-150x150.jpeg\",\"contentUrl\":\"https:\\\/\\\/edumas.gov.co\\\/wp-content\\\/uploads\\\/2025\\\/03\\\/WhatsApp-Image-2025-03-06-at-12.44.58-PM-150x150.jpeg\",\"caption\":\"edumas\"},\"sameAs\":[\"https:\\\/\\\/test.edumas.gov.co\"],\"url\":\"https:\\\/\\\/edumas.gov.co\\\/inicio\\\/author\\\/edumas\\\/\"}]}<\/script>\n<!-- \/ Yoast SEO plugin. -->","yoast_head_json":{"title":"D\u00eda Internacional Contra el Ruido - Edumas","robots":{"index":"index","follow":"follow","max-snippet":"max-snippet:-1","max-image-preview":"max-image-preview:large","max-video-preview":"max-video-preview:-1"},"canonical":"https:\/\/edumas.gov.co\/inicio\/2026\/08\/29\/dia-internacional-contra-el-ruido\/","og_locale":"es_ES","og_type":"article","og_title":"D\u00eda Internacional Contra el Ruido - Edumas","og_description":"Agosto 29 &#8211; Cada 29 de agosto se conmemora el D\u00eda Internacional contra el Ruido. En esta fecha se busca sensibilizar a la ciudadan\u00eda sobre la importancia de\u00a0preservar un ambiente sano\u00a0y\u00a0respetar\u00a0los niveles permitidos de emisi\u00f3n sonora (como el volumen al que podemos poner m\u00fasica en casa o en una fiesta).\u00a0 La&nbsp;Ley 2450 de 2025, conocida [&hellip;]","og_url":"https:\/\/edumas.gov.co\/inicio\/2026\/08\/29\/dia-internacional-contra-el-ruido\/","og_site_name":"Edumas","article_published_time":"2026-08-29T15:48:00+00:00","article_modified_time":"2026-09-01T16:40:18+00:00","og_image":[{"width":940,"height":788,"url":"https:\/\/edumas.gov.co\/wp-content\/uploads\/2025\/08\/WEB-2026-Fechas-ambientales.png","type":"image\/png"}],"author":"edumas","twitter_card":"summary_large_image","twitter_misc":{"Escrito por":"edumas","Tiempo de lectura":"2 minutos"},"schema":{"@context":"https:\/\/schema.org","@graph":[{"@type":"Article","@id":"https:\/\/edumas.gov.co\/inicio\/2026\/08\/29\/dia-internacional-contra-el-ruido\/#article","isPartOf":{"@id":"https:\/\/edumas.gov.co\/inicio\/2026\/08\/29\/dia-internacional-contra-el-ruido\/"},"author":{"name":"edumas","@id":"https:\/\/edumas.gov.co\/inicio\/#\/schema\/person\/e2e82a662fd06864325b88811079b05a"},"headline":"D\u00eda Internacional Contra el Ruido","datePublished":"2026-08-29T15:48:00+00:00","dateModified":"2026-09-01T16:40:18+00:00","mainEntityOfPage":{"@id":"https:\/\/edumas.gov.co\/inicio\/2026\/08\/29\/dia-internacional-contra-el-ruido\/"},"wordCount":405,"commentCount":0,"publisher":{"@id":"https:\/\/edumas.gov.co\/inicio\/#organization"},"image":{"@id":"https:\/\/edumas.gov.co\/inicio\/2026\/08\/29\/dia-internacional-contra-el-ruido\/#primaryimage"},"thumbnailUrl":"https:\/\/edumas.gov.co\/wp-content\/uploads\/2025\/08\/WEB-2026-Fechas-ambientales.png","articleSection":["eventos"],"inLanguage":"es","potentialAction":[{"@type":"CommentAction","name":"Comment","target":["https:\/\/edumas.gov.co\/inicio\/2026\/08\/29\/dia-internacional-contra-el-ruido\/#respond"]}]},{"@type":"WebPage","@id":"https:\/\/edumas.gov.co\/inicio\/2026\/08\/29\/dia-internacional-contra-el-ruido\/","url":"https:\/\/edumas.gov.co\/inicio\/2026\/08\/29\/dia-internacional-contra-el-ruido\/","name":"D\u00eda Internacional Contra el Ruido - Edumas","isPartOf":{"@id":"https:\/\/edumas.gov.co\/inicio\/#website"},"primaryImageOfPage":{"@id":"https:\/\/edumas.gov.co\/inicio\/2026\/08\/29\/dia-internacional-contra-el-ruido\/#primaryimage"},"image":{"@id":"https:\/\/edumas.gov.co\/inicio\/2026\/08\/29\/dia-internacional-contra-el-ruido\/#primaryimage"},"thumbnailUrl":"https:\/\/edumas.gov.co\/wp-content\/uploads\/2025\/08\/WEB-2026-Fechas-ambientales.png","datePublished":"2026-08-29T15:48:00+00:00","dateModified":"2026-09-01T16:40:18+00:00","breadcrumb":{"@id":"https:\/\/edumas.gov.co\/inicio\/2026\/08\/29\/dia-internacional-contra-el-ruido\/#breadcrumb"},"inLanguage":"es","potentialAction":[{"@type":"ReadAction","target":["https:\/\/edumas.gov.co\/inicio\/2026\/08\/29\/dia-internacional-contra-el-ruido\/"]}]},{"@type":"ImageObject","inLanguage":"es","@id":"https:\/\/edumas.gov.co\/inicio\/2026\/08\/29\/dia-internacional-contra-el-ruido\/#primaryimage","url":"https:\/\/edumas.gov.co\/wp-content\/uploads\/2025\/08\/WEB-2026-Fechas-ambientales.png","contentUrl":"https:\/\/edumas.gov.co\/wp-content\/uploads\/2025\/08\/WEB-2026-Fechas-ambientales.png","width":940,"height":788},{"@type":"BreadcrumbList","@id":"https:\/\/edumas.gov.co\/inicio\/2026\/08\/29\/dia-internacional-contra-el-ruido\/#breadcrumb","itemListElement":[{"@type":"ListItem","position":1,"name":"Portada","item":"https:\/\/edumas.gov.co\/inicio\/"},{"@type":"ListItem","position":2,"name":"D\u00eda Internacional Contra el Ruido"}]},{"@type":"WebSite","@id":"https:\/\/edumas.gov.co\/inicio\/#website","url":"https:\/\/edumas.gov.co\/inicio\/","name":"Edumas","description":"Edumas","publisher":{"@id":"https:\/\/edumas.gov.co\/inicio\/#organization"},"potentialAction":[{"@type":"SearchAction","target":{"@type":"EntryPoint","urlTemplate":"https:\/\/edumas.gov.co\/inicio\/?s={search_term_string}"},"query-input":{"@type":"PropertyValueSpecification","valueRequired":true,"valueName":"search_term_string"}}],"inLanguage":"es"},{"@type":"Organization","@id":"https:\/\/edumas.gov.co\/inicio\/#organization","name":"Edumas","url":"https:\/\/edumas.gov.co\/inicio\/","logo":{"@type":"ImageObject","inLanguage":"es","@id":"https:\/\/edumas.gov.co\/inicio\/#\/schema\/logo\/image\/","url":"https:\/\/edumas.gov.co\/wp-content\/uploads\/2024\/10\/Perfil-Instagram-PhotoRoom.png-PhotoRoom.png","contentUrl":"https:\/\/edumas.gov.co\/wp-content\/uploads\/2024\/10\/Perfil-Instagram-PhotoRoom.png-PhotoRoom.png","width":648,"height":233,"caption":"Edumas"},"image":{"@id":"https:\/\/edumas.gov.co\/inicio\/#\/schema\/logo\/image\/"}},{"@type":"Person","@id":"https:\/\/edumas.gov.co\/inicio\/#\/schema\/person\/e2e82a662fd06864325b88811079b05a","name":"edumas","image":{"@type":"ImageObject","inLanguage":"es","@id":"https:\/\/edumas.gov.co\/wp-content\/uploads\/2025\/03\/WhatsApp-Image-2025-03-06-at-12.44.58-PM-150x150.jpeg","url":"https:\/\/edumas.gov.co\/wp-content\/uploads\/2025\/03\/WhatsApp-Image-2025-03-06-at-12.44.58-PM-150x150.jpeg","contentUrl":"https:\/\/edumas.gov.co\/wp-content\/uploads\/2025\/03\/WhatsApp-Image-2025-03-06-at-12.44.58-PM-150x150.jpeg","caption":"edumas"},"sameAs":["https:\/\/test.edumas.gov.co"],"url":"https:\/\/edumas.gov.co\/inicio\/author\/edumas\/"}]}},"_links":{"self":[{"href":"https:\/\/edumas.gov.co\/inicio\/wp-json\/wp\/v2\/posts\/6367","targetHints":{"allow":["GET"]}}],"collection":[{"href":"https:\/\/edumas.gov.co\/inicio\/wp-json\/wp\/v2\/posts"}],"about":[{"href":"https:\/\/edumas.gov.co\/inicio\/wp-json\/wp\/v2\/types\/post"}],"author":[{"embeddable":true,"href":"https:\/\/edumas.gov.co\/inicio\/wp-json\/wp\/v2\/users\/1"}],"replies":[{"embeddable":true,"href":"https:\/\/edumas.gov.co\/inicio\/wp-json\/wp\/v2\/comments?post=6367"}],"version-history":[{"count":2,"href":"https:\/\/edumas.gov.co\/inicio\/wp-json\/wp\/v2\/posts\/6367\/revisions"}],"predecessor-version":[{"id":9398,"href":"https:\/\/edumas.gov.co\/inicio\/wp-json\/wp\/v2\/posts\/6367\/revisions\/9398"}],"wp:featuredmedia":[{"embeddable":true,"href":"https:\/\/edumas.gov.co\/inicio\/wp-json\/wp\/v2\/media\/9397"}],"wp:attachment":[{"href":"https:\/\/edumas.gov.co\/inicio\/wp-json\/wp\/v2\/media?parent=6367"}],"wp:term":[{"taxonomy":"category","embeddable":true,"href":"https:\/\/edumas.gov.co\/inicio\/wp-json\/wp\/v2\/categories?post=6367"},{"taxonomy":"post_tag","embeddable":true,"href":"https:\/\/edumas.gov.co\/inicio\/wp-json\/wp\/v2\/tags?post=6367"}],"curies":[{"name":"wp","href":"https:\/\/api.w.org\/{rel}","templated":true}]}}