{"id":646,"date":"2017-03-02T19:47:00","date_gmt":"2017-03-02T19:47:00","guid":{"rendered":"https:\/\/test.edumas.gov.co\/?p=646"},"modified":"2023-10-06T20:15:29","modified_gmt":"2023-10-06T20:15:29","slug":"primera-dama-y-edumas-realizan-jornada-de-limpieza-y-siembra-de-40-arboles","status":"publish","type":"post","link":"https:\/\/edumas.gov.co\/inicio\/2017\/03\/02\/primera-dama-y-edumas-realizan-jornada-de-limpieza-y-siembra-de-40-arboles\/","title":{"rendered":"Primera Dama y Edumas realizan jornada de limpieza y siembra de 40 \u00e1rboles"},"content":{"rendered":"\n<p class=\"wp-block-paragraph\">La recolecci\u00f3n de basuras y la arborizaci\u00f3n se realiz\u00f3 en el parque el \u00b4Ralfy\u00b4, en el barrio Las Moras.<\/p>\n\n\n\n<p class=\"wp-block-paragraph\">Con la presencia de la Primera Gestora de Paz de Soledad, Alba Olaya de Herrera, se realiz\u00f3 una jornada de limpieza y arborizaci\u00f3n en el parque el \u2018Ralfy\u2019, en el barrio Las Moras. En la actividad tambi\u00e9n participaron los miembros de la comunidad y un grupo de j\u00f3venes en riesgo, quienes disfrutaron al final de un almuerzo.<\/p>\n\n\n\n<p class=\"wp-block-paragraph\">Desde tempranas horas, en una jornada que se extendi\u00f3 hasta la tarde, un grupo compuesto por m\u00e1s de 50 personas, entre comunidad, funcionarios de InterAseo, Polic\u00eda Nacional y Edumas intervinieron, en un proceso de limpieza, siembra y poda de \u00e1rboles en el parque.<\/p>\n\n\n\n<p class=\"wp-block-paragraph\">La comunidad se mostr\u00f3 satisfecha por la jornada de embellecimiento del sector y los j\u00f3venes de la barra los \u2018Eso Va\u2019 realizaron la siembra de los 40 \u00e1rboles que se comprometieron a cuidar.<\/p>\n\n\n\n<p class=\"wp-block-paragraph\">De acuerdo con la Primera Gestora de Paz, Alba Olaya de Herrera, est\u00e1s actividades se estar\u00e1n realizando en el municipio con el acompa\u00f1amiento de los j\u00f3venes. \u201dEstamos adelantando la recuperaci\u00f3n de estos espacios que presentan un alto impacto en el tema de residuos s\u00f3lidos. As\u00ed mismo, alterno a estas jornadas de limpieza, se realizar\u00e1n siembra de \u00e1rboles en todo el municipio, con el prop\u00f3sito de lograr una Soledad verde\u201d, afirm\u00f3 durante la jornada.<\/p>\n\n\n\n<p class=\"wp-block-paragraph\">Entre tanto, el gerente de Edumas, Fernando Valencia Solana, anunci\u00f3 que las jornadas de limpieza se replicar\u00e1n en otros parques y sitios recreativos del municipio, con el prop\u00f3sito de garantizar el disfrute de los solede\u00f1os en estos&nbsp; espacios.<\/p>\n","protected":false},"excerpt":{"rendered":"<p>La recolecci\u00f3n de basuras y la arborizaci\u00f3n se realiz\u00f3 en el parque el \u00b4Ralfy\u00b4, en el barrio Las Moras. Con la presencia de la Primera Gestora de Paz de Soledad, Alba Olaya de Herrera, se realiz\u00f3 una jornada de limpieza y arborizaci\u00f3n en el parque el \u2018Ralfy\u2019, en el barrio Las Moras. En la actividad [&hellip;]<\/p>\n","protected":false},"author":1,"featured_media":647,"comment_status":"open","ping_status":"open","sticky":false,"template":"","format":"standard","meta":{"footnotes":""},"categories":[26],"tags":[],"class_list":["post-646","post","type-post","status-publish","format-standard","has-post-thumbnail","hentry","category-noticias"],"yoast_head":"<!-- This site is optimized with the Yoast SEO plugin v27.4 - https:\/\/yoast.com\/product\/yoast-seo-wordpress\/ -->\n<title>Primera Dama y Edumas realizan jornada de limpieza y siembra de 40 \u00e1rboles - Edumas<\/title>\n<meta name=\"robots\" content=\"index, follow, max-snippet:-1, max-image-preview:large, max-video-preview:-1\" \/>\n<link rel=\"canonical\" href=\"https:\/\/edumas.gov.co\/inicio\/2017\/03\/02\/primera-dama-y-edumas-realizan-jornada-de-limpieza-y-siembra-de-40-arboles\/\" \/>\n<meta property=\"og:locale\" content=\"es_ES\" \/>\n<meta property=\"og:type\" content=\"article\" \/>\n<meta property=\"og:title\" content=\"Primera Dama y Edumas realizan jornada de limpieza y siembra de 40 \u00e1rboles - Edumas\" \/>\n<meta property=\"og:description\" content=\"La recolecci\u00f3n de basuras y la arborizaci\u00f3n se realiz\u00f3 en el parque el \u00b4Ralfy\u00b4, en el barrio Las Moras. Con la presencia de la Primera Gestora de Paz de Soledad, Alba Olaya de Herrera, se realiz\u00f3 una jornada de limpieza y arborizaci\u00f3n en el parque el \u2018Ralfy\u2019, en el barrio Las Moras. En la actividad [&hellip;]\" \/>\n<meta property=\"og:url\" content=\"https:\/\/edumas.gov.co\/inicio\/2017\/03\/02\/primera-dama-y-edumas-realizan-jornada-de-limpieza-y-siembra-de-40-arboles\/\" \/>\n<meta property=\"og:site_name\" content=\"Edumas\" \/>\n<meta property=\"article:published_time\" content=\"2017-03-02T19:47:00+00:00\" \/>\n<meta property=\"article:modified_time\" content=\"2023-10-06T20:15:29+00:00\" \/>\n<meta property=\"og:image\" content=\"https:\/\/edumas.gov.co\/wp-content\/uploads\/2023\/10\/PRIMERA-DAMA-Y-EDUMAS-REALIZAN-JORNADA-DE-LIMPIEZA-Y-SIEMBRA-DE-40-ARBOLES.jpg\" \/>\n\t<meta property=\"og:image:width\" content=\"800\" \/>\n\t<meta property=\"og:image:height\" content=\"500\" \/>\n\t<meta property=\"og:image:type\" content=\"image\/jpeg\" \/>\n<meta name=\"author\" content=\"edumas\" \/>\n<meta name=\"twitter:card\" content=\"summary_large_image\" \/>\n<meta name=\"twitter:label1\" content=\"Escrito por\" \/>\n\t<meta name=\"twitter:data1\" content=\"edumas\" \/>\n\t<meta name=\"twitter:label2\" content=\"Tiempo de lectura\" \/>\n\t<meta name=\"twitter:data2\" content=\"1 minuto\" \/>\n<script type=\"application\/ld+json\" class=\"yoast-schema-graph\">{\"@context\":\"https:\\\/\\\/schema.org\",\"@graph\":[{\"@type\":\"Article\",\"@id\":\"https:\\\/\\\/edumas.gov.co\\\/inicio\\\/2017\\\/03\\\/02\\\/primera-dama-y-edumas-realizan-jornada-de-limpieza-y-siembra-de-40-arboles\\\/#article\",\"isPartOf\":{\"@id\":\"https:\\\/\\\/edumas.gov.co\\\/inicio\\\/2017\\\/03\\\/02\\\/primera-dama-y-edumas-realizan-jornada-de-limpieza-y-siembra-de-40-arboles\\\/\"},\"author\":{\"name\":\"edumas\",\"@id\":\"https:\\\/\\\/edumas.gov.co\\\/inicio\\\/#\\\/schema\\\/person\\\/e2e82a662fd06864325b88811079b05a\"},\"headline\":\"Primera Dama y Edumas realizan jornada de limpieza y siembra de 40 \u00e1rboles\",\"datePublished\":\"2017-03-02T19:47:00+00:00\",\"dateModified\":\"2023-10-06T20:15:29+00:00\",\"mainEntityOfPage\":{\"@id\":\"https:\\\/\\\/edumas.gov.co\\\/inicio\\\/2017\\\/03\\\/02\\\/primera-dama-y-edumas-realizan-jornada-de-limpieza-y-siembra-de-40-arboles\\\/\"},\"wordCount\":293,\"commentCount\":0,\"publisher\":{\"@id\":\"https:\\\/\\\/edumas.gov.co\\\/inicio\\\/#organization\"},\"image\":{\"@id\":\"https:\\\/\\\/edumas.gov.co\\\/inicio\\\/2017\\\/03\\\/02\\\/primera-dama-y-edumas-realizan-jornada-de-limpieza-y-siembra-de-40-arboles\\\/#primaryimage\"},\"thumbnailUrl\":\"https:\\\/\\\/edumas.gov.co\\\/wp-content\\\/uploads\\\/2023\\\/10\\\/PRIMERA-DAMA-Y-EDUMAS-REALIZAN-JORNADA-DE-LIMPIEZA-Y-SIEMBRA-DE-40-ARBOLES.jpg\",\"articleSection\":[\"noticias\"],\"inLanguage\":\"es\",\"potentialAction\":[{\"@type\":\"CommentAction\",\"name\":\"Comment\",\"target\":[\"https:\\\/\\\/edumas.gov.co\\\/inicio\\\/2017\\\/03\\\/02\\\/primera-dama-y-edumas-realizan-jornada-de-limpieza-y-siembra-de-40-arboles\\\/#respond\"]}]},{\"@type\":\"WebPage\",\"@id\":\"https:\\\/\\\/edumas.gov.co\\\/inicio\\\/2017\\\/03\\\/02\\\/primera-dama-y-edumas-realizan-jornada-de-limpieza-y-siembra-de-40-arboles\\\/\",\"url\":\"https:\\\/\\\/edumas.gov.co\\\/inicio\\\/2017\\\/03\\\/02\\\/primera-dama-y-edumas-realizan-jornada-de-limpieza-y-siembra-de-40-arboles\\\/\",\"name\":\"Primera Dama y Edumas realizan jornada de limpieza y siembra de 40 \u00e1rboles - Edumas\",\"isPartOf\":{\"@id\":\"https:\\\/\\\/edumas.gov.co\\\/inicio\\\/#website\"},\"primaryImageOfPage\":{\"@id\":\"https:\\\/\\\/edumas.gov.co\\\/inicio\\\/2017\\\/03\\\/02\\\/primera-dama-y-edumas-realizan-jornada-de-limpieza-y-siembra-de-40-arboles\\\/#primaryimage\"},\"image\":{\"@id\":\"https:\\\/\\\/edumas.gov.co\\\/inicio\\\/2017\\\/03\\\/02\\\/primera-dama-y-edumas-realizan-jornada-de-limpieza-y-siembra-de-40-arboles\\\/#primaryimage\"},\"thumbnailUrl\":\"https:\\\/\\\/edumas.gov.co\\\/wp-content\\\/uploads\\\/2023\\\/10\\\/PRIMERA-DAMA-Y-EDUMAS-REALIZAN-JORNADA-DE-LIMPIEZA-Y-SIEMBRA-DE-40-ARBOLES.jpg\",\"datePublished\":\"2017-03-02T19:47:00+00:00\",\"dateModified\":\"2023-10-06T20:15:29+00:00\",\"breadcrumb\":{\"@id\":\"https:\\\/\\\/edumas.gov.co\\\/inicio\\\/2017\\\/03\\\/02\\\/primera-dama-y-edumas-realizan-jornada-de-limpieza-y-siembra-de-40-arboles\\\/#breadcrumb\"},\"inLanguage\":\"es\",\"potentialAction\":[{\"@type\":\"ReadAction\",\"target\":[\"https:\\\/\\\/edumas.gov.co\\\/inicio\\\/2017\\\/03\\\/02\\\/primera-dama-y-edumas-realizan-jornada-de-limpieza-y-siembra-de-40-arboles\\\/\"]}]},{\"@type\":\"ImageObject\",\"inLanguage\":\"es\",\"@id\":\"https:\\\/\\\/edumas.gov.co\\\/inicio\\\/2017\\\/03\\\/02\\\/primera-dama-y-edumas-realizan-jornada-de-limpieza-y-siembra-de-40-arboles\\\/#primaryimage\",\"url\":\"https:\\\/\\\/edumas.gov.co\\\/wp-content\\\/uploads\\\/2023\\\/10\\\/PRIMERA-DAMA-Y-EDUMAS-REALIZAN-JORNADA-DE-LIMPIEZA-Y-SIEMBRA-DE-40-ARBOLES.jpg\",\"contentUrl\":\"https:\\\/\\\/edumas.gov.co\\\/wp-content\\\/uploads\\\/2023\\\/10\\\/PRIMERA-DAMA-Y-EDUMAS-REALIZAN-JORNADA-DE-LIMPIEZA-Y-SIEMBRA-DE-40-ARBOLES.jpg\",\"width\":800,\"height\":500},{\"@type\":\"BreadcrumbList\",\"@id\":\"https:\\\/\\\/edumas.gov.co\\\/inicio\\\/2017\\\/03\\\/02\\\/primera-dama-y-edumas-realizan-jornada-de-limpieza-y-siembra-de-40-arboles\\\/#breadcrumb\",\"itemListElement\":[{\"@type\":\"ListItem\",\"position\":1,\"name\":\"Portada\",\"item\":\"https:\\\/\\\/edumas.gov.co\\\/inicio\\\/\"},{\"@type\":\"ListItem\",\"position\":2,\"name\":\"Primera Dama y Edumas realizan jornada de limpieza y siembra de 40 \u00e1rboles\"}]},{\"@type\":\"WebSite\",\"@id\":\"https:\\\/\\\/edumas.gov.co\\\/inicio\\\/#website\",\"url\":\"https:\\\/\\\/edumas.gov.co\\\/inicio\\\/\",\"name\":\"Edumas\",\"description\":\"Edumas\",\"publisher\":{\"@id\":\"https:\\\/\\\/edumas.gov.co\\\/inicio\\\/#organization\"},\"potentialAction\":[{\"@type\":\"SearchAction\",\"target\":{\"@type\":\"EntryPoint\",\"urlTemplate\":\"https:\\\/\\\/edumas.gov.co\\\/inicio\\\/?s={search_term_string}\"},\"query-input\":{\"@type\":\"PropertyValueSpecification\",\"valueRequired\":true,\"valueName\":\"search_term_string\"}}],\"inLanguage\":\"es\"},{\"@type\":\"Organization\",\"@id\":\"https:\\\/\\\/edumas.gov.co\\\/inicio\\\/#organization\",\"name\":\"Edumas\",\"url\":\"https:\\\/\\\/edumas.gov.co\\\/inicio\\\/\",\"logo\":{\"@type\":\"ImageObject\",\"inLanguage\":\"es\",\"@id\":\"https:\\\/\\\/edumas.gov.co\\\/inicio\\\/#\\\/schema\\\/logo\\\/image\\\/\",\"url\":\"https:\\\/\\\/edumas.gov.co\\\/wp-content\\\/uploads\\\/2024\\\/10\\\/Perfil-Instagram-PhotoRoom.png-PhotoRoom.png\",\"contentUrl\":\"https:\\\/\\\/edumas.gov.co\\\/wp-content\\\/uploads\\\/2024\\\/10\\\/Perfil-Instagram-PhotoRoom.png-PhotoRoom.png\",\"width\":648,\"height\":233,\"caption\":\"Edumas\"},\"image\":{\"@id\":\"https:\\\/\\\/edumas.gov.co\\\/inicio\\\/#\\\/schema\\\/logo\\\/image\\\/\"}},{\"@type\":\"Person\",\"@id\":\"https:\\\/\\\/edumas.gov.co\\\/inicio\\\/#\\\/schema\\\/person\\\/e2e82a662fd06864325b88811079b05a\",\"name\":\"edumas\",\"image\":{\"@type\":\"ImageObject\",\"inLanguage\":\"es\",\"@id\":\"https:\\\/\\\/edumas.gov.co\\\/wp-content\\\/uploads\\\/2025\\\/03\\\/WhatsApp-Image-2025-03-06-at-12.44.58-PM-150x150.jpeg\",\"url\":\"https:\\\/\\\/edumas.gov.co\\\/wp-content\\\/uploads\\\/2025\\\/03\\\/WhatsApp-Image-2025-03-06-at-12.44.58-PM-150x150.jpeg\",\"contentUrl\":\"https:\\\/\\\/edumas.gov.co\\\/wp-content\\\/uploads\\\/2025\\\/03\\\/WhatsApp-Image-2025-03-06-at-12.44.58-PM-150x150.jpeg\",\"caption\":\"edumas\"},\"sameAs\":[\"https:\\\/\\\/test.edumas.gov.co\"],\"url\":\"https:\\\/\\\/edumas.gov.co\\\/inicio\\\/author\\\/edumas\\\/\"}]}<\/script>\n<!-- \/ Yoast SEO plugin. -->","yoast_head_json":{"title":"Primera Dama y Edumas realizan jornada de limpieza y siembra de 40 \u00e1rboles - Edumas","robots":{"index":"index","follow":"follow","max-snippet":"max-snippet:-1","max-image-preview":"max-image-preview:large","max-video-preview":"max-video-preview:-1"},"canonical":"https:\/\/edumas.gov.co\/inicio\/2017\/03\/02\/primera-dama-y-edumas-realizan-jornada-de-limpieza-y-siembra-de-40-arboles\/","og_locale":"es_ES","og_type":"article","og_title":"Primera Dama y Edumas realizan jornada de limpieza y siembra de 40 \u00e1rboles - Edumas","og_description":"La recolecci\u00f3n de basuras y la arborizaci\u00f3n se realiz\u00f3 en el parque el \u00b4Ralfy\u00b4, en el barrio Las Moras. Con la presencia de la Primera Gestora de Paz de Soledad, Alba Olaya de Herrera, se realiz\u00f3 una jornada de limpieza y arborizaci\u00f3n en el parque el \u2018Ralfy\u2019, en el barrio Las Moras. En la actividad [&hellip;]","og_url":"https:\/\/edumas.gov.co\/inicio\/2017\/03\/02\/primera-dama-y-edumas-realizan-jornada-de-limpieza-y-siembra-de-40-arboles\/","og_site_name":"Edumas","article_published_time":"2017-03-02T19:47:00+00:00","article_modified_time":"2023-10-06T20:15:29+00:00","og_image":[{"width":800,"height":500,"url":"https:\/\/edumas.gov.co\/wp-content\/uploads\/2023\/10\/PRIMERA-DAMA-Y-EDUMAS-REALIZAN-JORNADA-DE-LIMPIEZA-Y-SIEMBRA-DE-40-ARBOLES.jpg","type":"image\/jpeg"}],"author":"edumas","twitter_card":"summary_large_image","twitter_misc":{"Escrito por":"edumas","Tiempo de lectura":"1 minuto"},"schema":{"@context":"https:\/\/schema.org","@graph":[{"@type":"Article","@id":"https:\/\/edumas.gov.co\/inicio\/2017\/03\/02\/primera-dama-y-edumas-realizan-jornada-de-limpieza-y-siembra-de-40-arboles\/#article","isPartOf":{"@id":"https:\/\/edumas.gov.co\/inicio\/2017\/03\/02\/primera-dama-y-edumas-realizan-jornada-de-limpieza-y-siembra-de-40-arboles\/"},"author":{"name":"edumas","@id":"https:\/\/edumas.gov.co\/inicio\/#\/schema\/person\/e2e82a662fd06864325b88811079b05a"},"headline":"Primera Dama y Edumas realizan jornada de limpieza y siembra de 40 \u00e1rboles","datePublished":"2017-03-02T19:47:00+00:00","dateModified":"2023-10-06T20:15:29+00:00","mainEntityOfPage":{"@id":"https:\/\/edumas.gov.co\/inicio\/2017\/03\/02\/primera-dama-y-edumas-realizan-jornada-de-limpieza-y-siembra-de-40-arboles\/"},"wordCount":293,"commentCount":0,"publisher":{"@id":"https:\/\/edumas.gov.co\/inicio\/#organization"},"image":{"@id":"https:\/\/edumas.gov.co\/inicio\/2017\/03\/02\/primera-dama-y-edumas-realizan-jornada-de-limpieza-y-siembra-de-40-arboles\/#primaryimage"},"thumbnailUrl":"https:\/\/edumas.gov.co\/wp-content\/uploads\/2023\/10\/PRIMERA-DAMA-Y-EDUMAS-REALIZAN-JORNADA-DE-LIMPIEZA-Y-SIEMBRA-DE-40-ARBOLES.jpg","articleSection":["noticias"],"inLanguage":"es","potentialAction":[{"@type":"CommentAction","name":"Comment","target":["https:\/\/edumas.gov.co\/inicio\/2017\/03\/02\/primera-dama-y-edumas-realizan-jornada-de-limpieza-y-siembra-de-40-arboles\/#respond"]}]},{"@type":"WebPage","@id":"https:\/\/edumas.gov.co\/inicio\/2017\/03\/02\/primera-dama-y-edumas-realizan-jornada-de-limpieza-y-siembra-de-40-arboles\/","url":"https:\/\/edumas.gov.co\/inicio\/2017\/03\/02\/primera-dama-y-edumas-realizan-jornada-de-limpieza-y-siembra-de-40-arboles\/","name":"Primera Dama y Edumas realizan jornada de limpieza y siembra de 40 \u00e1rboles - Edumas","isPartOf":{"@id":"https:\/\/edumas.gov.co\/inicio\/#website"},"primaryImageOfPage":{"@id":"https:\/\/edumas.gov.co\/inicio\/2017\/03\/02\/primera-dama-y-edumas-realizan-jornada-de-limpieza-y-siembra-de-40-arboles\/#primaryimage"},"image":{"@id":"https:\/\/edumas.gov.co\/inicio\/2017\/03\/02\/primera-dama-y-edumas-realizan-jornada-de-limpieza-y-siembra-de-40-arboles\/#primaryimage"},"thumbnailUrl":"https:\/\/edumas.gov.co\/wp-content\/uploads\/2023\/10\/PRIMERA-DAMA-Y-EDUMAS-REALIZAN-JORNADA-DE-LIMPIEZA-Y-SIEMBRA-DE-40-ARBOLES.jpg","datePublished":"2017-03-02T19:47:00+00:00","dateModified":"2023-10-06T20:15:29+00:00","breadcrumb":{"@id":"https:\/\/edumas.gov.co\/inicio\/2017\/03\/02\/primera-dama-y-edumas-realizan-jornada-de-limpieza-y-siembra-de-40-arboles\/#breadcrumb"},"inLanguage":"es","potentialAction":[{"@type":"ReadAction","target":["https:\/\/edumas.gov.co\/inicio\/2017\/03\/02\/primera-dama-y-edumas-realizan-jornada-de-limpieza-y-siembra-de-40-arboles\/"]}]},{"@type":"ImageObject","inLanguage":"es","@id":"https:\/\/edumas.gov.co\/inicio\/2017\/03\/02\/primera-dama-y-edumas-realizan-jornada-de-limpieza-y-siembra-de-40-arboles\/#primaryimage","url":"https:\/\/edumas.gov.co\/wp-content\/uploads\/2023\/10\/PRIMERA-DAMA-Y-EDUMAS-REALIZAN-JORNADA-DE-LIMPIEZA-Y-SIEMBRA-DE-40-ARBOLES.jpg","contentUrl":"https:\/\/edumas.gov.co\/wp-content\/uploads\/2023\/10\/PRIMERA-DAMA-Y-EDUMAS-REALIZAN-JORNADA-DE-LIMPIEZA-Y-SIEMBRA-DE-40-ARBOLES.jpg","width":800,"height":500},{"@type":"BreadcrumbList","@id":"https:\/\/edumas.gov.co\/inicio\/2017\/03\/02\/primera-dama-y-edumas-realizan-jornada-de-limpieza-y-siembra-de-40-arboles\/#breadcrumb","itemListElement":[{"@type":"ListItem","position":1,"name":"Portada","item":"https:\/\/edumas.gov.co\/inicio\/"},{"@type":"ListItem","position":2,"name":"Primera Dama y Edumas realizan jornada de limpieza y siembra de 40 \u00e1rboles"}]},{"@type":"WebSite","@id":"https:\/\/edumas.gov.co\/inicio\/#website","url":"https:\/\/edumas.gov.co\/inicio\/","name":"Edumas","description":"Edumas","publisher":{"@id":"https:\/\/edumas.gov.co\/inicio\/#organization"},"potentialAction":[{"@type":"SearchAction","target":{"@type":"EntryPoint","urlTemplate":"https:\/\/edumas.gov.co\/inicio\/?s={search_term_string}"},"query-input":{"@type":"PropertyValueSpecification","valueRequired":true,"valueName":"search_term_string"}}],"inLanguage":"es"},{"@type":"Organization","@id":"https:\/\/edumas.gov.co\/inicio\/#organization","name":"Edumas","url":"https:\/\/edumas.gov.co\/inicio\/","logo":{"@type":"ImageObject","inLanguage":"es","@id":"https:\/\/edumas.gov.co\/inicio\/#\/schema\/logo\/image\/","url":"https:\/\/edumas.gov.co\/wp-content\/uploads\/2024\/10\/Perfil-Instagram-PhotoRoom.png-PhotoRoom.png","contentUrl":"https:\/\/edumas.gov.co\/wp-content\/uploads\/2024\/10\/Perfil-Instagram-PhotoRoom.png-PhotoRoom.png","width":648,"height":233,"caption":"Edumas"},"image":{"@id":"https:\/\/edumas.gov.co\/inicio\/#\/schema\/logo\/image\/"}},{"@type":"Person","@id":"https:\/\/edumas.gov.co\/inicio\/#\/schema\/person\/e2e82a662fd06864325b88811079b05a","name":"edumas","image":{"@type":"ImageObject","inLanguage":"es","@id":"https:\/\/edumas.gov.co\/wp-content\/uploads\/2025\/03\/WhatsApp-Image-2025-03-06-at-12.44.58-PM-150x150.jpeg","url":"https:\/\/edumas.gov.co\/wp-content\/uploads\/2025\/03\/WhatsApp-Image-2025-03-06-at-12.44.58-PM-150x150.jpeg","contentUrl":"https:\/\/edumas.gov.co\/wp-content\/uploads\/2025\/03\/WhatsApp-Image-2025-03-06-at-12.44.58-PM-150x150.jpeg","caption":"edumas"},"sameAs":["https:\/\/test.edumas.gov.co"],"url":"https:\/\/edumas.gov.co\/inicio\/author\/edumas\/"}]}},"_links":{"self":[{"href":"https:\/\/edumas.gov.co\/inicio\/wp-json\/wp\/v2\/posts\/646","targetHints":{"allow":["GET"]}}],"collection":[{"href":"https:\/\/edumas.gov.co\/inicio\/wp-json\/wp\/v2\/posts"}],"about":[{"href":"https:\/\/edumas.gov.co\/inicio\/wp-json\/wp\/v2\/types\/post"}],"author":[{"embeddable":true,"href":"https:\/\/edumas.gov.co\/inicio\/wp-json\/wp\/v2\/users\/1"}],"replies":[{"embeddable":true,"href":"https:\/\/edumas.gov.co\/inicio\/wp-json\/wp\/v2\/comments?post=646"}],"version-history":[{"count":1,"href":"https:\/\/edumas.gov.co\/inicio\/wp-json\/wp\/v2\/posts\/646\/revisions"}],"predecessor-version":[{"id":648,"href":"https:\/\/edumas.gov.co\/inicio\/wp-json\/wp\/v2\/posts\/646\/revisions\/648"}],"wp:featuredmedia":[{"embeddable":true,"href":"https:\/\/edumas.gov.co\/inicio\/wp-json\/wp\/v2\/media\/647"}],"wp:attachment":[{"href":"https:\/\/edumas.gov.co\/inicio\/wp-json\/wp\/v2\/media?parent=646"}],"wp:term":[{"taxonomy":"category","embeddable":true,"href":"https:\/\/edumas.gov.co\/inicio\/wp-json\/wp\/v2\/categories?post=646"},{"taxonomy":"post_tag","embeddable":true,"href":"https:\/\/edumas.gov.co\/inicio\/wp-json\/wp\/v2\/tags?post=646"}],"curies":[{"name":"wp","href":"https:\/\/api.w.org\/{rel}","templated":true}]}}