{"id":686,"date":"2018-09-19T17:28:00","date_gmt":"2018-09-19T17:28:00","guid":{"rendered":"https:\/\/test.edumas.gov.co\/?p=686"},"modified":"2023-10-11T17:30:25","modified_gmt":"2023-10-11T17:30:25","slug":"alcalde-de-soledad-joao-herrera-anuncio-medidas-correctivas-contra-infractores-del-medio-ambiente","status":"publish","type":"post","link":"https:\/\/edumas.gov.co\/inicio\/2018\/09\/19\/alcalde-de-soledad-joao-herrera-anuncio-medidas-correctivas-contra-infractores-del-medio-ambiente\/","title":{"rendered":"Alcalde de Soledad, Joao Herrera, anunci\u00f3 medidas correctivas contra infractores del medio ambiente"},"content":{"rendered":"\n<ul class=\"wp-block-list\">\n<li>El anuncio lo hizo el mandatario durante el evento de instalaci\u00f3n de la caneca n\u00famero 100, dispuestas para peatones.<\/li>\n\n\n\n<li>Se anunci\u00f3 \u2018mano dura\u2019 para todo aquel que sea sorprendido arrojando basura en los horarios no establecidos y lugares no autorizados.<\/li>\n<\/ul>\n\n\n\n<p class=\"wp-block-paragraph\">\u201cSolede\u00f1os hagamos de Soledad, una ciudad limpia, hemos empezado una lucha contra aquellos reincidentes que colocan basuras en las puertas de sus negocios o de sus casas. Vamos a hacer respetar el c\u00f3digo de polic\u00eda\u201d, en este sentido el alcalde de Soledad, Joao Herrera, enfatiz\u00f3 sobre las medidas sancionatorias en contra de quienes infrinjan la ley, ocasionando da\u00f1os al medio ambiente.<\/p>\n\n\n\n<p class=\"wp-block-paragraph\">Las medidas sancionatorias est\u00e1n basadas en la normatividad legal vigente en materia del medio ambiente y del nuevo C\u00f3digo de Polic\u00eda, expedido mediante la Ley 1801 del 29 de julio de 2016. Existen cuatro tipos de multas generales que van desde los $104.165 pesos (4 SMDLV) hasta los $833.324 pesos (32 SMDLV).<\/p>\n\n\n\n<p class=\"wp-block-paragraph\">El mandatario hizo este llamado de atenci\u00f3n a los infractores, durante la instalaci\u00f3n de la caneca n\u00famero 100, de un total de 120, dispuestas para el adecuado manejo de residuos. Con ello se busca disminuir el impacto negativo sobre el medio ambiente.<\/p>\n\n\n\n<p class=\"wp-block-paragraph\">Las canecas instaladas en sitios estrat\u00e9gicos del municipio, entre ellos parques, canchas, plaza y otros de afluencia peatonal, son para uso exclusivo de los peatones y no para disposici\u00f3n de los hogares, considerando que las familias solede\u00f1as ya cuentan con un proceso de recogimiento de los residuos coordinado por InterAseo.<\/p>\n","protected":false},"excerpt":{"rendered":"<p>\u201cSolede\u00f1os hagamos de Soledad, una ciudad limpia, hemos empezado una lucha contra aquellos reincidentes que colocan basuras en las puertas de sus negocios o de sus casas. Vamos a hacer respetar el c\u00f3digo de polic\u00eda\u201d, en este sentido el alcalde de Soledad, Joao Herrera, enfatiz\u00f3 sobre las medidas sancionatorias en contra de quienes infrinjan la [&hellip;]<\/p>\n","protected":false},"author":1,"featured_media":687,"comment_status":"open","ping_status":"open","sticky":false,"template":"","format":"standard","meta":{"footnotes":""},"categories":[26],"tags":[],"class_list":["post-686","post","type-post","status-publish","format-standard","has-post-thumbnail","hentry","category-noticias"],"yoast_head":"<!-- This site is optimized with the Yoast SEO plugin v27.4 - https:\/\/yoast.com\/product\/yoast-seo-wordpress\/ -->\n<title>Alcalde de Soledad, Joao Herrera, anunci\u00f3 medidas correctivas contra infractores del medio ambiente - Edumas<\/title>\n<meta name=\"robots\" content=\"index, follow, max-snippet:-1, max-image-preview:large, max-video-preview:-1\" \/>\n<link rel=\"canonical\" href=\"https:\/\/edumas.gov.co\/inicio\/2018\/09\/19\/alcalde-de-soledad-joao-herrera-anuncio-medidas-correctivas-contra-infractores-del-medio-ambiente\/\" \/>\n<meta property=\"og:locale\" content=\"es_ES\" \/>\n<meta property=\"og:type\" content=\"article\" \/>\n<meta property=\"og:title\" content=\"Alcalde de Soledad, Joao Herrera, anunci\u00f3 medidas correctivas contra infractores del medio ambiente - Edumas\" \/>\n<meta property=\"og:description\" content=\"\u201cSolede\u00f1os hagamos de Soledad, una ciudad limpia, hemos empezado una lucha contra aquellos reincidentes que colocan basuras en las puertas de sus negocios o de sus casas. Vamos a hacer respetar el c\u00f3digo de polic\u00eda\u201d, en este sentido el alcalde de Soledad, Joao Herrera, enfatiz\u00f3 sobre las medidas sancionatorias en contra de quienes infrinjan la [&hellip;]\" \/>\n<meta property=\"og:url\" content=\"https:\/\/edumas.gov.co\/inicio\/2018\/09\/19\/alcalde-de-soledad-joao-herrera-anuncio-medidas-correctivas-contra-infractores-del-medio-ambiente\/\" \/>\n<meta property=\"og:site_name\" content=\"Edumas\" \/>\n<meta property=\"article:published_time\" content=\"2018-09-19T17:28:00+00:00\" \/>\n<meta property=\"article:modified_time\" content=\"2023-10-11T17:30:25+00:00\" \/>\n<meta property=\"og:image\" content=\"https:\/\/edumas.gov.co\/wp-content\/uploads\/2023\/10\/Alcalde-de-Soledad-Joao-Herrera-anuncio-medidas-correctivas-contra-infractores-del-medio-ambiente.jpeg\" \/>\n\t<meta property=\"og:image:width\" content=\"1280\" \/>\n\t<meta property=\"og:image:height\" content=\"847\" \/>\n\t<meta property=\"og:image:type\" content=\"image\/jpeg\" \/>\n<meta name=\"author\" content=\"edumas\" \/>\n<meta name=\"twitter:card\" content=\"summary_large_image\" \/>\n<meta name=\"twitter:label1\" content=\"Escrito por\" \/>\n\t<meta name=\"twitter:data1\" content=\"edumas\" \/>\n\t<meta name=\"twitter:label2\" content=\"Tiempo de lectura\" \/>\n\t<meta name=\"twitter:data2\" content=\"1 minuto\" \/>\n<script type=\"application\/ld+json\" class=\"yoast-schema-graph\">{\"@context\":\"https:\\\/\\\/schema.org\",\"@graph\":[{\"@type\":\"Article\",\"@id\":\"https:\\\/\\\/edumas.gov.co\\\/inicio\\\/2018\\\/09\\\/19\\\/alcalde-de-soledad-joao-herrera-anuncio-medidas-correctivas-contra-infractores-del-medio-ambiente\\\/#article\",\"isPartOf\":{\"@id\":\"https:\\\/\\\/edumas.gov.co\\\/inicio\\\/2018\\\/09\\\/19\\\/alcalde-de-soledad-joao-herrera-anuncio-medidas-correctivas-contra-infractores-del-medio-ambiente\\\/\"},\"author\":{\"name\":\"edumas\",\"@id\":\"https:\\\/\\\/edumas.gov.co\\\/inicio\\\/#\\\/schema\\\/person\\\/e2e82a662fd06864325b88811079b05a\"},\"headline\":\"Alcalde de Soledad, Joao Herrera, anunci\u00f3 medidas correctivas contra infractores del medio ambiente\",\"datePublished\":\"2018-09-19T17:28:00+00:00\",\"dateModified\":\"2023-10-11T17:30:25+00:00\",\"mainEntityOfPage\":{\"@id\":\"https:\\\/\\\/edumas.gov.co\\\/inicio\\\/2018\\\/09\\\/19\\\/alcalde-de-soledad-joao-herrera-anuncio-medidas-correctivas-contra-infractores-del-medio-ambiente\\\/\"},\"wordCount\":263,\"commentCount\":0,\"publisher\":{\"@id\":\"https:\\\/\\\/edumas.gov.co\\\/inicio\\\/#organization\"},\"image\":{\"@id\":\"https:\\\/\\\/edumas.gov.co\\\/inicio\\\/2018\\\/09\\\/19\\\/alcalde-de-soledad-joao-herrera-anuncio-medidas-correctivas-contra-infractores-del-medio-ambiente\\\/#primaryimage\"},\"thumbnailUrl\":\"https:\\\/\\\/edumas.gov.co\\\/wp-content\\\/uploads\\\/2023\\\/10\\\/Alcalde-de-Soledad-Joao-Herrera-anuncio-medidas-correctivas-contra-infractores-del-medio-ambiente.jpeg\",\"articleSection\":[\"noticias\"],\"inLanguage\":\"es\",\"potentialAction\":[{\"@type\":\"CommentAction\",\"name\":\"Comment\",\"target\":[\"https:\\\/\\\/edumas.gov.co\\\/inicio\\\/2018\\\/09\\\/19\\\/alcalde-de-soledad-joao-herrera-anuncio-medidas-correctivas-contra-infractores-del-medio-ambiente\\\/#respond\"]}]},{\"@type\":\"WebPage\",\"@id\":\"https:\\\/\\\/edumas.gov.co\\\/inicio\\\/2018\\\/09\\\/19\\\/alcalde-de-soledad-joao-herrera-anuncio-medidas-correctivas-contra-infractores-del-medio-ambiente\\\/\",\"url\":\"https:\\\/\\\/edumas.gov.co\\\/inicio\\\/2018\\\/09\\\/19\\\/alcalde-de-soledad-joao-herrera-anuncio-medidas-correctivas-contra-infractores-del-medio-ambiente\\\/\",\"name\":\"Alcalde de Soledad, Joao Herrera, anunci\u00f3 medidas correctivas contra infractores del medio ambiente - Edumas\",\"isPartOf\":{\"@id\":\"https:\\\/\\\/edumas.gov.co\\\/inicio\\\/#website\"},\"primaryImageOfPage\":{\"@id\":\"https:\\\/\\\/edumas.gov.co\\\/inicio\\\/2018\\\/09\\\/19\\\/alcalde-de-soledad-joao-herrera-anuncio-medidas-correctivas-contra-infractores-del-medio-ambiente\\\/#primaryimage\"},\"image\":{\"@id\":\"https:\\\/\\\/edumas.gov.co\\\/inicio\\\/2018\\\/09\\\/19\\\/alcalde-de-soledad-joao-herrera-anuncio-medidas-correctivas-contra-infractores-del-medio-ambiente\\\/#primaryimage\"},\"thumbnailUrl\":\"https:\\\/\\\/edumas.gov.co\\\/wp-content\\\/uploads\\\/2023\\\/10\\\/Alcalde-de-Soledad-Joao-Herrera-anuncio-medidas-correctivas-contra-infractores-del-medio-ambiente.jpeg\",\"datePublished\":\"2018-09-19T17:28:00+00:00\",\"dateModified\":\"2023-10-11T17:30:25+00:00\",\"breadcrumb\":{\"@id\":\"https:\\\/\\\/edumas.gov.co\\\/inicio\\\/2018\\\/09\\\/19\\\/alcalde-de-soledad-joao-herrera-anuncio-medidas-correctivas-contra-infractores-del-medio-ambiente\\\/#breadcrumb\"},\"inLanguage\":\"es\",\"potentialAction\":[{\"@type\":\"ReadAction\",\"target\":[\"https:\\\/\\\/edumas.gov.co\\\/inicio\\\/2018\\\/09\\\/19\\\/alcalde-de-soledad-joao-herrera-anuncio-medidas-correctivas-contra-infractores-del-medio-ambiente\\\/\"]}]},{\"@type\":\"ImageObject\",\"inLanguage\":\"es\",\"@id\":\"https:\\\/\\\/edumas.gov.co\\\/inicio\\\/2018\\\/09\\\/19\\\/alcalde-de-soledad-joao-herrera-anuncio-medidas-correctivas-contra-infractores-del-medio-ambiente\\\/#primaryimage\",\"url\":\"https:\\\/\\\/edumas.gov.co\\\/wp-content\\\/uploads\\\/2023\\\/10\\\/Alcalde-de-Soledad-Joao-Herrera-anuncio-medidas-correctivas-contra-infractores-del-medio-ambiente.jpeg\",\"contentUrl\":\"https:\\\/\\\/edumas.gov.co\\\/wp-content\\\/uploads\\\/2023\\\/10\\\/Alcalde-de-Soledad-Joao-Herrera-anuncio-medidas-correctivas-contra-infractores-del-medio-ambiente.jpeg\",\"width\":1280,\"height\":847},{\"@type\":\"BreadcrumbList\",\"@id\":\"https:\\\/\\\/edumas.gov.co\\\/inicio\\\/2018\\\/09\\\/19\\\/alcalde-de-soledad-joao-herrera-anuncio-medidas-correctivas-contra-infractores-del-medio-ambiente\\\/#breadcrumb\",\"itemListElement\":[{\"@type\":\"ListItem\",\"position\":1,\"name\":\"Portada\",\"item\":\"https:\\\/\\\/edumas.gov.co\\\/inicio\\\/\"},{\"@type\":\"ListItem\",\"position\":2,\"name\":\"Alcalde de Soledad, Joao Herrera, anunci\u00f3 medidas correctivas contra infractores del medio ambiente\"}]},{\"@type\":\"WebSite\",\"@id\":\"https:\\\/\\\/edumas.gov.co\\\/inicio\\\/#website\",\"url\":\"https:\\\/\\\/edumas.gov.co\\\/inicio\\\/\",\"name\":\"Edumas\",\"description\":\"Edumas\",\"publisher\":{\"@id\":\"https:\\\/\\\/edumas.gov.co\\\/inicio\\\/#organization\"},\"potentialAction\":[{\"@type\":\"SearchAction\",\"target\":{\"@type\":\"EntryPoint\",\"urlTemplate\":\"https:\\\/\\\/edumas.gov.co\\\/inicio\\\/?s={search_term_string}\"},\"query-input\":{\"@type\":\"PropertyValueSpecification\",\"valueRequired\":true,\"valueName\":\"search_term_string\"}}],\"inLanguage\":\"es\"},{\"@type\":\"Organization\",\"@id\":\"https:\\\/\\\/edumas.gov.co\\\/inicio\\\/#organization\",\"name\":\"Edumas\",\"url\":\"https:\\\/\\\/edumas.gov.co\\\/inicio\\\/\",\"logo\":{\"@type\":\"ImageObject\",\"inLanguage\":\"es\",\"@id\":\"https:\\\/\\\/edumas.gov.co\\\/inicio\\\/#\\\/schema\\\/logo\\\/image\\\/\",\"url\":\"https:\\\/\\\/edumas.gov.co\\\/wp-content\\\/uploads\\\/2024\\\/10\\\/Perfil-Instagram-PhotoRoom.png-PhotoRoom.png\",\"contentUrl\":\"https:\\\/\\\/edumas.gov.co\\\/wp-content\\\/uploads\\\/2024\\\/10\\\/Perfil-Instagram-PhotoRoom.png-PhotoRoom.png\",\"width\":648,\"height\":233,\"caption\":\"Edumas\"},\"image\":{\"@id\":\"https:\\\/\\\/edumas.gov.co\\\/inicio\\\/#\\\/schema\\\/logo\\\/image\\\/\"}},{\"@type\":\"Person\",\"@id\":\"https:\\\/\\\/edumas.gov.co\\\/inicio\\\/#\\\/schema\\\/person\\\/e2e82a662fd06864325b88811079b05a\",\"name\":\"edumas\",\"image\":{\"@type\":\"ImageObject\",\"inLanguage\":\"es\",\"@id\":\"https:\\\/\\\/edumas.gov.co\\\/wp-content\\\/uploads\\\/2025\\\/03\\\/WhatsApp-Image-2025-03-06-at-12.44.58-PM-150x150.jpeg\",\"url\":\"https:\\\/\\\/edumas.gov.co\\\/wp-content\\\/uploads\\\/2025\\\/03\\\/WhatsApp-Image-2025-03-06-at-12.44.58-PM-150x150.jpeg\",\"contentUrl\":\"https:\\\/\\\/edumas.gov.co\\\/wp-content\\\/uploads\\\/2025\\\/03\\\/WhatsApp-Image-2025-03-06-at-12.44.58-PM-150x150.jpeg\",\"caption\":\"edumas\"},\"sameAs\":[\"https:\\\/\\\/test.edumas.gov.co\"],\"url\":\"https:\\\/\\\/edumas.gov.co\\\/inicio\\\/author\\\/edumas\\\/\"}]}<\/script>\n<!-- \/ Yoast SEO plugin. -->","yoast_head_json":{"title":"Alcalde de Soledad, Joao Herrera, anunci\u00f3 medidas correctivas contra infractores del medio ambiente - Edumas","robots":{"index":"index","follow":"follow","max-snippet":"max-snippet:-1","max-image-preview":"max-image-preview:large","max-video-preview":"max-video-preview:-1"},"canonical":"https:\/\/edumas.gov.co\/inicio\/2018\/09\/19\/alcalde-de-soledad-joao-herrera-anuncio-medidas-correctivas-contra-infractores-del-medio-ambiente\/","og_locale":"es_ES","og_type":"article","og_title":"Alcalde de Soledad, Joao Herrera, anunci\u00f3 medidas correctivas contra infractores del medio ambiente - Edumas","og_description":"\u201cSolede\u00f1os hagamos de Soledad, una ciudad limpia, hemos empezado una lucha contra aquellos reincidentes que colocan basuras en las puertas de sus negocios o de sus casas. Vamos a hacer respetar el c\u00f3digo de polic\u00eda\u201d, en este sentido el alcalde de Soledad, Joao Herrera, enfatiz\u00f3 sobre las medidas sancionatorias en contra de quienes infrinjan la [&hellip;]","og_url":"https:\/\/edumas.gov.co\/inicio\/2018\/09\/19\/alcalde-de-soledad-joao-herrera-anuncio-medidas-correctivas-contra-infractores-del-medio-ambiente\/","og_site_name":"Edumas","article_published_time":"2018-09-19T17:28:00+00:00","article_modified_time":"2023-10-11T17:30:25+00:00","og_image":[{"width":1280,"height":847,"url":"https:\/\/edumas.gov.co\/wp-content\/uploads\/2023\/10\/Alcalde-de-Soledad-Joao-Herrera-anuncio-medidas-correctivas-contra-infractores-del-medio-ambiente.jpeg","type":"image\/jpeg"}],"author":"edumas","twitter_card":"summary_large_image","twitter_misc":{"Escrito por":"edumas","Tiempo de lectura":"1 minuto"},"schema":{"@context":"https:\/\/schema.org","@graph":[{"@type":"Article","@id":"https:\/\/edumas.gov.co\/inicio\/2018\/09\/19\/alcalde-de-soledad-joao-herrera-anuncio-medidas-correctivas-contra-infractores-del-medio-ambiente\/#article","isPartOf":{"@id":"https:\/\/edumas.gov.co\/inicio\/2018\/09\/19\/alcalde-de-soledad-joao-herrera-anuncio-medidas-correctivas-contra-infractores-del-medio-ambiente\/"},"author":{"name":"edumas","@id":"https:\/\/edumas.gov.co\/inicio\/#\/schema\/person\/e2e82a662fd06864325b88811079b05a"},"headline":"Alcalde de Soledad, Joao Herrera, anunci\u00f3 medidas correctivas contra infractores del medio ambiente","datePublished":"2018-09-19T17:28:00+00:00","dateModified":"2023-10-11T17:30:25+00:00","mainEntityOfPage":{"@id":"https:\/\/edumas.gov.co\/inicio\/2018\/09\/19\/alcalde-de-soledad-joao-herrera-anuncio-medidas-correctivas-contra-infractores-del-medio-ambiente\/"},"wordCount":263,"commentCount":0,"publisher":{"@id":"https:\/\/edumas.gov.co\/inicio\/#organization"},"image":{"@id":"https:\/\/edumas.gov.co\/inicio\/2018\/09\/19\/alcalde-de-soledad-joao-herrera-anuncio-medidas-correctivas-contra-infractores-del-medio-ambiente\/#primaryimage"},"thumbnailUrl":"https:\/\/edumas.gov.co\/wp-content\/uploads\/2023\/10\/Alcalde-de-Soledad-Joao-Herrera-anuncio-medidas-correctivas-contra-infractores-del-medio-ambiente.jpeg","articleSection":["noticias"],"inLanguage":"es","potentialAction":[{"@type":"CommentAction","name":"Comment","target":["https:\/\/edumas.gov.co\/inicio\/2018\/09\/19\/alcalde-de-soledad-joao-herrera-anuncio-medidas-correctivas-contra-infractores-del-medio-ambiente\/#respond"]}]},{"@type":"WebPage","@id":"https:\/\/edumas.gov.co\/inicio\/2018\/09\/19\/alcalde-de-soledad-joao-herrera-anuncio-medidas-correctivas-contra-infractores-del-medio-ambiente\/","url":"https:\/\/edumas.gov.co\/inicio\/2018\/09\/19\/alcalde-de-soledad-joao-herrera-anuncio-medidas-correctivas-contra-infractores-del-medio-ambiente\/","name":"Alcalde de Soledad, Joao Herrera, anunci\u00f3 medidas correctivas contra infractores del medio ambiente - Edumas","isPartOf":{"@id":"https:\/\/edumas.gov.co\/inicio\/#website"},"primaryImageOfPage":{"@id":"https:\/\/edumas.gov.co\/inicio\/2018\/09\/19\/alcalde-de-soledad-joao-herrera-anuncio-medidas-correctivas-contra-infractores-del-medio-ambiente\/#primaryimage"},"image":{"@id":"https:\/\/edumas.gov.co\/inicio\/2018\/09\/19\/alcalde-de-soledad-joao-herrera-anuncio-medidas-correctivas-contra-infractores-del-medio-ambiente\/#primaryimage"},"thumbnailUrl":"https:\/\/edumas.gov.co\/wp-content\/uploads\/2023\/10\/Alcalde-de-Soledad-Joao-Herrera-anuncio-medidas-correctivas-contra-infractores-del-medio-ambiente.jpeg","datePublished":"2018-09-19T17:28:00+00:00","dateModified":"2023-10-11T17:30:25+00:00","breadcrumb":{"@id":"https:\/\/edumas.gov.co\/inicio\/2018\/09\/19\/alcalde-de-soledad-joao-herrera-anuncio-medidas-correctivas-contra-infractores-del-medio-ambiente\/#breadcrumb"},"inLanguage":"es","potentialAction":[{"@type":"ReadAction","target":["https:\/\/edumas.gov.co\/inicio\/2018\/09\/19\/alcalde-de-soledad-joao-herrera-anuncio-medidas-correctivas-contra-infractores-del-medio-ambiente\/"]}]},{"@type":"ImageObject","inLanguage":"es","@id":"https:\/\/edumas.gov.co\/inicio\/2018\/09\/19\/alcalde-de-soledad-joao-herrera-anuncio-medidas-correctivas-contra-infractores-del-medio-ambiente\/#primaryimage","url":"https:\/\/edumas.gov.co\/wp-content\/uploads\/2023\/10\/Alcalde-de-Soledad-Joao-Herrera-anuncio-medidas-correctivas-contra-infractores-del-medio-ambiente.jpeg","contentUrl":"https:\/\/edumas.gov.co\/wp-content\/uploads\/2023\/10\/Alcalde-de-Soledad-Joao-Herrera-anuncio-medidas-correctivas-contra-infractores-del-medio-ambiente.jpeg","width":1280,"height":847},{"@type":"BreadcrumbList","@id":"https:\/\/edumas.gov.co\/inicio\/2018\/09\/19\/alcalde-de-soledad-joao-herrera-anuncio-medidas-correctivas-contra-infractores-del-medio-ambiente\/#breadcrumb","itemListElement":[{"@type":"ListItem","position":1,"name":"Portada","item":"https:\/\/edumas.gov.co\/inicio\/"},{"@type":"ListItem","position":2,"name":"Alcalde de Soledad, Joao Herrera, anunci\u00f3 medidas correctivas contra infractores del medio ambiente"}]},{"@type":"WebSite","@id":"https:\/\/edumas.gov.co\/inicio\/#website","url":"https:\/\/edumas.gov.co\/inicio\/","name":"Edumas","description":"Edumas","publisher":{"@id":"https:\/\/edumas.gov.co\/inicio\/#organization"},"potentialAction":[{"@type":"SearchAction","target":{"@type":"EntryPoint","urlTemplate":"https:\/\/edumas.gov.co\/inicio\/?s={search_term_string}"},"query-input":{"@type":"PropertyValueSpecification","valueRequired":true,"valueName":"search_term_string"}}],"inLanguage":"es"},{"@type":"Organization","@id":"https:\/\/edumas.gov.co\/inicio\/#organization","name":"Edumas","url":"https:\/\/edumas.gov.co\/inicio\/","logo":{"@type":"ImageObject","inLanguage":"es","@id":"https:\/\/edumas.gov.co\/inicio\/#\/schema\/logo\/image\/","url":"https:\/\/edumas.gov.co\/wp-content\/uploads\/2024\/10\/Perfil-Instagram-PhotoRoom.png-PhotoRoom.png","contentUrl":"https:\/\/edumas.gov.co\/wp-content\/uploads\/2024\/10\/Perfil-Instagram-PhotoRoom.png-PhotoRoom.png","width":648,"height":233,"caption":"Edumas"},"image":{"@id":"https:\/\/edumas.gov.co\/inicio\/#\/schema\/logo\/image\/"}},{"@type":"Person","@id":"https:\/\/edumas.gov.co\/inicio\/#\/schema\/person\/e2e82a662fd06864325b88811079b05a","name":"edumas","image":{"@type":"ImageObject","inLanguage":"es","@id":"https:\/\/edumas.gov.co\/wp-content\/uploads\/2025\/03\/WhatsApp-Image-2025-03-06-at-12.44.58-PM-150x150.jpeg","url":"https:\/\/edumas.gov.co\/wp-content\/uploads\/2025\/03\/WhatsApp-Image-2025-03-06-at-12.44.58-PM-150x150.jpeg","contentUrl":"https:\/\/edumas.gov.co\/wp-content\/uploads\/2025\/03\/WhatsApp-Image-2025-03-06-at-12.44.58-PM-150x150.jpeg","caption":"edumas"},"sameAs":["https:\/\/test.edumas.gov.co"],"url":"https:\/\/edumas.gov.co\/inicio\/author\/edumas\/"}]}},"_links":{"self":[{"href":"https:\/\/edumas.gov.co\/inicio\/wp-json\/wp\/v2\/posts\/686","targetHints":{"allow":["GET"]}}],"collection":[{"href":"https:\/\/edumas.gov.co\/inicio\/wp-json\/wp\/v2\/posts"}],"about":[{"href":"https:\/\/edumas.gov.co\/inicio\/wp-json\/wp\/v2\/types\/post"}],"author":[{"embeddable":true,"href":"https:\/\/edumas.gov.co\/inicio\/wp-json\/wp\/v2\/users\/1"}],"replies":[{"embeddable":true,"href":"https:\/\/edumas.gov.co\/inicio\/wp-json\/wp\/v2\/comments?post=686"}],"version-history":[{"count":1,"href":"https:\/\/edumas.gov.co\/inicio\/wp-json\/wp\/v2\/posts\/686\/revisions"}],"predecessor-version":[{"id":688,"href":"https:\/\/edumas.gov.co\/inicio\/wp-json\/wp\/v2\/posts\/686\/revisions\/688"}],"wp:featuredmedia":[{"embeddable":true,"href":"https:\/\/edumas.gov.co\/inicio\/wp-json\/wp\/v2\/media\/687"}],"wp:attachment":[{"href":"https:\/\/edumas.gov.co\/inicio\/wp-json\/wp\/v2\/media?parent=686"}],"wp:term":[{"taxonomy":"category","embeddable":true,"href":"https:\/\/edumas.gov.co\/inicio\/wp-json\/wp\/v2\/categories?post=686"},{"taxonomy":"post_tag","embeddable":true,"href":"https:\/\/edumas.gov.co\/inicio\/wp-json\/wp\/v2\/tags?post=686"}],"curies":[{"name":"wp","href":"https:\/\/api.w.org\/{rel}","templated":true}]}}