{"id":7084,"date":"2026-01-13T21:13:12","date_gmt":"2026-01-13T21:13:12","guid":{"rendered":"https:\/\/edumas.gov.co\/inicio\/?p=7084"},"modified":"2026-01-13T21:13:14","modified_gmt":"2026-01-13T21:13:14","slug":"registro-y-control-de-la-publicidad-exterior-visual-electoral-en-soledad-para-elecciones-2026","status":"publish","type":"post","link":"https:\/\/edumas.gov.co\/inicio\/2026\/01\/13\/registro-y-control-de-la-publicidad-exterior-visual-electoral-en-soledad-para-elecciones-2026\/","title":{"rendered":"Registro y control de la publicidad exterior visual electoral en Soledad para elecciones 2026"},"content":{"rendered":"\n<p class=\"wp-block-paragraph\">El Establecimiento de Desarrollo Urbano y Medio Ambiente de Soledad &#8211; Edumas, informa a todos los partidos y movimientos pol\u00edticos, movimientos sociales y grupos significativos de ciudadanos participantes en las elecciones para Congreso, Presidencia y Vicepresidencia de la Rep\u00fablica, que esta entidad es el organismo de regulaci\u00f3n, control y vigilancia a la publicidad exterior visual en el municipio de Soledad.<\/p>\n\n\n\n<p class=\"wp-block-paragraph\">Por lo anterior, el Edumas se encuentra atendiendo las solicitudes de permisos para la fijaci\u00f3n de elementos de publicidad exterior visual destinados a difundir propaganda electoral, en concordancia con la Resoluci\u00f3n 0303 del 05 de diciembre del 2025 que \u201cReglamenta las formas, caracter\u00edsticas, lugares, condiciones, tarifas y el control para la fijaci\u00f3n de elementos de Publicidad Exterior Visual (PEV) destinados a difundir propaganda electoral en el municipio de Soledad para las elecciones de Congreso de la Rep\u00fablica 2026 y Presidencia y Vicepresidencia de la Rep\u00fablica donde aplique, y se adoptan medidas para la inspecci\u00f3n, vigilancia, control y el r\u00e9gimen sancionatorio\u201d.<\/p>\n\n\n\n<p class=\"wp-block-paragraph\">El Establecimiento invita a los involucrados en la propaganda pol\u00edtica de este proceso democr\u00e1tico, a que la legalicen ante la entidad en los primeros tres d\u00edas despu\u00e9s de publicada (mural, valla, adhesivos y dem\u00e1s), y eviten de esta manera, sanciones y el retiro de esta.<\/p>\n\n\n\n<p class=\"wp-block-paragraph\">La informaci\u00f3n detallada sobre las tarifas establecidas, n\u00famero de elementos publicitarios autorizados, sanciones por incumplimiento, lugares prohibidos para la colocaci\u00f3n de la publicidad o propaganda pol\u00edtica; entre otros, puede ser consultada ingresando a la p\u00e1gina web <a href=\"http:\/\/www.edumas.gov.co\/\">www.edumas.gov.co<\/a> . Asimismo, pueden consultar la Resoluci\u00f3n 0303 en el link <a href=\"https:\/\/edumas.gov.co\/wp-content\/uploads\/2025\/12\/Resolucion-303-de-05-de-diciembre-de-2025.pdf\">https:\/\/edumas.gov.co\/wp-content\/uploads\/2025\/12\/Resolucion-303-de-05-de-diciembre-de-2025.pdf<\/a><\/p>\n\n\n\n<p class=\"wp-block-paragraph\">Para m\u00e1s informaci\u00f3n, pueden contactarnos a la l\u00ednea institucional 3228621742<\/p>\n","protected":false},"excerpt":{"rendered":"<p>El Establecimiento de Desarrollo Urbano y Medio Ambiente de Soledad &#8211; Edumas, informa a todos los partidos y movimientos pol\u00edticos, movimientos sociales y grupos significativos de ciudadanos participantes en las elecciones para Congreso, Presidencia y Vicepresidencia de la Rep\u00fablica, que esta entidad es el organismo de regulaci\u00f3n, control y vigilancia a la publicidad exterior visual [&hellip;]<\/p>\n","protected":false},"author":1,"featured_media":7085,"comment_status":"open","ping_status":"open","sticky":false,"template":"","format":"standard","meta":{"footnotes":""},"categories":[26],"tags":[148,147],"class_list":["post-7084","post","type-post","status-publish","format-standard","has-post-thumbnail","hentry","category-noticias","tag-propaganda-politica","tag-publicidad-politica"],"yoast_head":"<!-- This site is optimized with the Yoast SEO plugin v27.4 - https:\/\/yoast.com\/product\/yoast-seo-wordpress\/ -->\n<title>Registro y control de la publicidad exterior visual electoral en Soledad para elecciones 2026 - Edumas<\/title>\n<meta name=\"robots\" content=\"index, follow, max-snippet:-1, max-image-preview:large, max-video-preview:-1\" \/>\n<link rel=\"canonical\" href=\"https:\/\/edumas.gov.co\/inicio\/2026\/01\/13\/registro-y-control-de-la-publicidad-exterior-visual-electoral-en-soledad-para-elecciones-2026\/\" \/>\n<meta property=\"og:locale\" content=\"es_ES\" \/>\n<meta property=\"og:type\" content=\"article\" \/>\n<meta property=\"og:title\" content=\"Registro y control de la publicidad exterior visual electoral en Soledad para elecciones 2026 - Edumas\" \/>\n<meta property=\"og:description\" content=\"El Establecimiento de Desarrollo Urbano y Medio Ambiente de Soledad &#8211; Edumas, informa a todos los partidos y movimientos pol\u00edticos, movimientos sociales y grupos significativos de ciudadanos participantes en las elecciones para Congreso, Presidencia y Vicepresidencia de la Rep\u00fablica, que esta entidad es el organismo de regulaci\u00f3n, control y vigilancia a la publicidad exterior visual [&hellip;]\" \/>\n<meta property=\"og:url\" content=\"https:\/\/edumas.gov.co\/inicio\/2026\/01\/13\/registro-y-control-de-la-publicidad-exterior-visual-electoral-en-soledad-para-elecciones-2026\/\" \/>\n<meta property=\"og:site_name\" content=\"Edumas\" \/>\n<meta property=\"article:published_time\" content=\"2026-01-13T21:13:12+00:00\" \/>\n<meta property=\"article:modified_time\" content=\"2026-01-13T21:13:14+00:00\" \/>\n<meta property=\"og:image\" content=\"https:\/\/edumas.gov.co\/wp-content\/uploads\/2026\/01\/Seguimiento-1.jpeg\" \/>\n\t<meta property=\"og:image:width\" content=\"960\" \/>\n\t<meta property=\"og:image:height\" content=\"1280\" \/>\n\t<meta property=\"og:image:type\" content=\"image\/jpeg\" \/>\n<meta name=\"author\" content=\"edumas\" \/>\n<meta name=\"twitter:card\" content=\"summary_large_image\" \/>\n<meta name=\"twitter:label1\" content=\"Escrito por\" \/>\n\t<meta name=\"twitter:data1\" content=\"edumas\" \/>\n\t<meta name=\"twitter:label2\" content=\"Tiempo de lectura\" \/>\n\t<meta name=\"twitter:data2\" content=\"2 minutos\" \/>\n<script type=\"application\/ld+json\" class=\"yoast-schema-graph\">{\"@context\":\"https:\\\/\\\/schema.org\",\"@graph\":[{\"@type\":\"Article\",\"@id\":\"https:\\\/\\\/edumas.gov.co\\\/inicio\\\/2026\\\/01\\\/13\\\/registro-y-control-de-la-publicidad-exterior-visual-electoral-en-soledad-para-elecciones-2026\\\/#article\",\"isPartOf\":{\"@id\":\"https:\\\/\\\/edumas.gov.co\\\/inicio\\\/2026\\\/01\\\/13\\\/registro-y-control-de-la-publicidad-exterior-visual-electoral-en-soledad-para-elecciones-2026\\\/\"},\"author\":{\"name\":\"edumas\",\"@id\":\"https:\\\/\\\/edumas.gov.co\\\/inicio\\\/#\\\/schema\\\/person\\\/e2e82a662fd06864325b88811079b05a\"},\"headline\":\"Registro y control de la publicidad exterior visual electoral en Soledad para elecciones 2026\",\"datePublished\":\"2026-01-13T21:13:12+00:00\",\"dateModified\":\"2026-01-13T21:13:14+00:00\",\"mainEntityOfPage\":{\"@id\":\"https:\\\/\\\/edumas.gov.co\\\/inicio\\\/2026\\\/01\\\/13\\\/registro-y-control-de-la-publicidad-exterior-visual-electoral-en-soledad-para-elecciones-2026\\\/\"},\"wordCount\":306,\"commentCount\":2,\"publisher\":{\"@id\":\"https:\\\/\\\/edumas.gov.co\\\/inicio\\\/#organization\"},\"image\":{\"@id\":\"https:\\\/\\\/edumas.gov.co\\\/inicio\\\/2026\\\/01\\\/13\\\/registro-y-control-de-la-publicidad-exterior-visual-electoral-en-soledad-para-elecciones-2026\\\/#primaryimage\"},\"thumbnailUrl\":\"https:\\\/\\\/edumas.gov.co\\\/wp-content\\\/uploads\\\/2026\\\/01\\\/Seguimiento-1.jpeg\",\"keywords\":[\"propaganda politica\",\"publicidad politica\"],\"articleSection\":[\"noticias\"],\"inLanguage\":\"es\",\"potentialAction\":[{\"@type\":\"CommentAction\",\"name\":\"Comment\",\"target\":[\"https:\\\/\\\/edumas.gov.co\\\/inicio\\\/2026\\\/01\\\/13\\\/registro-y-control-de-la-publicidad-exterior-visual-electoral-en-soledad-para-elecciones-2026\\\/#respond\"]}]},{\"@type\":\"WebPage\",\"@id\":\"https:\\\/\\\/edumas.gov.co\\\/inicio\\\/2026\\\/01\\\/13\\\/registro-y-control-de-la-publicidad-exterior-visual-electoral-en-soledad-para-elecciones-2026\\\/\",\"url\":\"https:\\\/\\\/edumas.gov.co\\\/inicio\\\/2026\\\/01\\\/13\\\/registro-y-control-de-la-publicidad-exterior-visual-electoral-en-soledad-para-elecciones-2026\\\/\",\"name\":\"Registro y control de la publicidad exterior visual electoral en Soledad para elecciones 2026 - Edumas\",\"isPartOf\":{\"@id\":\"https:\\\/\\\/edumas.gov.co\\\/inicio\\\/#website\"},\"primaryImageOfPage\":{\"@id\":\"https:\\\/\\\/edumas.gov.co\\\/inicio\\\/2026\\\/01\\\/13\\\/registro-y-control-de-la-publicidad-exterior-visual-electoral-en-soledad-para-elecciones-2026\\\/#primaryimage\"},\"image\":{\"@id\":\"https:\\\/\\\/edumas.gov.co\\\/inicio\\\/2026\\\/01\\\/13\\\/registro-y-control-de-la-publicidad-exterior-visual-electoral-en-soledad-para-elecciones-2026\\\/#primaryimage\"},\"thumbnailUrl\":\"https:\\\/\\\/edumas.gov.co\\\/wp-content\\\/uploads\\\/2026\\\/01\\\/Seguimiento-1.jpeg\",\"datePublished\":\"2026-01-13T21:13:12+00:00\",\"dateModified\":\"2026-01-13T21:13:14+00:00\",\"breadcrumb\":{\"@id\":\"https:\\\/\\\/edumas.gov.co\\\/inicio\\\/2026\\\/01\\\/13\\\/registro-y-control-de-la-publicidad-exterior-visual-electoral-en-soledad-para-elecciones-2026\\\/#breadcrumb\"},\"inLanguage\":\"es\",\"potentialAction\":[{\"@type\":\"ReadAction\",\"target\":[\"https:\\\/\\\/edumas.gov.co\\\/inicio\\\/2026\\\/01\\\/13\\\/registro-y-control-de-la-publicidad-exterior-visual-electoral-en-soledad-para-elecciones-2026\\\/\"]}]},{\"@type\":\"ImageObject\",\"inLanguage\":\"es\",\"@id\":\"https:\\\/\\\/edumas.gov.co\\\/inicio\\\/2026\\\/01\\\/13\\\/registro-y-control-de-la-publicidad-exterior-visual-electoral-en-soledad-para-elecciones-2026\\\/#primaryimage\",\"url\":\"https:\\\/\\\/edumas.gov.co\\\/wp-content\\\/uploads\\\/2026\\\/01\\\/Seguimiento-1.jpeg\",\"contentUrl\":\"https:\\\/\\\/edumas.gov.co\\\/wp-content\\\/uploads\\\/2026\\\/01\\\/Seguimiento-1.jpeg\",\"width\":960,\"height\":1280},{\"@type\":\"BreadcrumbList\",\"@id\":\"https:\\\/\\\/edumas.gov.co\\\/inicio\\\/2026\\\/01\\\/13\\\/registro-y-control-de-la-publicidad-exterior-visual-electoral-en-soledad-para-elecciones-2026\\\/#breadcrumb\",\"itemListElement\":[{\"@type\":\"ListItem\",\"position\":1,\"name\":\"Portada\",\"item\":\"https:\\\/\\\/edumas.gov.co\\\/inicio\\\/\"},{\"@type\":\"ListItem\",\"position\":2,\"name\":\"Registro y control de la publicidad exterior visual electoral en Soledad para elecciones 2026\"}]},{\"@type\":\"WebSite\",\"@id\":\"https:\\\/\\\/edumas.gov.co\\\/inicio\\\/#website\",\"url\":\"https:\\\/\\\/edumas.gov.co\\\/inicio\\\/\",\"name\":\"Edumas\",\"description\":\"Edumas\",\"publisher\":{\"@id\":\"https:\\\/\\\/edumas.gov.co\\\/inicio\\\/#organization\"},\"potentialAction\":[{\"@type\":\"SearchAction\",\"target\":{\"@type\":\"EntryPoint\",\"urlTemplate\":\"https:\\\/\\\/edumas.gov.co\\\/inicio\\\/?s={search_term_string}\"},\"query-input\":{\"@type\":\"PropertyValueSpecification\",\"valueRequired\":true,\"valueName\":\"search_term_string\"}}],\"inLanguage\":\"es\"},{\"@type\":\"Organization\",\"@id\":\"https:\\\/\\\/edumas.gov.co\\\/inicio\\\/#organization\",\"name\":\"Edumas\",\"url\":\"https:\\\/\\\/edumas.gov.co\\\/inicio\\\/\",\"logo\":{\"@type\":\"ImageObject\",\"inLanguage\":\"es\",\"@id\":\"https:\\\/\\\/edumas.gov.co\\\/inicio\\\/#\\\/schema\\\/logo\\\/image\\\/\",\"url\":\"https:\\\/\\\/edumas.gov.co\\\/wp-content\\\/uploads\\\/2024\\\/10\\\/Perfil-Instagram-PhotoRoom.png-PhotoRoom.png\",\"contentUrl\":\"https:\\\/\\\/edumas.gov.co\\\/wp-content\\\/uploads\\\/2024\\\/10\\\/Perfil-Instagram-PhotoRoom.png-PhotoRoom.png\",\"width\":648,\"height\":233,\"caption\":\"Edumas\"},\"image\":{\"@id\":\"https:\\\/\\\/edumas.gov.co\\\/inicio\\\/#\\\/schema\\\/logo\\\/image\\\/\"}},{\"@type\":\"Person\",\"@id\":\"https:\\\/\\\/edumas.gov.co\\\/inicio\\\/#\\\/schema\\\/person\\\/e2e82a662fd06864325b88811079b05a\",\"name\":\"edumas\",\"image\":{\"@type\":\"ImageObject\",\"inLanguage\":\"es\",\"@id\":\"https:\\\/\\\/edumas.gov.co\\\/wp-content\\\/uploads\\\/2025\\\/03\\\/WhatsApp-Image-2025-03-06-at-12.44.58-PM-150x150.jpeg\",\"url\":\"https:\\\/\\\/edumas.gov.co\\\/wp-content\\\/uploads\\\/2025\\\/03\\\/WhatsApp-Image-2025-03-06-at-12.44.58-PM-150x150.jpeg\",\"contentUrl\":\"https:\\\/\\\/edumas.gov.co\\\/wp-content\\\/uploads\\\/2025\\\/03\\\/WhatsApp-Image-2025-03-06-at-12.44.58-PM-150x150.jpeg\",\"caption\":\"edumas\"},\"sameAs\":[\"https:\\\/\\\/test.edumas.gov.co\"],\"url\":\"https:\\\/\\\/edumas.gov.co\\\/inicio\\\/author\\\/edumas\\\/\"}]}<\/script>\n<!-- \/ Yoast SEO plugin. -->","yoast_head_json":{"title":"Registro y control de la publicidad exterior visual electoral en Soledad para elecciones 2026 - Edumas","robots":{"index":"index","follow":"follow","max-snippet":"max-snippet:-1","max-image-preview":"max-image-preview:large","max-video-preview":"max-video-preview:-1"},"canonical":"https:\/\/edumas.gov.co\/inicio\/2026\/01\/13\/registro-y-control-de-la-publicidad-exterior-visual-electoral-en-soledad-para-elecciones-2026\/","og_locale":"es_ES","og_type":"article","og_title":"Registro y control de la publicidad exterior visual electoral en Soledad para elecciones 2026 - Edumas","og_description":"El Establecimiento de Desarrollo Urbano y Medio Ambiente de Soledad &#8211; Edumas, informa a todos los partidos y movimientos pol\u00edticos, movimientos sociales y grupos significativos de ciudadanos participantes en las elecciones para Congreso, Presidencia y Vicepresidencia de la Rep\u00fablica, que esta entidad es el organismo de regulaci\u00f3n, control y vigilancia a la publicidad exterior visual [&hellip;]","og_url":"https:\/\/edumas.gov.co\/inicio\/2026\/01\/13\/registro-y-control-de-la-publicidad-exterior-visual-electoral-en-soledad-para-elecciones-2026\/","og_site_name":"Edumas","article_published_time":"2026-01-13T21:13:12+00:00","article_modified_time":"2026-01-13T21:13:14+00:00","og_image":[{"width":960,"height":1280,"url":"https:\/\/edumas.gov.co\/wp-content\/uploads\/2026\/01\/Seguimiento-1.jpeg","type":"image\/jpeg"}],"author":"edumas","twitter_card":"summary_large_image","twitter_misc":{"Escrito por":"edumas","Tiempo de lectura":"2 minutos"},"schema":{"@context":"https:\/\/schema.org","@graph":[{"@type":"Article","@id":"https:\/\/edumas.gov.co\/inicio\/2026\/01\/13\/registro-y-control-de-la-publicidad-exterior-visual-electoral-en-soledad-para-elecciones-2026\/#article","isPartOf":{"@id":"https:\/\/edumas.gov.co\/inicio\/2026\/01\/13\/registro-y-control-de-la-publicidad-exterior-visual-electoral-en-soledad-para-elecciones-2026\/"},"author":{"name":"edumas","@id":"https:\/\/edumas.gov.co\/inicio\/#\/schema\/person\/e2e82a662fd06864325b88811079b05a"},"headline":"Registro y control de la publicidad exterior visual electoral en Soledad para elecciones 2026","datePublished":"2026-01-13T21:13:12+00:00","dateModified":"2026-01-13T21:13:14+00:00","mainEntityOfPage":{"@id":"https:\/\/edumas.gov.co\/inicio\/2026\/01\/13\/registro-y-control-de-la-publicidad-exterior-visual-electoral-en-soledad-para-elecciones-2026\/"},"wordCount":306,"commentCount":2,"publisher":{"@id":"https:\/\/edumas.gov.co\/inicio\/#organization"},"image":{"@id":"https:\/\/edumas.gov.co\/inicio\/2026\/01\/13\/registro-y-control-de-la-publicidad-exterior-visual-electoral-en-soledad-para-elecciones-2026\/#primaryimage"},"thumbnailUrl":"https:\/\/edumas.gov.co\/wp-content\/uploads\/2026\/01\/Seguimiento-1.jpeg","keywords":["propaganda politica","publicidad politica"],"articleSection":["noticias"],"inLanguage":"es","potentialAction":[{"@type":"CommentAction","name":"Comment","target":["https:\/\/edumas.gov.co\/inicio\/2026\/01\/13\/registro-y-control-de-la-publicidad-exterior-visual-electoral-en-soledad-para-elecciones-2026\/#respond"]}]},{"@type":"WebPage","@id":"https:\/\/edumas.gov.co\/inicio\/2026\/01\/13\/registro-y-control-de-la-publicidad-exterior-visual-electoral-en-soledad-para-elecciones-2026\/","url":"https:\/\/edumas.gov.co\/inicio\/2026\/01\/13\/registro-y-control-de-la-publicidad-exterior-visual-electoral-en-soledad-para-elecciones-2026\/","name":"Registro y control de la publicidad exterior visual electoral en Soledad para elecciones 2026 - Edumas","isPartOf":{"@id":"https:\/\/edumas.gov.co\/inicio\/#website"},"primaryImageOfPage":{"@id":"https:\/\/edumas.gov.co\/inicio\/2026\/01\/13\/registro-y-control-de-la-publicidad-exterior-visual-electoral-en-soledad-para-elecciones-2026\/#primaryimage"},"image":{"@id":"https:\/\/edumas.gov.co\/inicio\/2026\/01\/13\/registro-y-control-de-la-publicidad-exterior-visual-electoral-en-soledad-para-elecciones-2026\/#primaryimage"},"thumbnailUrl":"https:\/\/edumas.gov.co\/wp-content\/uploads\/2026\/01\/Seguimiento-1.jpeg","datePublished":"2026-01-13T21:13:12+00:00","dateModified":"2026-01-13T21:13:14+00:00","breadcrumb":{"@id":"https:\/\/edumas.gov.co\/inicio\/2026\/01\/13\/registro-y-control-de-la-publicidad-exterior-visual-electoral-en-soledad-para-elecciones-2026\/#breadcrumb"},"inLanguage":"es","potentialAction":[{"@type":"ReadAction","target":["https:\/\/edumas.gov.co\/inicio\/2026\/01\/13\/registro-y-control-de-la-publicidad-exterior-visual-electoral-en-soledad-para-elecciones-2026\/"]}]},{"@type":"ImageObject","inLanguage":"es","@id":"https:\/\/edumas.gov.co\/inicio\/2026\/01\/13\/registro-y-control-de-la-publicidad-exterior-visual-electoral-en-soledad-para-elecciones-2026\/#primaryimage","url":"https:\/\/edumas.gov.co\/wp-content\/uploads\/2026\/01\/Seguimiento-1.jpeg","contentUrl":"https:\/\/edumas.gov.co\/wp-content\/uploads\/2026\/01\/Seguimiento-1.jpeg","width":960,"height":1280},{"@type":"BreadcrumbList","@id":"https:\/\/edumas.gov.co\/inicio\/2026\/01\/13\/registro-y-control-de-la-publicidad-exterior-visual-electoral-en-soledad-para-elecciones-2026\/#breadcrumb","itemListElement":[{"@type":"ListItem","position":1,"name":"Portada","item":"https:\/\/edumas.gov.co\/inicio\/"},{"@type":"ListItem","position":2,"name":"Registro y control de la publicidad exterior visual electoral en Soledad para elecciones 2026"}]},{"@type":"WebSite","@id":"https:\/\/edumas.gov.co\/inicio\/#website","url":"https:\/\/edumas.gov.co\/inicio\/","name":"Edumas","description":"Edumas","publisher":{"@id":"https:\/\/edumas.gov.co\/inicio\/#organization"},"potentialAction":[{"@type":"SearchAction","target":{"@type":"EntryPoint","urlTemplate":"https:\/\/edumas.gov.co\/inicio\/?s={search_term_string}"},"query-input":{"@type":"PropertyValueSpecification","valueRequired":true,"valueName":"search_term_string"}}],"inLanguage":"es"},{"@type":"Organization","@id":"https:\/\/edumas.gov.co\/inicio\/#organization","name":"Edumas","url":"https:\/\/edumas.gov.co\/inicio\/","logo":{"@type":"ImageObject","inLanguage":"es","@id":"https:\/\/edumas.gov.co\/inicio\/#\/schema\/logo\/image\/","url":"https:\/\/edumas.gov.co\/wp-content\/uploads\/2024\/10\/Perfil-Instagram-PhotoRoom.png-PhotoRoom.png","contentUrl":"https:\/\/edumas.gov.co\/wp-content\/uploads\/2024\/10\/Perfil-Instagram-PhotoRoom.png-PhotoRoom.png","width":648,"height":233,"caption":"Edumas"},"image":{"@id":"https:\/\/edumas.gov.co\/inicio\/#\/schema\/logo\/image\/"}},{"@type":"Person","@id":"https:\/\/edumas.gov.co\/inicio\/#\/schema\/person\/e2e82a662fd06864325b88811079b05a","name":"edumas","image":{"@type":"ImageObject","inLanguage":"es","@id":"https:\/\/edumas.gov.co\/wp-content\/uploads\/2025\/03\/WhatsApp-Image-2025-03-06-at-12.44.58-PM-150x150.jpeg","url":"https:\/\/edumas.gov.co\/wp-content\/uploads\/2025\/03\/WhatsApp-Image-2025-03-06-at-12.44.58-PM-150x150.jpeg","contentUrl":"https:\/\/edumas.gov.co\/wp-content\/uploads\/2025\/03\/WhatsApp-Image-2025-03-06-at-12.44.58-PM-150x150.jpeg","caption":"edumas"},"sameAs":["https:\/\/test.edumas.gov.co"],"url":"https:\/\/edumas.gov.co\/inicio\/author\/edumas\/"}]}},"_links":{"self":[{"href":"https:\/\/edumas.gov.co\/inicio\/wp-json\/wp\/v2\/posts\/7084","targetHints":{"allow":["GET"]}}],"collection":[{"href":"https:\/\/edumas.gov.co\/inicio\/wp-json\/wp\/v2\/posts"}],"about":[{"href":"https:\/\/edumas.gov.co\/inicio\/wp-json\/wp\/v2\/types\/post"}],"author":[{"embeddable":true,"href":"https:\/\/edumas.gov.co\/inicio\/wp-json\/wp\/v2\/users\/1"}],"replies":[{"embeddable":true,"href":"https:\/\/edumas.gov.co\/inicio\/wp-json\/wp\/v2\/comments?post=7084"}],"version-history":[{"count":1,"href":"https:\/\/edumas.gov.co\/inicio\/wp-json\/wp\/v2\/posts\/7084\/revisions"}],"predecessor-version":[{"id":7086,"href":"https:\/\/edumas.gov.co\/inicio\/wp-json\/wp\/v2\/posts\/7084\/revisions\/7086"}],"wp:featuredmedia":[{"embeddable":true,"href":"https:\/\/edumas.gov.co\/inicio\/wp-json\/wp\/v2\/media\/7085"}],"wp:attachment":[{"href":"https:\/\/edumas.gov.co\/inicio\/wp-json\/wp\/v2\/media?parent=7084"}],"wp:term":[{"taxonomy":"category","embeddable":true,"href":"https:\/\/edumas.gov.co\/inicio\/wp-json\/wp\/v2\/categories?post=7084"},{"taxonomy":"post_tag","embeddable":true,"href":"https:\/\/edumas.gov.co\/inicio\/wp-json\/wp\/v2\/tags?post=7084"}],"curies":[{"name":"wp","href":"https:\/\/api.w.org\/{rel}","templated":true}]}}