{"id":728,"date":"2020-01-13T19:40:00","date_gmt":"2020-01-13T19:40:00","guid":{"rendered":"https:\/\/test.edumas.gov.co\/?p=728"},"modified":"2023-10-11T19:47:32","modified_gmt":"2023-10-11T19:47:32","slug":"vamos-a-trabajar-por-una-soledad-libre-de-basuras","status":"publish","type":"post","link":"https:\/\/edumas.gov.co\/inicio\/2020\/01\/13\/vamos-a-trabajar-por-una-soledad-libre-de-basuras\/","title":{"rendered":"\u201cVamos a trabajar por una Soledad libre de basuras\u201d"},"content":{"rendered":"\n<p class=\"wp-block-paragraph\">Hacer de Soledad una ciudad libre de basuras y agradable para propios y visitantes es el principal objetivo de Carlos Consuegra, gerente del Establecimiento de Desarrollo Urbano y Medio Ambiente de Soledad, Edumas.<\/p>\n\n\n\n<p class=\"wp-block-paragraph\">El funcionario anunci\u00f3 que se iniciaron las acciones con miras a colocar contenedores para la recolecci\u00f3n de desechos y escombros en los puntos cr\u00edticos de la ciudad; esto con el prop\u00f3sito de que la comunidad disponga de ellos.<\/p>\n\n\n\n<p class=\"wp-block-paragraph\">\u201cEn nuestro diagn\u00f3stico inicial hemos identificado que el municipio est\u00e1 impactado por la mala disposici\u00f3n de los residuos s\u00f3lidos, los cuales son colocados de manera indiscriminada en cualquier lugar de la ciudad, por ello adelantamos gestiones ante las empresas competentes para instalar contenedores en los lugares m\u00e1s cr\u00edticos, tales como:&nbsp; avenidas principales y los alrededores del Portal de Transmetro, entre otros\u201d, agreg\u00f3 Carlos Consuegra, Gerente del Edumas.<\/p>\n\n\n\n<p class=\"wp-block-paragraph\">El funcionario indic\u00f3 que el objetivo es minimizar el impacto ambiental que este tipo de conducta ocasiona, lo cual genera la proliferaci\u00f3n de roedores y por ende la aparici\u00f3n de enfermedades infectocontagiosas.&nbsp;<\/p>\n","protected":false},"excerpt":{"rendered":"<p>Hacer de Soledad una ciudad libre de basuras y agradable para propios y visitantes es el principal objetivo de Carlos Consuegra, gerente del Establecimiento de Desarrollo Urbano y Medio Ambiente de Soledad, Edumas. El funcionario anunci\u00f3 que se iniciaron las acciones con miras a colocar contenedores para la recolecci\u00f3n de desechos y escombros en los [&hellip;]<\/p>\n","protected":false},"author":1,"featured_media":0,"comment_status":"open","ping_status":"open","sticky":false,"template":"","format":"standard","meta":{"footnotes":""},"categories":[26],"tags":[],"class_list":["post-728","post","type-post","status-publish","format-standard","hentry","category-noticias"],"yoast_head":"<!-- This site is optimized with the Yoast SEO plugin v27.4 - https:\/\/yoast.com\/product\/yoast-seo-wordpress\/ -->\n<title>\u201cVamos a trabajar por una Soledad libre de basuras\u201d - Edumas<\/title>\n<meta name=\"robots\" content=\"index, follow, max-snippet:-1, max-image-preview:large, max-video-preview:-1\" \/>\n<link rel=\"canonical\" href=\"https:\/\/edumas.gov.co\/inicio\/2020\/01\/13\/vamos-a-trabajar-por-una-soledad-libre-de-basuras\/\" \/>\n<meta property=\"og:locale\" content=\"es_ES\" \/>\n<meta property=\"og:type\" content=\"article\" \/>\n<meta property=\"og:title\" content=\"\u201cVamos a trabajar por una Soledad libre de basuras\u201d - Edumas\" \/>\n<meta property=\"og:description\" content=\"Hacer de Soledad una ciudad libre de basuras y agradable para propios y visitantes es el principal objetivo de Carlos Consuegra, gerente del Establecimiento de Desarrollo Urbano y Medio Ambiente de Soledad, Edumas. El funcionario anunci\u00f3 que se iniciaron las acciones con miras a colocar contenedores para la recolecci\u00f3n de desechos y escombros en los [&hellip;]\" \/>\n<meta property=\"og:url\" content=\"https:\/\/edumas.gov.co\/inicio\/2020\/01\/13\/vamos-a-trabajar-por-una-soledad-libre-de-basuras\/\" \/>\n<meta property=\"og:site_name\" content=\"Edumas\" \/>\n<meta property=\"article:published_time\" content=\"2020-01-13T19:40:00+00:00\" \/>\n<meta property=\"article:modified_time\" content=\"2023-10-11T19:47:32+00:00\" \/>\n<meta name=\"author\" content=\"edumas\" \/>\n<meta name=\"twitter:card\" content=\"summary_large_image\" \/>\n<meta name=\"twitter:label1\" content=\"Escrito por\" \/>\n\t<meta name=\"twitter:data1\" content=\"edumas\" \/>\n\t<meta name=\"twitter:label2\" content=\"Tiempo de lectura\" \/>\n\t<meta name=\"twitter:data2\" content=\"1 minuto\" \/>\n<script type=\"application\/ld+json\" class=\"yoast-schema-graph\">{\"@context\":\"https:\\\/\\\/schema.org\",\"@graph\":[{\"@type\":\"Article\",\"@id\":\"https:\\\/\\\/edumas.gov.co\\\/inicio\\\/2020\\\/01\\\/13\\\/vamos-a-trabajar-por-una-soledad-libre-de-basuras\\\/#article\",\"isPartOf\":{\"@id\":\"https:\\\/\\\/edumas.gov.co\\\/inicio\\\/2020\\\/01\\\/13\\\/vamos-a-trabajar-por-una-soledad-libre-de-basuras\\\/\"},\"author\":{\"name\":\"edumas\",\"@id\":\"https:\\\/\\\/edumas.gov.co\\\/inicio\\\/#\\\/schema\\\/person\\\/e2e82a662fd06864325b88811079b05a\"},\"headline\":\"\u201cVamos a trabajar por una Soledad libre de basuras\u201d\",\"datePublished\":\"2020-01-13T19:40:00+00:00\",\"dateModified\":\"2023-10-11T19:47:32+00:00\",\"mainEntityOfPage\":{\"@id\":\"https:\\\/\\\/edumas.gov.co\\\/inicio\\\/2020\\\/01\\\/13\\\/vamos-a-trabajar-por-una-soledad-libre-de-basuras\\\/\"},\"wordCount\":191,\"commentCount\":0,\"publisher\":{\"@id\":\"https:\\\/\\\/edumas.gov.co\\\/inicio\\\/#organization\"},\"articleSection\":[\"noticias\"],\"inLanguage\":\"es\",\"potentialAction\":[{\"@type\":\"CommentAction\",\"name\":\"Comment\",\"target\":[\"https:\\\/\\\/edumas.gov.co\\\/inicio\\\/2020\\\/01\\\/13\\\/vamos-a-trabajar-por-una-soledad-libre-de-basuras\\\/#respond\"]}]},{\"@type\":\"WebPage\",\"@id\":\"https:\\\/\\\/edumas.gov.co\\\/inicio\\\/2020\\\/01\\\/13\\\/vamos-a-trabajar-por-una-soledad-libre-de-basuras\\\/\",\"url\":\"https:\\\/\\\/edumas.gov.co\\\/inicio\\\/2020\\\/01\\\/13\\\/vamos-a-trabajar-por-una-soledad-libre-de-basuras\\\/\",\"name\":\"\u201cVamos a trabajar por una Soledad libre de basuras\u201d - Edumas\",\"isPartOf\":{\"@id\":\"https:\\\/\\\/edumas.gov.co\\\/inicio\\\/#website\"},\"datePublished\":\"2020-01-13T19:40:00+00:00\",\"dateModified\":\"2023-10-11T19:47:32+00:00\",\"breadcrumb\":{\"@id\":\"https:\\\/\\\/edumas.gov.co\\\/inicio\\\/2020\\\/01\\\/13\\\/vamos-a-trabajar-por-una-soledad-libre-de-basuras\\\/#breadcrumb\"},\"inLanguage\":\"es\",\"potentialAction\":[{\"@type\":\"ReadAction\",\"target\":[\"https:\\\/\\\/edumas.gov.co\\\/inicio\\\/2020\\\/01\\\/13\\\/vamos-a-trabajar-por-una-soledad-libre-de-basuras\\\/\"]}]},{\"@type\":\"BreadcrumbList\",\"@id\":\"https:\\\/\\\/edumas.gov.co\\\/inicio\\\/2020\\\/01\\\/13\\\/vamos-a-trabajar-por-una-soledad-libre-de-basuras\\\/#breadcrumb\",\"itemListElement\":[{\"@type\":\"ListItem\",\"position\":1,\"name\":\"Portada\",\"item\":\"https:\\\/\\\/edumas.gov.co\\\/inicio\\\/\"},{\"@type\":\"ListItem\",\"position\":2,\"name\":\"\u201cVamos a trabajar por una Soledad libre de basuras\u201d\"}]},{\"@type\":\"WebSite\",\"@id\":\"https:\\\/\\\/edumas.gov.co\\\/inicio\\\/#website\",\"url\":\"https:\\\/\\\/edumas.gov.co\\\/inicio\\\/\",\"name\":\"Edumas\",\"description\":\"Edumas\",\"publisher\":{\"@id\":\"https:\\\/\\\/edumas.gov.co\\\/inicio\\\/#organization\"},\"potentialAction\":[{\"@type\":\"SearchAction\",\"target\":{\"@type\":\"EntryPoint\",\"urlTemplate\":\"https:\\\/\\\/edumas.gov.co\\\/inicio\\\/?s={search_term_string}\"},\"query-input\":{\"@type\":\"PropertyValueSpecification\",\"valueRequired\":true,\"valueName\":\"search_term_string\"}}],\"inLanguage\":\"es\"},{\"@type\":\"Organization\",\"@id\":\"https:\\\/\\\/edumas.gov.co\\\/inicio\\\/#organization\",\"name\":\"Edumas\",\"url\":\"https:\\\/\\\/edumas.gov.co\\\/inicio\\\/\",\"logo\":{\"@type\":\"ImageObject\",\"inLanguage\":\"es\",\"@id\":\"https:\\\/\\\/edumas.gov.co\\\/inicio\\\/#\\\/schema\\\/logo\\\/image\\\/\",\"url\":\"https:\\\/\\\/edumas.gov.co\\\/wp-content\\\/uploads\\\/2024\\\/10\\\/Perfil-Instagram-PhotoRoom.png-PhotoRoom.png\",\"contentUrl\":\"https:\\\/\\\/edumas.gov.co\\\/wp-content\\\/uploads\\\/2024\\\/10\\\/Perfil-Instagram-PhotoRoom.png-PhotoRoom.png\",\"width\":648,\"height\":233,\"caption\":\"Edumas\"},\"image\":{\"@id\":\"https:\\\/\\\/edumas.gov.co\\\/inicio\\\/#\\\/schema\\\/logo\\\/image\\\/\"}},{\"@type\":\"Person\",\"@id\":\"https:\\\/\\\/edumas.gov.co\\\/inicio\\\/#\\\/schema\\\/person\\\/e2e82a662fd06864325b88811079b05a\",\"name\":\"edumas\",\"image\":{\"@type\":\"ImageObject\",\"inLanguage\":\"es\",\"@id\":\"https:\\\/\\\/edumas.gov.co\\\/wp-content\\\/uploads\\\/2025\\\/03\\\/WhatsApp-Image-2025-03-06-at-12.44.58-PM-150x150.jpeg\",\"url\":\"https:\\\/\\\/edumas.gov.co\\\/wp-content\\\/uploads\\\/2025\\\/03\\\/WhatsApp-Image-2025-03-06-at-12.44.58-PM-150x150.jpeg\",\"contentUrl\":\"https:\\\/\\\/edumas.gov.co\\\/wp-content\\\/uploads\\\/2025\\\/03\\\/WhatsApp-Image-2025-03-06-at-12.44.58-PM-150x150.jpeg\",\"caption\":\"edumas\"},\"sameAs\":[\"https:\\\/\\\/test.edumas.gov.co\"],\"url\":\"https:\\\/\\\/edumas.gov.co\\\/inicio\\\/author\\\/edumas\\\/\"}]}<\/script>\n<!-- \/ Yoast SEO plugin. -->","yoast_head_json":{"title":"\u201cVamos a trabajar por una Soledad libre de basuras\u201d - Edumas","robots":{"index":"index","follow":"follow","max-snippet":"max-snippet:-1","max-image-preview":"max-image-preview:large","max-video-preview":"max-video-preview:-1"},"canonical":"https:\/\/edumas.gov.co\/inicio\/2020\/01\/13\/vamos-a-trabajar-por-una-soledad-libre-de-basuras\/","og_locale":"es_ES","og_type":"article","og_title":"\u201cVamos a trabajar por una Soledad libre de basuras\u201d - Edumas","og_description":"Hacer de Soledad una ciudad libre de basuras y agradable para propios y visitantes es el principal objetivo de Carlos Consuegra, gerente del Establecimiento de Desarrollo Urbano y Medio Ambiente de Soledad, Edumas. El funcionario anunci\u00f3 que se iniciaron las acciones con miras a colocar contenedores para la recolecci\u00f3n de desechos y escombros en los [&hellip;]","og_url":"https:\/\/edumas.gov.co\/inicio\/2020\/01\/13\/vamos-a-trabajar-por-una-soledad-libre-de-basuras\/","og_site_name":"Edumas","article_published_time":"2020-01-13T19:40:00+00:00","article_modified_time":"2023-10-11T19:47:32+00:00","author":"edumas","twitter_card":"summary_large_image","twitter_misc":{"Escrito por":"edumas","Tiempo de lectura":"1 minuto"},"schema":{"@context":"https:\/\/schema.org","@graph":[{"@type":"Article","@id":"https:\/\/edumas.gov.co\/inicio\/2020\/01\/13\/vamos-a-trabajar-por-una-soledad-libre-de-basuras\/#article","isPartOf":{"@id":"https:\/\/edumas.gov.co\/inicio\/2020\/01\/13\/vamos-a-trabajar-por-una-soledad-libre-de-basuras\/"},"author":{"name":"edumas","@id":"https:\/\/edumas.gov.co\/inicio\/#\/schema\/person\/e2e82a662fd06864325b88811079b05a"},"headline":"\u201cVamos a trabajar por una Soledad libre de basuras\u201d","datePublished":"2020-01-13T19:40:00+00:00","dateModified":"2023-10-11T19:47:32+00:00","mainEntityOfPage":{"@id":"https:\/\/edumas.gov.co\/inicio\/2020\/01\/13\/vamos-a-trabajar-por-una-soledad-libre-de-basuras\/"},"wordCount":191,"commentCount":0,"publisher":{"@id":"https:\/\/edumas.gov.co\/inicio\/#organization"},"articleSection":["noticias"],"inLanguage":"es","potentialAction":[{"@type":"CommentAction","name":"Comment","target":["https:\/\/edumas.gov.co\/inicio\/2020\/01\/13\/vamos-a-trabajar-por-una-soledad-libre-de-basuras\/#respond"]}]},{"@type":"WebPage","@id":"https:\/\/edumas.gov.co\/inicio\/2020\/01\/13\/vamos-a-trabajar-por-una-soledad-libre-de-basuras\/","url":"https:\/\/edumas.gov.co\/inicio\/2020\/01\/13\/vamos-a-trabajar-por-una-soledad-libre-de-basuras\/","name":"\u201cVamos a trabajar por una Soledad libre de basuras\u201d - Edumas","isPartOf":{"@id":"https:\/\/edumas.gov.co\/inicio\/#website"},"datePublished":"2020-01-13T19:40:00+00:00","dateModified":"2023-10-11T19:47:32+00:00","breadcrumb":{"@id":"https:\/\/edumas.gov.co\/inicio\/2020\/01\/13\/vamos-a-trabajar-por-una-soledad-libre-de-basuras\/#breadcrumb"},"inLanguage":"es","potentialAction":[{"@type":"ReadAction","target":["https:\/\/edumas.gov.co\/inicio\/2020\/01\/13\/vamos-a-trabajar-por-una-soledad-libre-de-basuras\/"]}]},{"@type":"BreadcrumbList","@id":"https:\/\/edumas.gov.co\/inicio\/2020\/01\/13\/vamos-a-trabajar-por-una-soledad-libre-de-basuras\/#breadcrumb","itemListElement":[{"@type":"ListItem","position":1,"name":"Portada","item":"https:\/\/edumas.gov.co\/inicio\/"},{"@type":"ListItem","position":2,"name":"\u201cVamos a trabajar por una Soledad libre de basuras\u201d"}]},{"@type":"WebSite","@id":"https:\/\/edumas.gov.co\/inicio\/#website","url":"https:\/\/edumas.gov.co\/inicio\/","name":"Edumas","description":"Edumas","publisher":{"@id":"https:\/\/edumas.gov.co\/inicio\/#organization"},"potentialAction":[{"@type":"SearchAction","target":{"@type":"EntryPoint","urlTemplate":"https:\/\/edumas.gov.co\/inicio\/?s={search_term_string}"},"query-input":{"@type":"PropertyValueSpecification","valueRequired":true,"valueName":"search_term_string"}}],"inLanguage":"es"},{"@type":"Organization","@id":"https:\/\/edumas.gov.co\/inicio\/#organization","name":"Edumas","url":"https:\/\/edumas.gov.co\/inicio\/","logo":{"@type":"ImageObject","inLanguage":"es","@id":"https:\/\/edumas.gov.co\/inicio\/#\/schema\/logo\/image\/","url":"https:\/\/edumas.gov.co\/wp-content\/uploads\/2024\/10\/Perfil-Instagram-PhotoRoom.png-PhotoRoom.png","contentUrl":"https:\/\/edumas.gov.co\/wp-content\/uploads\/2024\/10\/Perfil-Instagram-PhotoRoom.png-PhotoRoom.png","width":648,"height":233,"caption":"Edumas"},"image":{"@id":"https:\/\/edumas.gov.co\/inicio\/#\/schema\/logo\/image\/"}},{"@type":"Person","@id":"https:\/\/edumas.gov.co\/inicio\/#\/schema\/person\/e2e82a662fd06864325b88811079b05a","name":"edumas","image":{"@type":"ImageObject","inLanguage":"es","@id":"https:\/\/edumas.gov.co\/wp-content\/uploads\/2025\/03\/WhatsApp-Image-2025-03-06-at-12.44.58-PM-150x150.jpeg","url":"https:\/\/edumas.gov.co\/wp-content\/uploads\/2025\/03\/WhatsApp-Image-2025-03-06-at-12.44.58-PM-150x150.jpeg","contentUrl":"https:\/\/edumas.gov.co\/wp-content\/uploads\/2025\/03\/WhatsApp-Image-2025-03-06-at-12.44.58-PM-150x150.jpeg","caption":"edumas"},"sameAs":["https:\/\/test.edumas.gov.co"],"url":"https:\/\/edumas.gov.co\/inicio\/author\/edumas\/"}]}},"_links":{"self":[{"href":"https:\/\/edumas.gov.co\/inicio\/wp-json\/wp\/v2\/posts\/728","targetHints":{"allow":["GET"]}}],"collection":[{"href":"https:\/\/edumas.gov.co\/inicio\/wp-json\/wp\/v2\/posts"}],"about":[{"href":"https:\/\/edumas.gov.co\/inicio\/wp-json\/wp\/v2\/types\/post"}],"author":[{"embeddable":true,"href":"https:\/\/edumas.gov.co\/inicio\/wp-json\/wp\/v2\/users\/1"}],"replies":[{"embeddable":true,"href":"https:\/\/edumas.gov.co\/inicio\/wp-json\/wp\/v2\/comments?post=728"}],"version-history":[{"count":1,"href":"https:\/\/edumas.gov.co\/inicio\/wp-json\/wp\/v2\/posts\/728\/revisions"}],"predecessor-version":[{"id":729,"href":"https:\/\/edumas.gov.co\/inicio\/wp-json\/wp\/v2\/posts\/728\/revisions\/729"}],"wp:attachment":[{"href":"https:\/\/edumas.gov.co\/inicio\/wp-json\/wp\/v2\/media?parent=728"}],"wp:term":[{"taxonomy":"category","embeddable":true,"href":"https:\/\/edumas.gov.co\/inicio\/wp-json\/wp\/v2\/categories?post=728"},{"taxonomy":"post_tag","embeddable":true,"href":"https:\/\/edumas.gov.co\/inicio\/wp-json\/wp\/v2\/tags?post=728"}],"curies":[{"name":"wp","href":"https:\/\/api.w.org\/{rel}","templated":true}]}}