{"id":744,"date":"2020-02-05T20:03:00","date_gmt":"2020-02-05T20:03:00","guid":{"rendered":"https:\/\/test.edumas.gov.co\/?p=744"},"modified":"2023-10-11T21:04:52","modified_gmt":"2023-10-11T21:04:52","slug":"dia-del-periodista-con-mensaje-ambiental","status":"publish","type":"post","link":"https:\/\/edumas.gov.co\/inicio\/2020\/02\/05\/dia-del-periodista-con-mensaje-ambiental\/","title":{"rendered":"D\u00eda del periodista con mensaje ambiental"},"content":{"rendered":"\n<p class=\"wp-block-paragraph\">Haciendo un reconocimiento a la gesti\u00f3n period\u00edstica realizada por los profesionales de la comunicaci\u00f3n, en el d\u00eda de hoy Edumas en alianza con el Centro Comercial Carnaval de Soledad, brind\u00f3 un desayuno a un grupo de comunicadores quienes celebran este 9 de febrero<br>pr\u00f3ximo d\u00eda.<\/p>\n\n\n\n<p class=\"wp-block-paragraph\">Con la presencia de la reina ambiental, los comunicadores tuvieron la<br>oportunidad de ser parte del acto inaugural de la m\u00e1quina recicladora<br>Ecobot, que la administraci\u00f3n del Centro Comercial ha dispuesto para sus<br>p\u00fablicos. \u201cMerecemos un futuro sostenible donde vamos a ir de la mano con la<br>ciencia y la tecnolog\u00eda, donde las m\u00e1quinas van a ayudar al hombre a limpiar<br>el planeta y ayudarnos a que tengamos una mejor cultura ambiental en el<br>municipio de Soledad\u201d, manifest\u00f3 el Gerente de Edumas, Carlos Consuegra.<\/p>\n\n\n\n<div class=\"wp-block-media-text is-stacked-on-mobile\"><figure class=\"wp-block-media-text__media\"><img fetchpriority=\"high\" decoding=\"async\" width=\"1024\" height=\"682\" src=\"https:\/\/test.edumas.gov.co\/wp-content\/uploads\/2023\/10\/8-imagen-Dia-del-periodista-con-mensaje-ambiental.jpg\" alt=\"\" class=\"wp-image-747 size-full\" srcset=\"https:\/\/edumas.gov.co\/wp-content\/uploads\/2023\/10\/8-imagen-Dia-del-periodista-con-mensaje-ambiental.jpg 1024w, https:\/\/edumas.gov.co\/wp-content\/uploads\/2023\/10\/8-imagen-Dia-del-periodista-con-mensaje-ambiental-300x200.jpg 300w, https:\/\/edumas.gov.co\/wp-content\/uploads\/2023\/10\/8-imagen-Dia-del-periodista-con-mensaje-ambiental-768x512.jpg 768w\" sizes=\"(max-width: 1024px) 100vw, 1024px\" \/><\/figure><div class=\"wp-block-media-text__content\">\n<p class=\"wp-block-paragraph\">Ecobot se encuentra entre las iniciativas ambientales m\u00e1s f\u00e1ciles de aplicar<br>ya que su uso no solo acopia las botellas pl\u00e1sticas utilizadas para su<br>reciclaje sino que compensa a quienes la usan con bonos redimibles en<br>diferentes establecimientos.<\/p>\n<\/div><\/div>\n\n\n\n<p class=\"wp-block-paragraph\">Las alianzas que Edumas propende siempre van encaminadas al trabajo conjunto<br>para generar sinergias y lograr el objetivo de cero basuras en el municipio<br>con resultados visibles que inviten a la ciudadan\u00eda a ser part\u00edcipes del cambio ambiental.<\/p>\n\n\n\n<figure class=\"wp-block-gallery has-nested-images columns-default is-cropped wp-block-gallery-1 is-layout-flex wp-block-gallery-is-layout-flex\">\n<figure class=\"wp-block-image size-large\"><img decoding=\"async\" width=\"1024\" height=\"682\" data-id=\"748\" src=\"https:\/\/test.edumas.gov.co\/wp-content\/uploads\/2023\/10\/2-imagen-Dia-del-periodista-con-mensaje-ambiental.jpg\" alt=\"\" class=\"wp-image-748\" srcset=\"https:\/\/edumas.gov.co\/wp-content\/uploads\/2023\/10\/2-imagen-Dia-del-periodista-con-mensaje-ambiental.jpg 1024w, https:\/\/edumas.gov.co\/wp-content\/uploads\/2023\/10\/2-imagen-Dia-del-periodista-con-mensaje-ambiental-300x200.jpg 300w, https:\/\/edumas.gov.co\/wp-content\/uploads\/2023\/10\/2-imagen-Dia-del-periodista-con-mensaje-ambiental-768x512.jpg 768w\" sizes=\"(max-width: 1024px) 100vw, 1024px\" \/><\/figure>\n\n\n\n<figure class=\"wp-block-image size-large\"><img decoding=\"async\" width=\"1024\" height=\"574\" data-id=\"749\" src=\"https:\/\/test.edumas.gov.co\/wp-content\/uploads\/2023\/10\/6-imagen-Dia-del-periodista-con-mensaje-ambiental.jpg\" alt=\"\" class=\"wp-image-749\" srcset=\"https:\/\/edumas.gov.co\/wp-content\/uploads\/2023\/10\/6-imagen-Dia-del-periodista-con-mensaje-ambiental.jpg 1024w, https:\/\/edumas.gov.co\/wp-content\/uploads\/2023\/10\/6-imagen-Dia-del-periodista-con-mensaje-ambiental-300x168.jpg 300w, https:\/\/edumas.gov.co\/wp-content\/uploads\/2023\/10\/6-imagen-Dia-del-periodista-con-mensaje-ambiental-768x431.jpg 768w\" sizes=\"(max-width: 1024px) 100vw, 1024px\" \/><\/figure>\n\n\n\n<figure class=\"wp-block-image size-large\"><img loading=\"lazy\" decoding=\"async\" width=\"1024\" height=\"682\" data-id=\"751\" src=\"https:\/\/test.edumas.gov.co\/wp-content\/uploads\/2023\/10\/3-imagen-Dia-del-periodista-con-mensaje-ambiental.jpg\" alt=\"\" class=\"wp-image-751\" srcset=\"https:\/\/edumas.gov.co\/wp-content\/uploads\/2023\/10\/3-imagen-Dia-del-periodista-con-mensaje-ambiental.jpg 1024w, https:\/\/edumas.gov.co\/wp-content\/uploads\/2023\/10\/3-imagen-Dia-del-periodista-con-mensaje-ambiental-300x200.jpg 300w, https:\/\/edumas.gov.co\/wp-content\/uploads\/2023\/10\/3-imagen-Dia-del-periodista-con-mensaje-ambiental-768x512.jpg 768w\" sizes=\"(max-width: 1024px) 100vw, 1024px\" \/><\/figure>\n\n\n\n<figure class=\"wp-block-image size-large\"><img loading=\"lazy\" decoding=\"async\" width=\"1024\" height=\"682\" data-id=\"750\" src=\"https:\/\/test.edumas.gov.co\/wp-content\/uploads\/2023\/10\/5-imagen-Dia-del-periodista-con-mensaje-ambiental.jpg\" alt=\"\" class=\"wp-image-750\" srcset=\"https:\/\/edumas.gov.co\/wp-content\/uploads\/2023\/10\/5-imagen-Dia-del-periodista-con-mensaje-ambiental.jpg 1024w, https:\/\/edumas.gov.co\/wp-content\/uploads\/2023\/10\/5-imagen-Dia-del-periodista-con-mensaje-ambiental-300x200.jpg 300w, https:\/\/edumas.gov.co\/wp-content\/uploads\/2023\/10\/5-imagen-Dia-del-periodista-con-mensaje-ambiental-768x512.jpg 768w\" sizes=\"(max-width: 1024px) 100vw, 1024px\" \/><\/figure>\n\n\n\n<figure class=\"wp-block-image size-large\"><img loading=\"lazy\" decoding=\"async\" width=\"1024\" height=\"682\" data-id=\"795\" src=\"https:\/\/test.edumas.gov.co\/wp-content\/uploads\/2023\/10\/2-imagen-Dia-del-periodista-con-mensaje-ambiental-1.jpg\" alt=\"\" class=\"wp-image-795\" srcset=\"https:\/\/edumas.gov.co\/wp-content\/uploads\/2023\/10\/2-imagen-Dia-del-periodista-con-mensaje-ambiental-1.jpg 1024w, https:\/\/edumas.gov.co\/wp-content\/uploads\/2023\/10\/2-imagen-Dia-del-periodista-con-mensaje-ambiental-1-300x200.jpg 300w, https:\/\/edumas.gov.co\/wp-content\/uploads\/2023\/10\/2-imagen-Dia-del-periodista-con-mensaje-ambiental-1-768x512.jpg 768w\" sizes=\"(max-width: 1024px) 100vw, 1024px\" \/><\/figure>\n\n\n\n<figure class=\"wp-block-image size-large\"><img loading=\"lazy\" decoding=\"async\" width=\"1024\" height=\"682\" data-id=\"797\" src=\"https:\/\/test.edumas.gov.co\/wp-content\/uploads\/2023\/10\/7-imagen-Dia-del-periodista-con-mensaje-ambiental.jpg\" alt=\"\" class=\"wp-image-797\" srcset=\"https:\/\/edumas.gov.co\/wp-content\/uploads\/2023\/10\/7-imagen-Dia-del-periodista-con-mensaje-ambiental.jpg 1024w, https:\/\/edumas.gov.co\/wp-content\/uploads\/2023\/10\/7-imagen-Dia-del-periodista-con-mensaje-ambiental-300x200.jpg 300w, https:\/\/edumas.gov.co\/wp-content\/uploads\/2023\/10\/7-imagen-Dia-del-periodista-con-mensaje-ambiental-768x512.jpg 768w\" sizes=\"(max-width: 1024px) 100vw, 1024px\" \/><\/figure>\n\n\n\n<figure class=\"wp-block-image size-large\"><img loading=\"lazy\" decoding=\"async\" width=\"1024\" height=\"682\" data-id=\"796\" src=\"https:\/\/test.edumas.gov.co\/wp-content\/uploads\/2023\/10\/9-imagen-Dia-del-periodista-con-mensaje-ambiental.jpg\" alt=\"\" class=\"wp-image-796\" srcset=\"https:\/\/edumas.gov.co\/wp-content\/uploads\/2023\/10\/9-imagen-Dia-del-periodista-con-mensaje-ambiental.jpg 1024w, https:\/\/edumas.gov.co\/wp-content\/uploads\/2023\/10\/9-imagen-Dia-del-periodista-con-mensaje-ambiental-300x200.jpg 300w, https:\/\/edumas.gov.co\/wp-content\/uploads\/2023\/10\/9-imagen-Dia-del-periodista-con-mensaje-ambiental-768x512.jpg 768w\" sizes=\"(max-width: 1024px) 100vw, 1024px\" \/><\/figure>\n\n\n\n<figure class=\"wp-block-image size-large\"><img loading=\"lazy\" decoding=\"async\" width=\"1024\" height=\"682\" data-id=\"793\" src=\"https:\/\/test.edumas.gov.co\/wp-content\/uploads\/2023\/10\/4-imagen-Dia-del-periodista-con-mensaje-ambiental.jpg\" alt=\"\" class=\"wp-image-793\" srcset=\"https:\/\/edumas.gov.co\/wp-content\/uploads\/2023\/10\/4-imagen-Dia-del-periodista-con-mensaje-ambiental.jpg 1024w, https:\/\/edumas.gov.co\/wp-content\/uploads\/2023\/10\/4-imagen-Dia-del-periodista-con-mensaje-ambiental-300x200.jpg 300w, https:\/\/edumas.gov.co\/wp-content\/uploads\/2023\/10\/4-imagen-Dia-del-periodista-con-mensaje-ambiental-768x512.jpg 768w\" sizes=\"(max-width: 1024px) 100vw, 1024px\" \/><\/figure>\n<\/figure>\n","protected":false},"excerpt":{"rendered":"<p>Haciendo un reconocimiento a la gesti\u00f3n period\u00edstica realizada por los profesionales de la comunicaci\u00f3n, en el d\u00eda de hoy Edumas en alianza con el Centro Comercial Carnaval de Soledad, brind\u00f3 un desayuno a un grupo de comunicadores quienes celebran este 9 de febreropr\u00f3ximo d\u00eda. Con la presencia de la reina ambiental, los comunicadores tuvieron laoportunidad [&hellip;]<\/p>\n","protected":false},"author":1,"featured_media":746,"comment_status":"open","ping_status":"open","sticky":false,"template":"","format":"standard","meta":{"footnotes":""},"categories":[26],"tags":[],"class_list":["post-744","post","type-post","status-publish","format-standard","has-post-thumbnail","hentry","category-noticias"],"yoast_head":"<!-- This site is optimized with the Yoast SEO plugin v27.4 - https:\/\/yoast.com\/product\/yoast-seo-wordpress\/ -->\n<title>D\u00eda del periodista con mensaje ambiental - Edumas<\/title>\n<meta name=\"robots\" content=\"index, follow, max-snippet:-1, max-image-preview:large, max-video-preview:-1\" \/>\n<link rel=\"canonical\" href=\"https:\/\/edumas.gov.co\/inicio\/2020\/02\/05\/dia-del-periodista-con-mensaje-ambiental\/\" \/>\n<meta property=\"og:locale\" content=\"es_ES\" \/>\n<meta property=\"og:type\" content=\"article\" \/>\n<meta property=\"og:title\" content=\"D\u00eda del periodista con mensaje ambiental - Edumas\" \/>\n<meta property=\"og:description\" content=\"Haciendo un reconocimiento a la gesti\u00f3n period\u00edstica realizada por los profesionales de la comunicaci\u00f3n, en el d\u00eda de hoy Edumas en alianza con el Centro Comercial Carnaval de Soledad, brind\u00f3 un desayuno a un grupo de comunicadores quienes celebran este 9 de febreropr\u00f3ximo d\u00eda. Con la presencia de la reina ambiental, los comunicadores tuvieron laoportunidad [&hellip;]\" \/>\n<meta property=\"og:url\" content=\"https:\/\/edumas.gov.co\/inicio\/2020\/02\/05\/dia-del-periodista-con-mensaje-ambiental\/\" \/>\n<meta property=\"og:site_name\" content=\"Edumas\" \/>\n<meta property=\"article:published_time\" content=\"2020-02-05T20:03:00+00:00\" \/>\n<meta property=\"article:modified_time\" content=\"2023-10-11T21:04:52+00:00\" \/>\n<meta property=\"og:image\" content=\"https:\/\/edumas.gov.co\/wp-content\/uploads\/2023\/10\/1-imagen-Dia-del-periodista-con-mensaje-ambiental-1.jpg\" \/>\n\t<meta property=\"og:image:width\" content=\"1024\" \/>\n\t<meta property=\"og:image:height\" content=\"682\" \/>\n\t<meta property=\"og:image:type\" content=\"image\/jpeg\" \/>\n<meta name=\"author\" content=\"edumas\" \/>\n<meta name=\"twitter:card\" content=\"summary_large_image\" \/>\n<meta name=\"twitter:label1\" content=\"Escrito por\" \/>\n\t<meta name=\"twitter:data1\" content=\"edumas\" \/>\n\t<meta name=\"twitter:label2\" content=\"Tiempo de lectura\" \/>\n\t<meta name=\"twitter:data2\" content=\"1 minuto\" \/>\n<script type=\"application\/ld+json\" class=\"yoast-schema-graph\">{\"@context\":\"https:\\\/\\\/schema.org\",\"@graph\":[{\"@type\":\"Article\",\"@id\":\"https:\\\/\\\/edumas.gov.co\\\/inicio\\\/2020\\\/02\\\/05\\\/dia-del-periodista-con-mensaje-ambiental\\\/#article\",\"isPartOf\":{\"@id\":\"https:\\\/\\\/edumas.gov.co\\\/inicio\\\/2020\\\/02\\\/05\\\/dia-del-periodista-con-mensaje-ambiental\\\/\"},\"author\":{\"name\":\"edumas\",\"@id\":\"https:\\\/\\\/edumas.gov.co\\\/inicio\\\/#\\\/schema\\\/person\\\/e2e82a662fd06864325b88811079b05a\"},\"headline\":\"D\u00eda del periodista con mensaje ambiental\",\"datePublished\":\"2020-02-05T20:03:00+00:00\",\"dateModified\":\"2023-10-11T21:04:52+00:00\",\"mainEntityOfPage\":{\"@id\":\"https:\\\/\\\/edumas.gov.co\\\/inicio\\\/2020\\\/02\\\/05\\\/dia-del-periodista-con-mensaje-ambiental\\\/\"},\"wordCount\":215,\"commentCount\":0,\"publisher\":{\"@id\":\"https:\\\/\\\/edumas.gov.co\\\/inicio\\\/#organization\"},\"image\":{\"@id\":\"https:\\\/\\\/edumas.gov.co\\\/inicio\\\/2020\\\/02\\\/05\\\/dia-del-periodista-con-mensaje-ambiental\\\/#primaryimage\"},\"thumbnailUrl\":\"https:\\\/\\\/edumas.gov.co\\\/wp-content\\\/uploads\\\/2023\\\/10\\\/1-imagen-Dia-del-periodista-con-mensaje-ambiental-1.jpg\",\"articleSection\":[\"noticias\"],\"inLanguage\":\"es\",\"potentialAction\":[{\"@type\":\"CommentAction\",\"name\":\"Comment\",\"target\":[\"https:\\\/\\\/edumas.gov.co\\\/inicio\\\/2020\\\/02\\\/05\\\/dia-del-periodista-con-mensaje-ambiental\\\/#respond\"]}]},{\"@type\":\"WebPage\",\"@id\":\"https:\\\/\\\/edumas.gov.co\\\/inicio\\\/2020\\\/02\\\/05\\\/dia-del-periodista-con-mensaje-ambiental\\\/\",\"url\":\"https:\\\/\\\/edumas.gov.co\\\/inicio\\\/2020\\\/02\\\/05\\\/dia-del-periodista-con-mensaje-ambiental\\\/\",\"name\":\"D\u00eda del periodista con mensaje ambiental - Edumas\",\"isPartOf\":{\"@id\":\"https:\\\/\\\/edumas.gov.co\\\/inicio\\\/#website\"},\"primaryImageOfPage\":{\"@id\":\"https:\\\/\\\/edumas.gov.co\\\/inicio\\\/2020\\\/02\\\/05\\\/dia-del-periodista-con-mensaje-ambiental\\\/#primaryimage\"},\"image\":{\"@id\":\"https:\\\/\\\/edumas.gov.co\\\/inicio\\\/2020\\\/02\\\/05\\\/dia-del-periodista-con-mensaje-ambiental\\\/#primaryimage\"},\"thumbnailUrl\":\"https:\\\/\\\/edumas.gov.co\\\/wp-content\\\/uploads\\\/2023\\\/10\\\/1-imagen-Dia-del-periodista-con-mensaje-ambiental-1.jpg\",\"datePublished\":\"2020-02-05T20:03:00+00:00\",\"dateModified\":\"2023-10-11T21:04:52+00:00\",\"breadcrumb\":{\"@id\":\"https:\\\/\\\/edumas.gov.co\\\/inicio\\\/2020\\\/02\\\/05\\\/dia-del-periodista-con-mensaje-ambiental\\\/#breadcrumb\"},\"inLanguage\":\"es\",\"potentialAction\":[{\"@type\":\"ReadAction\",\"target\":[\"https:\\\/\\\/edumas.gov.co\\\/inicio\\\/2020\\\/02\\\/05\\\/dia-del-periodista-con-mensaje-ambiental\\\/\"]}]},{\"@type\":\"ImageObject\",\"inLanguage\":\"es\",\"@id\":\"https:\\\/\\\/edumas.gov.co\\\/inicio\\\/2020\\\/02\\\/05\\\/dia-del-periodista-con-mensaje-ambiental\\\/#primaryimage\",\"url\":\"https:\\\/\\\/edumas.gov.co\\\/wp-content\\\/uploads\\\/2023\\\/10\\\/1-imagen-Dia-del-periodista-con-mensaje-ambiental-1.jpg\",\"contentUrl\":\"https:\\\/\\\/edumas.gov.co\\\/wp-content\\\/uploads\\\/2023\\\/10\\\/1-imagen-Dia-del-periodista-con-mensaje-ambiental-1.jpg\",\"width\":1024,\"height\":682},{\"@type\":\"BreadcrumbList\",\"@id\":\"https:\\\/\\\/edumas.gov.co\\\/inicio\\\/2020\\\/02\\\/05\\\/dia-del-periodista-con-mensaje-ambiental\\\/#breadcrumb\",\"itemListElement\":[{\"@type\":\"ListItem\",\"position\":1,\"name\":\"Portada\",\"item\":\"https:\\\/\\\/edumas.gov.co\\\/inicio\\\/\"},{\"@type\":\"ListItem\",\"position\":2,\"name\":\"D\u00eda del periodista con mensaje ambiental\"}]},{\"@type\":\"WebSite\",\"@id\":\"https:\\\/\\\/edumas.gov.co\\\/inicio\\\/#website\",\"url\":\"https:\\\/\\\/edumas.gov.co\\\/inicio\\\/\",\"name\":\"Edumas\",\"description\":\"Edumas\",\"publisher\":{\"@id\":\"https:\\\/\\\/edumas.gov.co\\\/inicio\\\/#organization\"},\"potentialAction\":[{\"@type\":\"SearchAction\",\"target\":{\"@type\":\"EntryPoint\",\"urlTemplate\":\"https:\\\/\\\/edumas.gov.co\\\/inicio\\\/?s={search_term_string}\"},\"query-input\":{\"@type\":\"PropertyValueSpecification\",\"valueRequired\":true,\"valueName\":\"search_term_string\"}}],\"inLanguage\":\"es\"},{\"@type\":\"Organization\",\"@id\":\"https:\\\/\\\/edumas.gov.co\\\/inicio\\\/#organization\",\"name\":\"Edumas\",\"url\":\"https:\\\/\\\/edumas.gov.co\\\/inicio\\\/\",\"logo\":{\"@type\":\"ImageObject\",\"inLanguage\":\"es\",\"@id\":\"https:\\\/\\\/edumas.gov.co\\\/inicio\\\/#\\\/schema\\\/logo\\\/image\\\/\",\"url\":\"https:\\\/\\\/edumas.gov.co\\\/wp-content\\\/uploads\\\/2024\\\/10\\\/Perfil-Instagram-PhotoRoom.png-PhotoRoom.png\",\"contentUrl\":\"https:\\\/\\\/edumas.gov.co\\\/wp-content\\\/uploads\\\/2024\\\/10\\\/Perfil-Instagram-PhotoRoom.png-PhotoRoom.png\",\"width\":648,\"height\":233,\"caption\":\"Edumas\"},\"image\":{\"@id\":\"https:\\\/\\\/edumas.gov.co\\\/inicio\\\/#\\\/schema\\\/logo\\\/image\\\/\"}},{\"@type\":\"Person\",\"@id\":\"https:\\\/\\\/edumas.gov.co\\\/inicio\\\/#\\\/schema\\\/person\\\/e2e82a662fd06864325b88811079b05a\",\"name\":\"edumas\",\"image\":{\"@type\":\"ImageObject\",\"inLanguage\":\"es\",\"@id\":\"https:\\\/\\\/edumas.gov.co\\\/wp-content\\\/uploads\\\/2025\\\/03\\\/WhatsApp-Image-2025-03-06-at-12.44.58-PM-150x150.jpeg\",\"url\":\"https:\\\/\\\/edumas.gov.co\\\/wp-content\\\/uploads\\\/2025\\\/03\\\/WhatsApp-Image-2025-03-06-at-12.44.58-PM-150x150.jpeg\",\"contentUrl\":\"https:\\\/\\\/edumas.gov.co\\\/wp-content\\\/uploads\\\/2025\\\/03\\\/WhatsApp-Image-2025-03-06-at-12.44.58-PM-150x150.jpeg\",\"caption\":\"edumas\"},\"sameAs\":[\"https:\\\/\\\/test.edumas.gov.co\"],\"url\":\"https:\\\/\\\/edumas.gov.co\\\/inicio\\\/author\\\/edumas\\\/\"}]}<\/script>\n<!-- \/ Yoast SEO plugin. -->","yoast_head_json":{"title":"D\u00eda del periodista con mensaje ambiental - Edumas","robots":{"index":"index","follow":"follow","max-snippet":"max-snippet:-1","max-image-preview":"max-image-preview:large","max-video-preview":"max-video-preview:-1"},"canonical":"https:\/\/edumas.gov.co\/inicio\/2020\/02\/05\/dia-del-periodista-con-mensaje-ambiental\/","og_locale":"es_ES","og_type":"article","og_title":"D\u00eda del periodista con mensaje ambiental - Edumas","og_description":"Haciendo un reconocimiento a la gesti\u00f3n period\u00edstica realizada por los profesionales de la comunicaci\u00f3n, en el d\u00eda de hoy Edumas en alianza con el Centro Comercial Carnaval de Soledad, brind\u00f3 un desayuno a un grupo de comunicadores quienes celebran este 9 de febreropr\u00f3ximo d\u00eda. Con la presencia de la reina ambiental, los comunicadores tuvieron laoportunidad [&hellip;]","og_url":"https:\/\/edumas.gov.co\/inicio\/2020\/02\/05\/dia-del-periodista-con-mensaje-ambiental\/","og_site_name":"Edumas","article_published_time":"2020-02-05T20:03:00+00:00","article_modified_time":"2023-10-11T21:04:52+00:00","og_image":[{"width":1024,"height":682,"url":"https:\/\/edumas.gov.co\/wp-content\/uploads\/2023\/10\/1-imagen-Dia-del-periodista-con-mensaje-ambiental-1.jpg","type":"image\/jpeg"}],"author":"edumas","twitter_card":"summary_large_image","twitter_misc":{"Escrito por":"edumas","Tiempo de lectura":"1 minuto"},"schema":{"@context":"https:\/\/schema.org","@graph":[{"@type":"Article","@id":"https:\/\/edumas.gov.co\/inicio\/2020\/02\/05\/dia-del-periodista-con-mensaje-ambiental\/#article","isPartOf":{"@id":"https:\/\/edumas.gov.co\/inicio\/2020\/02\/05\/dia-del-periodista-con-mensaje-ambiental\/"},"author":{"name":"edumas","@id":"https:\/\/edumas.gov.co\/inicio\/#\/schema\/person\/e2e82a662fd06864325b88811079b05a"},"headline":"D\u00eda del periodista con mensaje ambiental","datePublished":"2020-02-05T20:03:00+00:00","dateModified":"2023-10-11T21:04:52+00:00","mainEntityOfPage":{"@id":"https:\/\/edumas.gov.co\/inicio\/2020\/02\/05\/dia-del-periodista-con-mensaje-ambiental\/"},"wordCount":215,"commentCount":0,"publisher":{"@id":"https:\/\/edumas.gov.co\/inicio\/#organization"},"image":{"@id":"https:\/\/edumas.gov.co\/inicio\/2020\/02\/05\/dia-del-periodista-con-mensaje-ambiental\/#primaryimage"},"thumbnailUrl":"https:\/\/edumas.gov.co\/wp-content\/uploads\/2023\/10\/1-imagen-Dia-del-periodista-con-mensaje-ambiental-1.jpg","articleSection":["noticias"],"inLanguage":"es","potentialAction":[{"@type":"CommentAction","name":"Comment","target":["https:\/\/edumas.gov.co\/inicio\/2020\/02\/05\/dia-del-periodista-con-mensaje-ambiental\/#respond"]}]},{"@type":"WebPage","@id":"https:\/\/edumas.gov.co\/inicio\/2020\/02\/05\/dia-del-periodista-con-mensaje-ambiental\/","url":"https:\/\/edumas.gov.co\/inicio\/2020\/02\/05\/dia-del-periodista-con-mensaje-ambiental\/","name":"D\u00eda del periodista con mensaje ambiental - Edumas","isPartOf":{"@id":"https:\/\/edumas.gov.co\/inicio\/#website"},"primaryImageOfPage":{"@id":"https:\/\/edumas.gov.co\/inicio\/2020\/02\/05\/dia-del-periodista-con-mensaje-ambiental\/#primaryimage"},"image":{"@id":"https:\/\/edumas.gov.co\/inicio\/2020\/02\/05\/dia-del-periodista-con-mensaje-ambiental\/#primaryimage"},"thumbnailUrl":"https:\/\/edumas.gov.co\/wp-content\/uploads\/2023\/10\/1-imagen-Dia-del-periodista-con-mensaje-ambiental-1.jpg","datePublished":"2020-02-05T20:03:00+00:00","dateModified":"2023-10-11T21:04:52+00:00","breadcrumb":{"@id":"https:\/\/edumas.gov.co\/inicio\/2020\/02\/05\/dia-del-periodista-con-mensaje-ambiental\/#breadcrumb"},"inLanguage":"es","potentialAction":[{"@type":"ReadAction","target":["https:\/\/edumas.gov.co\/inicio\/2020\/02\/05\/dia-del-periodista-con-mensaje-ambiental\/"]}]},{"@type":"ImageObject","inLanguage":"es","@id":"https:\/\/edumas.gov.co\/inicio\/2020\/02\/05\/dia-del-periodista-con-mensaje-ambiental\/#primaryimage","url":"https:\/\/edumas.gov.co\/wp-content\/uploads\/2023\/10\/1-imagen-Dia-del-periodista-con-mensaje-ambiental-1.jpg","contentUrl":"https:\/\/edumas.gov.co\/wp-content\/uploads\/2023\/10\/1-imagen-Dia-del-periodista-con-mensaje-ambiental-1.jpg","width":1024,"height":682},{"@type":"BreadcrumbList","@id":"https:\/\/edumas.gov.co\/inicio\/2020\/02\/05\/dia-del-periodista-con-mensaje-ambiental\/#breadcrumb","itemListElement":[{"@type":"ListItem","position":1,"name":"Portada","item":"https:\/\/edumas.gov.co\/inicio\/"},{"@type":"ListItem","position":2,"name":"D\u00eda del periodista con mensaje ambiental"}]},{"@type":"WebSite","@id":"https:\/\/edumas.gov.co\/inicio\/#website","url":"https:\/\/edumas.gov.co\/inicio\/","name":"Edumas","description":"Edumas","publisher":{"@id":"https:\/\/edumas.gov.co\/inicio\/#organization"},"potentialAction":[{"@type":"SearchAction","target":{"@type":"EntryPoint","urlTemplate":"https:\/\/edumas.gov.co\/inicio\/?s={search_term_string}"},"query-input":{"@type":"PropertyValueSpecification","valueRequired":true,"valueName":"search_term_string"}}],"inLanguage":"es"},{"@type":"Organization","@id":"https:\/\/edumas.gov.co\/inicio\/#organization","name":"Edumas","url":"https:\/\/edumas.gov.co\/inicio\/","logo":{"@type":"ImageObject","inLanguage":"es","@id":"https:\/\/edumas.gov.co\/inicio\/#\/schema\/logo\/image\/","url":"https:\/\/edumas.gov.co\/wp-content\/uploads\/2024\/10\/Perfil-Instagram-PhotoRoom.png-PhotoRoom.png","contentUrl":"https:\/\/edumas.gov.co\/wp-content\/uploads\/2024\/10\/Perfil-Instagram-PhotoRoom.png-PhotoRoom.png","width":648,"height":233,"caption":"Edumas"},"image":{"@id":"https:\/\/edumas.gov.co\/inicio\/#\/schema\/logo\/image\/"}},{"@type":"Person","@id":"https:\/\/edumas.gov.co\/inicio\/#\/schema\/person\/e2e82a662fd06864325b88811079b05a","name":"edumas","image":{"@type":"ImageObject","inLanguage":"es","@id":"https:\/\/edumas.gov.co\/wp-content\/uploads\/2025\/03\/WhatsApp-Image-2025-03-06-at-12.44.58-PM-150x150.jpeg","url":"https:\/\/edumas.gov.co\/wp-content\/uploads\/2025\/03\/WhatsApp-Image-2025-03-06-at-12.44.58-PM-150x150.jpeg","contentUrl":"https:\/\/edumas.gov.co\/wp-content\/uploads\/2025\/03\/WhatsApp-Image-2025-03-06-at-12.44.58-PM-150x150.jpeg","caption":"edumas"},"sameAs":["https:\/\/test.edumas.gov.co"],"url":"https:\/\/edumas.gov.co\/inicio\/author\/edumas\/"}]}},"_links":{"self":[{"href":"https:\/\/edumas.gov.co\/inicio\/wp-json\/wp\/v2\/posts\/744","targetHints":{"allow":["GET"]}}],"collection":[{"href":"https:\/\/edumas.gov.co\/inicio\/wp-json\/wp\/v2\/posts"}],"about":[{"href":"https:\/\/edumas.gov.co\/inicio\/wp-json\/wp\/v2\/types\/post"}],"author":[{"embeddable":true,"href":"https:\/\/edumas.gov.co\/inicio\/wp-json\/wp\/v2\/users\/1"}],"replies":[{"embeddable":true,"href":"https:\/\/edumas.gov.co\/inicio\/wp-json\/wp\/v2\/comments?post=744"}],"version-history":[{"count":2,"href":"https:\/\/edumas.gov.co\/inicio\/wp-json\/wp\/v2\/posts\/744\/revisions"}],"predecessor-version":[{"id":798,"href":"https:\/\/edumas.gov.co\/inicio\/wp-json\/wp\/v2\/posts\/744\/revisions\/798"}],"wp:featuredmedia":[{"embeddable":true,"href":"https:\/\/edumas.gov.co\/inicio\/wp-json\/wp\/v2\/media\/746"}],"wp:attachment":[{"href":"https:\/\/edumas.gov.co\/inicio\/wp-json\/wp\/v2\/media?parent=744"}],"wp:term":[{"taxonomy":"category","embeddable":true,"href":"https:\/\/edumas.gov.co\/inicio\/wp-json\/wp\/v2\/categories?post=744"},{"taxonomy":"post_tag","embeddable":true,"href":"https:\/\/edumas.gov.co\/inicio\/wp-json\/wp\/v2\/tags?post=744"}],"curies":[{"name":"wp","href":"https:\/\/api.w.org\/{rel}","templated":true}]}}