{"id":762,"date":"2020-02-01T20:21:00","date_gmt":"2020-02-01T20:21:00","guid":{"rendered":"https:\/\/test.edumas.gov.co\/?p=762"},"modified":"2023-10-11T20:28:07","modified_gmt":"2023-10-11T20:28:07","slug":"arborizacion-en-la-ciudadela-metropolitana","status":"publish","type":"post","link":"https:\/\/edumas.gov.co\/inicio\/2020\/02\/01\/arborizacion-en-la-ciudadela-metropolitana\/","title":{"rendered":"Arborizaci\u00f3n en la Ciudadela Metropolitana"},"content":{"rendered":"\n<p class=\"wp-block-paragraph\">En la cancha La Frontera de La Ciudadela Metropolitana, la reina ambiental del Edumas, Leidy Consuegra, las brigadas juveniles ambientales de la Polic\u00eda Nacional y l\u00edderes de la comunidad realizamos una jornada de siembra de \u00e1rboles para el embellecimiento de la zona. Celebramos el liderazgo de los residentes por su iniciativa al realizar acciones por el mejoramiento de los espacios para los ni\u00f1os y j\u00f3venes, as\u00ed como la confianza en nosotros.<\/p>\n\n\n\n<figure class=\"wp-block-gallery has-nested-images columns-default is-cropped wp-block-gallery-1 is-layout-flex wp-block-gallery-is-layout-flex\">\n<figure class=\"wp-block-image size-large\"><img fetchpriority=\"high\" decoding=\"async\" width=\"1024\" height=\"682\" data-id=\"765\" src=\"https:\/\/test.edumas.gov.co\/wp-content\/uploads\/2023\/10\/2-imagen-Arborizacion-en-la-Ciudadela-Metropolitana.jpg\" alt=\"\" class=\"wp-image-765\" srcset=\"https:\/\/edumas.gov.co\/wp-content\/uploads\/2023\/10\/2-imagen-Arborizacion-en-la-Ciudadela-Metropolitana.jpg 1024w, https:\/\/edumas.gov.co\/wp-content\/uploads\/2023\/10\/2-imagen-Arborizacion-en-la-Ciudadela-Metropolitana-300x200.jpg 300w, https:\/\/edumas.gov.co\/wp-content\/uploads\/2023\/10\/2-imagen-Arborizacion-en-la-Ciudadela-Metropolitana-768x512.jpg 768w\" sizes=\"(max-width: 1024px) 100vw, 1024px\" \/><\/figure>\n\n\n\n<figure class=\"wp-block-image size-large\"><img decoding=\"async\" width=\"1024\" height=\"682\" data-id=\"766\" src=\"https:\/\/test.edumas.gov.co\/wp-content\/uploads\/2023\/10\/3-imagen-Arborizacion-en-la-Ciudadela-Metropolitana.jpg\" alt=\"\" class=\"wp-image-766\" srcset=\"https:\/\/edumas.gov.co\/wp-content\/uploads\/2023\/10\/3-imagen-Arborizacion-en-la-Ciudadela-Metropolitana.jpg 1024w, https:\/\/edumas.gov.co\/wp-content\/uploads\/2023\/10\/3-imagen-Arborizacion-en-la-Ciudadela-Metropolitana-300x200.jpg 300w, https:\/\/edumas.gov.co\/wp-content\/uploads\/2023\/10\/3-imagen-Arborizacion-en-la-Ciudadela-Metropolitana-768x512.jpg 768w\" sizes=\"(max-width: 1024px) 100vw, 1024px\" \/><\/figure>\n\n\n\n<figure class=\"wp-block-image size-large\"><img decoding=\"async\" width=\"1024\" height=\"682\" data-id=\"764\" src=\"https:\/\/test.edumas.gov.co\/wp-content\/uploads\/2023\/10\/4-imagen-Arborizacion-en-la-Ciudadela-Metropolitana.jpg\" alt=\"\" class=\"wp-image-764\" srcset=\"https:\/\/edumas.gov.co\/wp-content\/uploads\/2023\/10\/4-imagen-Arborizacion-en-la-Ciudadela-Metropolitana.jpg 1024w, https:\/\/edumas.gov.co\/wp-content\/uploads\/2023\/10\/4-imagen-Arborizacion-en-la-Ciudadela-Metropolitana-300x200.jpg 300w, https:\/\/edumas.gov.co\/wp-content\/uploads\/2023\/10\/4-imagen-Arborizacion-en-la-Ciudadela-Metropolitana-768x512.jpg 768w\" sizes=\"(max-width: 1024px) 100vw, 1024px\" \/><\/figure>\n<\/figure>\n","protected":false},"excerpt":{"rendered":"<p>En la cancha La Frontera de La Ciudadela Metropolitana, la reina ambiental del Edumas, Leidy Consuegra, las brigadas juveniles ambientales de la Polic\u00eda Nacional y l\u00edderes de la comunidad realizamos una jornada de siembra de \u00e1rboles para el embellecimiento de la zona. Celebramos el liderazgo de los residentes por su iniciativa al realizar acciones por [&hellip;]<\/p>\n","protected":false},"author":1,"featured_media":763,"comment_status":"open","ping_status":"open","sticky":false,"template":"","format":"standard","meta":{"footnotes":""},"categories":[26],"tags":[],"class_list":["post-762","post","type-post","status-publish","format-standard","has-post-thumbnail","hentry","category-noticias"],"yoast_head":"<!-- This site is optimized with the Yoast SEO plugin v27.4 - https:\/\/yoast.com\/product\/yoast-seo-wordpress\/ -->\n<title>Arborizaci\u00f3n en la Ciudadela Metropolitana - Edumas<\/title>\n<meta name=\"robots\" content=\"index, follow, max-snippet:-1, max-image-preview:large, max-video-preview:-1\" \/>\n<link rel=\"canonical\" href=\"https:\/\/edumas.gov.co\/inicio\/2020\/02\/01\/arborizacion-en-la-ciudadela-metropolitana\/\" \/>\n<meta property=\"og:locale\" content=\"es_ES\" \/>\n<meta property=\"og:type\" content=\"article\" \/>\n<meta property=\"og:title\" content=\"Arborizaci\u00f3n en la Ciudadela Metropolitana - Edumas\" \/>\n<meta property=\"og:description\" content=\"En la cancha La Frontera de La Ciudadela Metropolitana, la reina ambiental del Edumas, Leidy Consuegra, las brigadas juveniles ambientales de la Polic\u00eda Nacional y l\u00edderes de la comunidad realizamos una jornada de siembra de \u00e1rboles para el embellecimiento de la zona. Celebramos el liderazgo de los residentes por su iniciativa al realizar acciones por [&hellip;]\" \/>\n<meta property=\"og:url\" content=\"https:\/\/edumas.gov.co\/inicio\/2020\/02\/01\/arborizacion-en-la-ciudadela-metropolitana\/\" \/>\n<meta property=\"og:site_name\" content=\"Edumas\" \/>\n<meta property=\"article:published_time\" content=\"2020-02-01T20:21:00+00:00\" \/>\n<meta property=\"article:modified_time\" content=\"2023-10-11T20:28:07+00:00\" \/>\n<meta property=\"og:image\" content=\"https:\/\/edumas.gov.co\/wp-content\/uploads\/2023\/10\/1-imagen-Arborizacion-en-la-Ciudadela-Metropolitana.jpg\" \/>\n\t<meta property=\"og:image:width\" content=\"1024\" \/>\n\t<meta property=\"og:image:height\" content=\"682\" \/>\n\t<meta property=\"og:image:type\" content=\"image\/jpeg\" \/>\n<meta name=\"author\" content=\"edumas\" \/>\n<meta name=\"twitter:card\" content=\"summary_large_image\" \/>\n<meta name=\"twitter:label1\" content=\"Escrito por\" \/>\n\t<meta name=\"twitter:data1\" content=\"edumas\" \/>\n<script type=\"application\/ld+json\" class=\"yoast-schema-graph\">{\"@context\":\"https:\\\/\\\/schema.org\",\"@graph\":[{\"@type\":\"Article\",\"@id\":\"https:\\\/\\\/edumas.gov.co\\\/inicio\\\/2020\\\/02\\\/01\\\/arborizacion-en-la-ciudadela-metropolitana\\\/#article\",\"isPartOf\":{\"@id\":\"https:\\\/\\\/edumas.gov.co\\\/inicio\\\/2020\\\/02\\\/01\\\/arborizacion-en-la-ciudadela-metropolitana\\\/\"},\"author\":{\"name\":\"edumas\",\"@id\":\"https:\\\/\\\/edumas.gov.co\\\/inicio\\\/#\\\/schema\\\/person\\\/e2e82a662fd06864325b88811079b05a\"},\"headline\":\"Arborizaci\u00f3n en la Ciudadela Metropolitana\",\"datePublished\":\"2020-02-01T20:21:00+00:00\",\"dateModified\":\"2023-10-11T20:28:07+00:00\",\"mainEntityOfPage\":{\"@id\":\"https:\\\/\\\/edumas.gov.co\\\/inicio\\\/2020\\\/02\\\/01\\\/arborizacion-en-la-ciudadela-metropolitana\\\/\"},\"wordCount\":81,\"commentCount\":0,\"publisher\":{\"@id\":\"https:\\\/\\\/edumas.gov.co\\\/inicio\\\/#organization\"},\"image\":{\"@id\":\"https:\\\/\\\/edumas.gov.co\\\/inicio\\\/2020\\\/02\\\/01\\\/arborizacion-en-la-ciudadela-metropolitana\\\/#primaryimage\"},\"thumbnailUrl\":\"https:\\\/\\\/edumas.gov.co\\\/wp-content\\\/uploads\\\/2023\\\/10\\\/1-imagen-Arborizacion-en-la-Ciudadela-Metropolitana.jpg\",\"articleSection\":[\"noticias\"],\"inLanguage\":\"es\",\"potentialAction\":[{\"@type\":\"CommentAction\",\"name\":\"Comment\",\"target\":[\"https:\\\/\\\/edumas.gov.co\\\/inicio\\\/2020\\\/02\\\/01\\\/arborizacion-en-la-ciudadela-metropolitana\\\/#respond\"]}]},{\"@type\":\"WebPage\",\"@id\":\"https:\\\/\\\/edumas.gov.co\\\/inicio\\\/2020\\\/02\\\/01\\\/arborizacion-en-la-ciudadela-metropolitana\\\/\",\"url\":\"https:\\\/\\\/edumas.gov.co\\\/inicio\\\/2020\\\/02\\\/01\\\/arborizacion-en-la-ciudadela-metropolitana\\\/\",\"name\":\"Arborizaci\u00f3n en la Ciudadela Metropolitana - Edumas\",\"isPartOf\":{\"@id\":\"https:\\\/\\\/edumas.gov.co\\\/inicio\\\/#website\"},\"primaryImageOfPage\":{\"@id\":\"https:\\\/\\\/edumas.gov.co\\\/inicio\\\/2020\\\/02\\\/01\\\/arborizacion-en-la-ciudadela-metropolitana\\\/#primaryimage\"},\"image\":{\"@id\":\"https:\\\/\\\/edumas.gov.co\\\/inicio\\\/2020\\\/02\\\/01\\\/arborizacion-en-la-ciudadela-metropolitana\\\/#primaryimage\"},\"thumbnailUrl\":\"https:\\\/\\\/edumas.gov.co\\\/wp-content\\\/uploads\\\/2023\\\/10\\\/1-imagen-Arborizacion-en-la-Ciudadela-Metropolitana.jpg\",\"datePublished\":\"2020-02-01T20:21:00+00:00\",\"dateModified\":\"2023-10-11T20:28:07+00:00\",\"breadcrumb\":{\"@id\":\"https:\\\/\\\/edumas.gov.co\\\/inicio\\\/2020\\\/02\\\/01\\\/arborizacion-en-la-ciudadela-metropolitana\\\/#breadcrumb\"},\"inLanguage\":\"es\",\"potentialAction\":[{\"@type\":\"ReadAction\",\"target\":[\"https:\\\/\\\/edumas.gov.co\\\/inicio\\\/2020\\\/02\\\/01\\\/arborizacion-en-la-ciudadela-metropolitana\\\/\"]}]},{\"@type\":\"ImageObject\",\"inLanguage\":\"es\",\"@id\":\"https:\\\/\\\/edumas.gov.co\\\/inicio\\\/2020\\\/02\\\/01\\\/arborizacion-en-la-ciudadela-metropolitana\\\/#primaryimage\",\"url\":\"https:\\\/\\\/edumas.gov.co\\\/wp-content\\\/uploads\\\/2023\\\/10\\\/1-imagen-Arborizacion-en-la-Ciudadela-Metropolitana.jpg\",\"contentUrl\":\"https:\\\/\\\/edumas.gov.co\\\/wp-content\\\/uploads\\\/2023\\\/10\\\/1-imagen-Arborizacion-en-la-Ciudadela-Metropolitana.jpg\",\"width\":1024,\"height\":682},{\"@type\":\"BreadcrumbList\",\"@id\":\"https:\\\/\\\/edumas.gov.co\\\/inicio\\\/2020\\\/02\\\/01\\\/arborizacion-en-la-ciudadela-metropolitana\\\/#breadcrumb\",\"itemListElement\":[{\"@type\":\"ListItem\",\"position\":1,\"name\":\"Portada\",\"item\":\"https:\\\/\\\/edumas.gov.co\\\/inicio\\\/\"},{\"@type\":\"ListItem\",\"position\":2,\"name\":\"Arborizaci\u00f3n en la Ciudadela Metropolitana\"}]},{\"@type\":\"WebSite\",\"@id\":\"https:\\\/\\\/edumas.gov.co\\\/inicio\\\/#website\",\"url\":\"https:\\\/\\\/edumas.gov.co\\\/inicio\\\/\",\"name\":\"Edumas\",\"description\":\"Edumas\",\"publisher\":{\"@id\":\"https:\\\/\\\/edumas.gov.co\\\/inicio\\\/#organization\"},\"potentialAction\":[{\"@type\":\"SearchAction\",\"target\":{\"@type\":\"EntryPoint\",\"urlTemplate\":\"https:\\\/\\\/edumas.gov.co\\\/inicio\\\/?s={search_term_string}\"},\"query-input\":{\"@type\":\"PropertyValueSpecification\",\"valueRequired\":true,\"valueName\":\"search_term_string\"}}],\"inLanguage\":\"es\"},{\"@type\":\"Organization\",\"@id\":\"https:\\\/\\\/edumas.gov.co\\\/inicio\\\/#organization\",\"name\":\"Edumas\",\"url\":\"https:\\\/\\\/edumas.gov.co\\\/inicio\\\/\",\"logo\":{\"@type\":\"ImageObject\",\"inLanguage\":\"es\",\"@id\":\"https:\\\/\\\/edumas.gov.co\\\/inicio\\\/#\\\/schema\\\/logo\\\/image\\\/\",\"url\":\"https:\\\/\\\/edumas.gov.co\\\/wp-content\\\/uploads\\\/2024\\\/10\\\/Perfil-Instagram-PhotoRoom.png-PhotoRoom.png\",\"contentUrl\":\"https:\\\/\\\/edumas.gov.co\\\/wp-content\\\/uploads\\\/2024\\\/10\\\/Perfil-Instagram-PhotoRoom.png-PhotoRoom.png\",\"width\":648,\"height\":233,\"caption\":\"Edumas\"},\"image\":{\"@id\":\"https:\\\/\\\/edumas.gov.co\\\/inicio\\\/#\\\/schema\\\/logo\\\/image\\\/\"}},{\"@type\":\"Person\",\"@id\":\"https:\\\/\\\/edumas.gov.co\\\/inicio\\\/#\\\/schema\\\/person\\\/e2e82a662fd06864325b88811079b05a\",\"name\":\"edumas\",\"image\":{\"@type\":\"ImageObject\",\"inLanguage\":\"es\",\"@id\":\"https:\\\/\\\/edumas.gov.co\\\/wp-content\\\/uploads\\\/2025\\\/03\\\/WhatsApp-Image-2025-03-06-at-12.44.58-PM-150x150.jpeg\",\"url\":\"https:\\\/\\\/edumas.gov.co\\\/wp-content\\\/uploads\\\/2025\\\/03\\\/WhatsApp-Image-2025-03-06-at-12.44.58-PM-150x150.jpeg\",\"contentUrl\":\"https:\\\/\\\/edumas.gov.co\\\/wp-content\\\/uploads\\\/2025\\\/03\\\/WhatsApp-Image-2025-03-06-at-12.44.58-PM-150x150.jpeg\",\"caption\":\"edumas\"},\"sameAs\":[\"https:\\\/\\\/test.edumas.gov.co\"],\"url\":\"https:\\\/\\\/edumas.gov.co\\\/inicio\\\/author\\\/edumas\\\/\"}]}<\/script>\n<!-- \/ Yoast SEO plugin. -->","yoast_head_json":{"title":"Arborizaci\u00f3n en la Ciudadela Metropolitana - Edumas","robots":{"index":"index","follow":"follow","max-snippet":"max-snippet:-1","max-image-preview":"max-image-preview:large","max-video-preview":"max-video-preview:-1"},"canonical":"https:\/\/edumas.gov.co\/inicio\/2020\/02\/01\/arborizacion-en-la-ciudadela-metropolitana\/","og_locale":"es_ES","og_type":"article","og_title":"Arborizaci\u00f3n en la Ciudadela Metropolitana - Edumas","og_description":"En la cancha La Frontera de La Ciudadela Metropolitana, la reina ambiental del Edumas, Leidy Consuegra, las brigadas juveniles ambientales de la Polic\u00eda Nacional y l\u00edderes de la comunidad realizamos una jornada de siembra de \u00e1rboles para el embellecimiento de la zona. Celebramos el liderazgo de los residentes por su iniciativa al realizar acciones por [&hellip;]","og_url":"https:\/\/edumas.gov.co\/inicio\/2020\/02\/01\/arborizacion-en-la-ciudadela-metropolitana\/","og_site_name":"Edumas","article_published_time":"2020-02-01T20:21:00+00:00","article_modified_time":"2023-10-11T20:28:07+00:00","og_image":[{"width":1024,"height":682,"url":"https:\/\/edumas.gov.co\/wp-content\/uploads\/2023\/10\/1-imagen-Arborizacion-en-la-Ciudadela-Metropolitana.jpg","type":"image\/jpeg"}],"author":"edumas","twitter_card":"summary_large_image","twitter_misc":{"Escrito por":"edumas"},"schema":{"@context":"https:\/\/schema.org","@graph":[{"@type":"Article","@id":"https:\/\/edumas.gov.co\/inicio\/2020\/02\/01\/arborizacion-en-la-ciudadela-metropolitana\/#article","isPartOf":{"@id":"https:\/\/edumas.gov.co\/inicio\/2020\/02\/01\/arborizacion-en-la-ciudadela-metropolitana\/"},"author":{"name":"edumas","@id":"https:\/\/edumas.gov.co\/inicio\/#\/schema\/person\/e2e82a662fd06864325b88811079b05a"},"headline":"Arborizaci\u00f3n en la Ciudadela Metropolitana","datePublished":"2020-02-01T20:21:00+00:00","dateModified":"2023-10-11T20:28:07+00:00","mainEntityOfPage":{"@id":"https:\/\/edumas.gov.co\/inicio\/2020\/02\/01\/arborizacion-en-la-ciudadela-metropolitana\/"},"wordCount":81,"commentCount":0,"publisher":{"@id":"https:\/\/edumas.gov.co\/inicio\/#organization"},"image":{"@id":"https:\/\/edumas.gov.co\/inicio\/2020\/02\/01\/arborizacion-en-la-ciudadela-metropolitana\/#primaryimage"},"thumbnailUrl":"https:\/\/edumas.gov.co\/wp-content\/uploads\/2023\/10\/1-imagen-Arborizacion-en-la-Ciudadela-Metropolitana.jpg","articleSection":["noticias"],"inLanguage":"es","potentialAction":[{"@type":"CommentAction","name":"Comment","target":["https:\/\/edumas.gov.co\/inicio\/2020\/02\/01\/arborizacion-en-la-ciudadela-metropolitana\/#respond"]}]},{"@type":"WebPage","@id":"https:\/\/edumas.gov.co\/inicio\/2020\/02\/01\/arborizacion-en-la-ciudadela-metropolitana\/","url":"https:\/\/edumas.gov.co\/inicio\/2020\/02\/01\/arborizacion-en-la-ciudadela-metropolitana\/","name":"Arborizaci\u00f3n en la Ciudadela Metropolitana - Edumas","isPartOf":{"@id":"https:\/\/edumas.gov.co\/inicio\/#website"},"primaryImageOfPage":{"@id":"https:\/\/edumas.gov.co\/inicio\/2020\/02\/01\/arborizacion-en-la-ciudadela-metropolitana\/#primaryimage"},"image":{"@id":"https:\/\/edumas.gov.co\/inicio\/2020\/02\/01\/arborizacion-en-la-ciudadela-metropolitana\/#primaryimage"},"thumbnailUrl":"https:\/\/edumas.gov.co\/wp-content\/uploads\/2023\/10\/1-imagen-Arborizacion-en-la-Ciudadela-Metropolitana.jpg","datePublished":"2020-02-01T20:21:00+00:00","dateModified":"2023-10-11T20:28:07+00:00","breadcrumb":{"@id":"https:\/\/edumas.gov.co\/inicio\/2020\/02\/01\/arborizacion-en-la-ciudadela-metropolitana\/#breadcrumb"},"inLanguage":"es","potentialAction":[{"@type":"ReadAction","target":["https:\/\/edumas.gov.co\/inicio\/2020\/02\/01\/arborizacion-en-la-ciudadela-metropolitana\/"]}]},{"@type":"ImageObject","inLanguage":"es","@id":"https:\/\/edumas.gov.co\/inicio\/2020\/02\/01\/arborizacion-en-la-ciudadela-metropolitana\/#primaryimage","url":"https:\/\/edumas.gov.co\/wp-content\/uploads\/2023\/10\/1-imagen-Arborizacion-en-la-Ciudadela-Metropolitana.jpg","contentUrl":"https:\/\/edumas.gov.co\/wp-content\/uploads\/2023\/10\/1-imagen-Arborizacion-en-la-Ciudadela-Metropolitana.jpg","width":1024,"height":682},{"@type":"BreadcrumbList","@id":"https:\/\/edumas.gov.co\/inicio\/2020\/02\/01\/arborizacion-en-la-ciudadela-metropolitana\/#breadcrumb","itemListElement":[{"@type":"ListItem","position":1,"name":"Portada","item":"https:\/\/edumas.gov.co\/inicio\/"},{"@type":"ListItem","position":2,"name":"Arborizaci\u00f3n en la Ciudadela Metropolitana"}]},{"@type":"WebSite","@id":"https:\/\/edumas.gov.co\/inicio\/#website","url":"https:\/\/edumas.gov.co\/inicio\/","name":"Edumas","description":"Edumas","publisher":{"@id":"https:\/\/edumas.gov.co\/inicio\/#organization"},"potentialAction":[{"@type":"SearchAction","target":{"@type":"EntryPoint","urlTemplate":"https:\/\/edumas.gov.co\/inicio\/?s={search_term_string}"},"query-input":{"@type":"PropertyValueSpecification","valueRequired":true,"valueName":"search_term_string"}}],"inLanguage":"es"},{"@type":"Organization","@id":"https:\/\/edumas.gov.co\/inicio\/#organization","name":"Edumas","url":"https:\/\/edumas.gov.co\/inicio\/","logo":{"@type":"ImageObject","inLanguage":"es","@id":"https:\/\/edumas.gov.co\/inicio\/#\/schema\/logo\/image\/","url":"https:\/\/edumas.gov.co\/wp-content\/uploads\/2024\/10\/Perfil-Instagram-PhotoRoom.png-PhotoRoom.png","contentUrl":"https:\/\/edumas.gov.co\/wp-content\/uploads\/2024\/10\/Perfil-Instagram-PhotoRoom.png-PhotoRoom.png","width":648,"height":233,"caption":"Edumas"},"image":{"@id":"https:\/\/edumas.gov.co\/inicio\/#\/schema\/logo\/image\/"}},{"@type":"Person","@id":"https:\/\/edumas.gov.co\/inicio\/#\/schema\/person\/e2e82a662fd06864325b88811079b05a","name":"edumas","image":{"@type":"ImageObject","inLanguage":"es","@id":"https:\/\/edumas.gov.co\/wp-content\/uploads\/2025\/03\/WhatsApp-Image-2025-03-06-at-12.44.58-PM-150x150.jpeg","url":"https:\/\/edumas.gov.co\/wp-content\/uploads\/2025\/03\/WhatsApp-Image-2025-03-06-at-12.44.58-PM-150x150.jpeg","contentUrl":"https:\/\/edumas.gov.co\/wp-content\/uploads\/2025\/03\/WhatsApp-Image-2025-03-06-at-12.44.58-PM-150x150.jpeg","caption":"edumas"},"sameAs":["https:\/\/test.edumas.gov.co"],"url":"https:\/\/edumas.gov.co\/inicio\/author\/edumas\/"}]}},"_links":{"self":[{"href":"https:\/\/edumas.gov.co\/inicio\/wp-json\/wp\/v2\/posts\/762","targetHints":{"allow":["GET"]}}],"collection":[{"href":"https:\/\/edumas.gov.co\/inicio\/wp-json\/wp\/v2\/posts"}],"about":[{"href":"https:\/\/edumas.gov.co\/inicio\/wp-json\/wp\/v2\/types\/post"}],"author":[{"embeddable":true,"href":"https:\/\/edumas.gov.co\/inicio\/wp-json\/wp\/v2\/users\/1"}],"replies":[{"embeddable":true,"href":"https:\/\/edumas.gov.co\/inicio\/wp-json\/wp\/v2\/comments?post=762"}],"version-history":[{"count":1,"href":"https:\/\/edumas.gov.co\/inicio\/wp-json\/wp\/v2\/posts\/762\/revisions"}],"predecessor-version":[{"id":767,"href":"https:\/\/edumas.gov.co\/inicio\/wp-json\/wp\/v2\/posts\/762\/revisions\/767"}],"wp:featuredmedia":[{"embeddable":true,"href":"https:\/\/edumas.gov.co\/inicio\/wp-json\/wp\/v2\/media\/763"}],"wp:attachment":[{"href":"https:\/\/edumas.gov.co\/inicio\/wp-json\/wp\/v2\/media?parent=762"}],"wp:term":[{"taxonomy":"category","embeddable":true,"href":"https:\/\/edumas.gov.co\/inicio\/wp-json\/wp\/v2\/categories?post=762"},{"taxonomy":"post_tag","embeddable":true,"href":"https:\/\/edumas.gov.co\/inicio\/wp-json\/wp\/v2\/tags?post=762"}],"curies":[{"name":"wp","href":"https:\/\/api.w.org\/{rel}","templated":true}]}}