{"id":799,"date":"2020-03-06T21:17:00","date_gmt":"2020-03-06T21:17:00","guid":{"rendered":"https:\/\/test.edumas.gov.co\/?p=799"},"modified":"2023-10-11T21:24:30","modified_gmt":"2023-10-11T21:24:30","slug":"primera-mesa-tecnica-de-economia-circular-para-soledad","status":"publish","type":"post","link":"https:\/\/edumas.gov.co\/inicio\/2020\/03\/06\/primera-mesa-tecnica-de-economia-circular-para-soledad\/","title":{"rendered":"Primera Mesa T\u00e9cnica de Econom\u00eda Circular para Soledad"},"content":{"rendered":"\n<p class=\"wp-block-paragraph\">Con la participaci\u00f3n del Alcalde de Soledad, Rodolfo Ucr\u00f3s Rosales; el Presidente del Concejo, Jairo Samper; el Secretario de Planeaci\u00f3n, Leonardo Pereira y el Gerente de Edumas, Carlos Consuegra Primo; se dio por instalada la Primera Mesa T\u00e9cnica de Econom\u00eda Circular en las instalaciones del Establecimiento. Estas mesas tienen como objetivo implementar en la ciudad de Soledad el Decreto 2412 del 24 de diciembre del 2018 del Ministerio de Vivienda, Ciudad y Territorio en lo relacionado con la Econom\u00eda Circular.<\/p>\n\n\n\n<p class=\"wp-block-paragraph\">Esta iniciativa ambiental contempla el aprovechamiento de los residuos s\u00f3lidos desde el momento de su disposici\u00f3n por parte del usuario hasta la transformaci\u00f3n y\/o reutilizaci\u00f3n aprovechable; y de esta manera, continuar con el mismo ciclo y minimizar el uso de nuevas materias primas. La premisa de Edumas de \u201cSoledad Cero Basura\u201d que se ha contemplado desde la instalaci\u00f3n de la nueva administraci\u00f3n del Gerente, Carlos Consuegra, visiona la implementaci\u00f3n de la Econom\u00eda Circular con el componente de cambio de comportamientos entre la poblaci\u00f3n que refuerce la meta de alcanzar entornos acordes a las necesidades ambientales; entre otros proyectos<\/p>\n\n\n\n<figure class=\"wp-block-gallery has-nested-images columns-default is-cropped wp-block-gallery-1 is-layout-flex wp-block-gallery-is-layout-flex\">\n<figure class=\"wp-block-image size-large\"><img fetchpriority=\"high\" decoding=\"async\" width=\"1024\" height=\"682\" data-id=\"802\" src=\"https:\/\/test.edumas.gov.co\/wp-content\/uploads\/2023\/10\/3-imagen-Primera-Mesa-Tecnica-de-Economia-Circular-para-Soledad.jpeg\" alt=\"\" class=\"wp-image-802\" srcset=\"https:\/\/edumas.gov.co\/wp-content\/uploads\/2023\/10\/3-imagen-Primera-Mesa-Tecnica-de-Economia-Circular-para-Soledad.jpeg 1024w, https:\/\/edumas.gov.co\/wp-content\/uploads\/2023\/10\/3-imagen-Primera-Mesa-Tecnica-de-Economia-Circular-para-Soledad-300x200.jpeg 300w, https:\/\/edumas.gov.co\/wp-content\/uploads\/2023\/10\/3-imagen-Primera-Mesa-Tecnica-de-Economia-Circular-para-Soledad-768x512.jpeg 768w\" sizes=\"(max-width: 1024px) 100vw, 1024px\" \/><\/figure>\n\n\n\n<figure class=\"wp-block-image size-large\"><img decoding=\"async\" width=\"1024\" height=\"682\" data-id=\"801\" src=\"https:\/\/test.edumas.gov.co\/wp-content\/uploads\/2023\/10\/2-imagen-Primera-Mesa-Tecnica-de-Economia-Circular-para-Soledad.jpeg\" alt=\"\" class=\"wp-image-801\" srcset=\"https:\/\/edumas.gov.co\/wp-content\/uploads\/2023\/10\/2-imagen-Primera-Mesa-Tecnica-de-Economia-Circular-para-Soledad.jpeg 1024w, https:\/\/edumas.gov.co\/wp-content\/uploads\/2023\/10\/2-imagen-Primera-Mesa-Tecnica-de-Economia-Circular-para-Soledad-300x200.jpeg 300w, https:\/\/edumas.gov.co\/wp-content\/uploads\/2023\/10\/2-imagen-Primera-Mesa-Tecnica-de-Economia-Circular-para-Soledad-768x512.jpeg 768w\" sizes=\"(max-width: 1024px) 100vw, 1024px\" \/><\/figure>\n<\/figure>\n\n\n\n<p class=\"wp-block-paragraph\">\u201cCon esta Mesa T\u00e9cnica se da inicio para que todos aquellos proyectos que de alguna manera contribuyen al reciclaje, al aprovechamiento integral de todos los desechos y residuos que se producen en Soledad, tengan recursos y financiamiento para su ejecuci\u00f3n y puedan volverse una realidad; y de esta manera podamos tener una Soledad sostenible y amigable con el medio ambiente\u201d, complement\u00f3 el Gerente de Edumas, Carlos Consuegra.<\/p>\n\n\n\n<p class=\"wp-block-paragraph\">La primera mesa tambi\u00e9n cont\u00f3 con el concurso del Gerente de Interaseo SAS, Luis G\u00f3mez; del Gerente de la Interventor\u00eda de Aseo, Jes\u00fas Padilla; la representante de Aso Universal de Recicladores, Sidid Leones y el representante de la Fundaci\u00f3n Bioluna, Carlos P\u00e9rez.<\/p>\n\n\n\n<p class=\"wp-block-paragraph\">Con la Econom\u00eda Circular, Edumas ratifica su decisi\u00f3n de implementar proyectos de impacto que involucren a los diferentes actores sociales por una \u201cSoledad Cero Basura\u201d.<\/p>\n","protected":false},"excerpt":{"rendered":"<p>Con la participaci\u00f3n del Alcalde de Soledad, Rodolfo Ucr\u00f3s Rosales; el Presidente del Concejo, Jairo Samper; el Secretario de Planeaci\u00f3n, Leonardo Pereira y el Gerente de Edumas, Carlos Consuegra Primo; se dio por instalada la Primera Mesa T\u00e9cnica de Econom\u00eda Circular en las instalaciones del Establecimiento. Estas mesas tienen como objetivo implementar en la ciudad [&hellip;]<\/p>\n","protected":false},"author":1,"featured_media":800,"comment_status":"open","ping_status":"open","sticky":false,"template":"","format":"standard","meta":{"footnotes":""},"categories":[26],"tags":[],"class_list":["post-799","post","type-post","status-publish","format-standard","has-post-thumbnail","hentry","category-noticias"],"yoast_head":"<!-- This site is optimized with the Yoast SEO plugin v27.4 - https:\/\/yoast.com\/product\/yoast-seo-wordpress\/ -->\n<title>Primera Mesa T\u00e9cnica de Econom\u00eda Circular para Soledad - Edumas<\/title>\n<meta name=\"robots\" content=\"index, follow, max-snippet:-1, max-image-preview:large, max-video-preview:-1\" \/>\n<link rel=\"canonical\" href=\"https:\/\/edumas.gov.co\/inicio\/2020\/03\/06\/primera-mesa-tecnica-de-economia-circular-para-soledad\/\" \/>\n<meta property=\"og:locale\" content=\"es_ES\" \/>\n<meta property=\"og:type\" content=\"article\" \/>\n<meta property=\"og:title\" content=\"Primera Mesa T\u00e9cnica de Econom\u00eda Circular para Soledad - Edumas\" \/>\n<meta property=\"og:description\" content=\"Con la participaci\u00f3n del Alcalde de Soledad, Rodolfo Ucr\u00f3s Rosales; el Presidente del Concejo, Jairo Samper; el Secretario de Planeaci\u00f3n, Leonardo Pereira y el Gerente de Edumas, Carlos Consuegra Primo; se dio por instalada la Primera Mesa T\u00e9cnica de Econom\u00eda Circular en las instalaciones del Establecimiento. Estas mesas tienen como objetivo implementar en la ciudad [&hellip;]\" \/>\n<meta property=\"og:url\" content=\"https:\/\/edumas.gov.co\/inicio\/2020\/03\/06\/primera-mesa-tecnica-de-economia-circular-para-soledad\/\" \/>\n<meta property=\"og:site_name\" content=\"Edumas\" \/>\n<meta property=\"article:published_time\" content=\"2020-03-06T21:17:00+00:00\" \/>\n<meta property=\"article:modified_time\" content=\"2023-10-11T21:24:30+00:00\" \/>\n<meta property=\"og:image\" content=\"https:\/\/edumas.gov.co\/wp-content\/uploads\/2023\/10\/1-imagen-Primera-Mesa-Tecnica-de-Economia-Circular-para-Soledad.jpeg\" \/>\n\t<meta property=\"og:image:width\" content=\"1024\" \/>\n\t<meta property=\"og:image:height\" content=\"682\" \/>\n\t<meta property=\"og:image:type\" content=\"image\/jpeg\" \/>\n<meta name=\"author\" content=\"edumas\" \/>\n<meta name=\"twitter:card\" content=\"summary_large_image\" \/>\n<meta name=\"twitter:label1\" content=\"Escrito por\" \/>\n\t<meta name=\"twitter:data1\" content=\"edumas\" \/>\n\t<meta name=\"twitter:label2\" content=\"Tiempo de lectura\" \/>\n\t<meta name=\"twitter:data2\" content=\"2 minutos\" \/>\n<script type=\"application\/ld+json\" class=\"yoast-schema-graph\">{\"@context\":\"https:\\\/\\\/schema.org\",\"@graph\":[{\"@type\":\"Article\",\"@id\":\"https:\\\/\\\/edumas.gov.co\\\/inicio\\\/2020\\\/03\\\/06\\\/primera-mesa-tecnica-de-economia-circular-para-soledad\\\/#article\",\"isPartOf\":{\"@id\":\"https:\\\/\\\/edumas.gov.co\\\/inicio\\\/2020\\\/03\\\/06\\\/primera-mesa-tecnica-de-economia-circular-para-soledad\\\/\"},\"author\":{\"name\":\"edumas\",\"@id\":\"https:\\\/\\\/edumas.gov.co\\\/inicio\\\/#\\\/schema\\\/person\\\/e2e82a662fd06864325b88811079b05a\"},\"headline\":\"Primera Mesa T\u00e9cnica de Econom\u00eda Circular para Soledad\",\"datePublished\":\"2020-03-06T21:17:00+00:00\",\"dateModified\":\"2023-10-11T21:24:30+00:00\",\"mainEntityOfPage\":{\"@id\":\"https:\\\/\\\/edumas.gov.co\\\/inicio\\\/2020\\\/03\\\/06\\\/primera-mesa-tecnica-de-economia-circular-para-soledad\\\/\"},\"wordCount\":345,\"commentCount\":0,\"publisher\":{\"@id\":\"https:\\\/\\\/edumas.gov.co\\\/inicio\\\/#organization\"},\"image\":{\"@id\":\"https:\\\/\\\/edumas.gov.co\\\/inicio\\\/2020\\\/03\\\/06\\\/primera-mesa-tecnica-de-economia-circular-para-soledad\\\/#primaryimage\"},\"thumbnailUrl\":\"https:\\\/\\\/edumas.gov.co\\\/wp-content\\\/uploads\\\/2023\\\/10\\\/1-imagen-Primera-Mesa-Tecnica-de-Economia-Circular-para-Soledad.jpeg\",\"articleSection\":[\"noticias\"],\"inLanguage\":\"es\",\"potentialAction\":[{\"@type\":\"CommentAction\",\"name\":\"Comment\",\"target\":[\"https:\\\/\\\/edumas.gov.co\\\/inicio\\\/2020\\\/03\\\/06\\\/primera-mesa-tecnica-de-economia-circular-para-soledad\\\/#respond\"]}]},{\"@type\":\"WebPage\",\"@id\":\"https:\\\/\\\/edumas.gov.co\\\/inicio\\\/2020\\\/03\\\/06\\\/primera-mesa-tecnica-de-economia-circular-para-soledad\\\/\",\"url\":\"https:\\\/\\\/edumas.gov.co\\\/inicio\\\/2020\\\/03\\\/06\\\/primera-mesa-tecnica-de-economia-circular-para-soledad\\\/\",\"name\":\"Primera Mesa T\u00e9cnica de Econom\u00eda Circular para Soledad - Edumas\",\"isPartOf\":{\"@id\":\"https:\\\/\\\/edumas.gov.co\\\/inicio\\\/#website\"},\"primaryImageOfPage\":{\"@id\":\"https:\\\/\\\/edumas.gov.co\\\/inicio\\\/2020\\\/03\\\/06\\\/primera-mesa-tecnica-de-economia-circular-para-soledad\\\/#primaryimage\"},\"image\":{\"@id\":\"https:\\\/\\\/edumas.gov.co\\\/inicio\\\/2020\\\/03\\\/06\\\/primera-mesa-tecnica-de-economia-circular-para-soledad\\\/#primaryimage\"},\"thumbnailUrl\":\"https:\\\/\\\/edumas.gov.co\\\/wp-content\\\/uploads\\\/2023\\\/10\\\/1-imagen-Primera-Mesa-Tecnica-de-Economia-Circular-para-Soledad.jpeg\",\"datePublished\":\"2020-03-06T21:17:00+00:00\",\"dateModified\":\"2023-10-11T21:24:30+00:00\",\"breadcrumb\":{\"@id\":\"https:\\\/\\\/edumas.gov.co\\\/inicio\\\/2020\\\/03\\\/06\\\/primera-mesa-tecnica-de-economia-circular-para-soledad\\\/#breadcrumb\"},\"inLanguage\":\"es\",\"potentialAction\":[{\"@type\":\"ReadAction\",\"target\":[\"https:\\\/\\\/edumas.gov.co\\\/inicio\\\/2020\\\/03\\\/06\\\/primera-mesa-tecnica-de-economia-circular-para-soledad\\\/\"]}]},{\"@type\":\"ImageObject\",\"inLanguage\":\"es\",\"@id\":\"https:\\\/\\\/edumas.gov.co\\\/inicio\\\/2020\\\/03\\\/06\\\/primera-mesa-tecnica-de-economia-circular-para-soledad\\\/#primaryimage\",\"url\":\"https:\\\/\\\/edumas.gov.co\\\/wp-content\\\/uploads\\\/2023\\\/10\\\/1-imagen-Primera-Mesa-Tecnica-de-Economia-Circular-para-Soledad.jpeg\",\"contentUrl\":\"https:\\\/\\\/edumas.gov.co\\\/wp-content\\\/uploads\\\/2023\\\/10\\\/1-imagen-Primera-Mesa-Tecnica-de-Economia-Circular-para-Soledad.jpeg\",\"width\":1024,\"height\":682},{\"@type\":\"BreadcrumbList\",\"@id\":\"https:\\\/\\\/edumas.gov.co\\\/inicio\\\/2020\\\/03\\\/06\\\/primera-mesa-tecnica-de-economia-circular-para-soledad\\\/#breadcrumb\",\"itemListElement\":[{\"@type\":\"ListItem\",\"position\":1,\"name\":\"Portada\",\"item\":\"https:\\\/\\\/edumas.gov.co\\\/inicio\\\/\"},{\"@type\":\"ListItem\",\"position\":2,\"name\":\"Primera Mesa T\u00e9cnica de Econom\u00eda Circular para Soledad\"}]},{\"@type\":\"WebSite\",\"@id\":\"https:\\\/\\\/edumas.gov.co\\\/inicio\\\/#website\",\"url\":\"https:\\\/\\\/edumas.gov.co\\\/inicio\\\/\",\"name\":\"Edumas\",\"description\":\"Edumas\",\"publisher\":{\"@id\":\"https:\\\/\\\/edumas.gov.co\\\/inicio\\\/#organization\"},\"potentialAction\":[{\"@type\":\"SearchAction\",\"target\":{\"@type\":\"EntryPoint\",\"urlTemplate\":\"https:\\\/\\\/edumas.gov.co\\\/inicio\\\/?s={search_term_string}\"},\"query-input\":{\"@type\":\"PropertyValueSpecification\",\"valueRequired\":true,\"valueName\":\"search_term_string\"}}],\"inLanguage\":\"es\"},{\"@type\":\"Organization\",\"@id\":\"https:\\\/\\\/edumas.gov.co\\\/inicio\\\/#organization\",\"name\":\"Edumas\",\"url\":\"https:\\\/\\\/edumas.gov.co\\\/inicio\\\/\",\"logo\":{\"@type\":\"ImageObject\",\"inLanguage\":\"es\",\"@id\":\"https:\\\/\\\/edumas.gov.co\\\/inicio\\\/#\\\/schema\\\/logo\\\/image\\\/\",\"url\":\"https:\\\/\\\/edumas.gov.co\\\/wp-content\\\/uploads\\\/2024\\\/10\\\/Perfil-Instagram-PhotoRoom.png-PhotoRoom.png\",\"contentUrl\":\"https:\\\/\\\/edumas.gov.co\\\/wp-content\\\/uploads\\\/2024\\\/10\\\/Perfil-Instagram-PhotoRoom.png-PhotoRoom.png\",\"width\":648,\"height\":233,\"caption\":\"Edumas\"},\"image\":{\"@id\":\"https:\\\/\\\/edumas.gov.co\\\/inicio\\\/#\\\/schema\\\/logo\\\/image\\\/\"}},{\"@type\":\"Person\",\"@id\":\"https:\\\/\\\/edumas.gov.co\\\/inicio\\\/#\\\/schema\\\/person\\\/e2e82a662fd06864325b88811079b05a\",\"name\":\"edumas\",\"image\":{\"@type\":\"ImageObject\",\"inLanguage\":\"es\",\"@id\":\"https:\\\/\\\/edumas.gov.co\\\/wp-content\\\/uploads\\\/2025\\\/03\\\/WhatsApp-Image-2025-03-06-at-12.44.58-PM-150x150.jpeg\",\"url\":\"https:\\\/\\\/edumas.gov.co\\\/wp-content\\\/uploads\\\/2025\\\/03\\\/WhatsApp-Image-2025-03-06-at-12.44.58-PM-150x150.jpeg\",\"contentUrl\":\"https:\\\/\\\/edumas.gov.co\\\/wp-content\\\/uploads\\\/2025\\\/03\\\/WhatsApp-Image-2025-03-06-at-12.44.58-PM-150x150.jpeg\",\"caption\":\"edumas\"},\"sameAs\":[\"https:\\\/\\\/test.edumas.gov.co\"],\"url\":\"https:\\\/\\\/edumas.gov.co\\\/inicio\\\/author\\\/edumas\\\/\"}]}<\/script>\n<!-- \/ Yoast SEO plugin. -->","yoast_head_json":{"title":"Primera Mesa T\u00e9cnica de Econom\u00eda Circular para Soledad - Edumas","robots":{"index":"index","follow":"follow","max-snippet":"max-snippet:-1","max-image-preview":"max-image-preview:large","max-video-preview":"max-video-preview:-1"},"canonical":"https:\/\/edumas.gov.co\/inicio\/2020\/03\/06\/primera-mesa-tecnica-de-economia-circular-para-soledad\/","og_locale":"es_ES","og_type":"article","og_title":"Primera Mesa T\u00e9cnica de Econom\u00eda Circular para Soledad - Edumas","og_description":"Con la participaci\u00f3n del Alcalde de Soledad, Rodolfo Ucr\u00f3s Rosales; el Presidente del Concejo, Jairo Samper; el Secretario de Planeaci\u00f3n, Leonardo Pereira y el Gerente de Edumas, Carlos Consuegra Primo; se dio por instalada la Primera Mesa T\u00e9cnica de Econom\u00eda Circular en las instalaciones del Establecimiento. Estas mesas tienen como objetivo implementar en la ciudad [&hellip;]","og_url":"https:\/\/edumas.gov.co\/inicio\/2020\/03\/06\/primera-mesa-tecnica-de-economia-circular-para-soledad\/","og_site_name":"Edumas","article_published_time":"2020-03-06T21:17:00+00:00","article_modified_time":"2023-10-11T21:24:30+00:00","og_image":[{"width":1024,"height":682,"url":"https:\/\/edumas.gov.co\/wp-content\/uploads\/2023\/10\/1-imagen-Primera-Mesa-Tecnica-de-Economia-Circular-para-Soledad.jpeg","type":"image\/jpeg"}],"author":"edumas","twitter_card":"summary_large_image","twitter_misc":{"Escrito por":"edumas","Tiempo de lectura":"2 minutos"},"schema":{"@context":"https:\/\/schema.org","@graph":[{"@type":"Article","@id":"https:\/\/edumas.gov.co\/inicio\/2020\/03\/06\/primera-mesa-tecnica-de-economia-circular-para-soledad\/#article","isPartOf":{"@id":"https:\/\/edumas.gov.co\/inicio\/2020\/03\/06\/primera-mesa-tecnica-de-economia-circular-para-soledad\/"},"author":{"name":"edumas","@id":"https:\/\/edumas.gov.co\/inicio\/#\/schema\/person\/e2e82a662fd06864325b88811079b05a"},"headline":"Primera Mesa T\u00e9cnica de Econom\u00eda Circular para Soledad","datePublished":"2020-03-06T21:17:00+00:00","dateModified":"2023-10-11T21:24:30+00:00","mainEntityOfPage":{"@id":"https:\/\/edumas.gov.co\/inicio\/2020\/03\/06\/primera-mesa-tecnica-de-economia-circular-para-soledad\/"},"wordCount":345,"commentCount":0,"publisher":{"@id":"https:\/\/edumas.gov.co\/inicio\/#organization"},"image":{"@id":"https:\/\/edumas.gov.co\/inicio\/2020\/03\/06\/primera-mesa-tecnica-de-economia-circular-para-soledad\/#primaryimage"},"thumbnailUrl":"https:\/\/edumas.gov.co\/wp-content\/uploads\/2023\/10\/1-imagen-Primera-Mesa-Tecnica-de-Economia-Circular-para-Soledad.jpeg","articleSection":["noticias"],"inLanguage":"es","potentialAction":[{"@type":"CommentAction","name":"Comment","target":["https:\/\/edumas.gov.co\/inicio\/2020\/03\/06\/primera-mesa-tecnica-de-economia-circular-para-soledad\/#respond"]}]},{"@type":"WebPage","@id":"https:\/\/edumas.gov.co\/inicio\/2020\/03\/06\/primera-mesa-tecnica-de-economia-circular-para-soledad\/","url":"https:\/\/edumas.gov.co\/inicio\/2020\/03\/06\/primera-mesa-tecnica-de-economia-circular-para-soledad\/","name":"Primera Mesa T\u00e9cnica de Econom\u00eda Circular para Soledad - Edumas","isPartOf":{"@id":"https:\/\/edumas.gov.co\/inicio\/#website"},"primaryImageOfPage":{"@id":"https:\/\/edumas.gov.co\/inicio\/2020\/03\/06\/primera-mesa-tecnica-de-economia-circular-para-soledad\/#primaryimage"},"image":{"@id":"https:\/\/edumas.gov.co\/inicio\/2020\/03\/06\/primera-mesa-tecnica-de-economia-circular-para-soledad\/#primaryimage"},"thumbnailUrl":"https:\/\/edumas.gov.co\/wp-content\/uploads\/2023\/10\/1-imagen-Primera-Mesa-Tecnica-de-Economia-Circular-para-Soledad.jpeg","datePublished":"2020-03-06T21:17:00+00:00","dateModified":"2023-10-11T21:24:30+00:00","breadcrumb":{"@id":"https:\/\/edumas.gov.co\/inicio\/2020\/03\/06\/primera-mesa-tecnica-de-economia-circular-para-soledad\/#breadcrumb"},"inLanguage":"es","potentialAction":[{"@type":"ReadAction","target":["https:\/\/edumas.gov.co\/inicio\/2020\/03\/06\/primera-mesa-tecnica-de-economia-circular-para-soledad\/"]}]},{"@type":"ImageObject","inLanguage":"es","@id":"https:\/\/edumas.gov.co\/inicio\/2020\/03\/06\/primera-mesa-tecnica-de-economia-circular-para-soledad\/#primaryimage","url":"https:\/\/edumas.gov.co\/wp-content\/uploads\/2023\/10\/1-imagen-Primera-Mesa-Tecnica-de-Economia-Circular-para-Soledad.jpeg","contentUrl":"https:\/\/edumas.gov.co\/wp-content\/uploads\/2023\/10\/1-imagen-Primera-Mesa-Tecnica-de-Economia-Circular-para-Soledad.jpeg","width":1024,"height":682},{"@type":"BreadcrumbList","@id":"https:\/\/edumas.gov.co\/inicio\/2020\/03\/06\/primera-mesa-tecnica-de-economia-circular-para-soledad\/#breadcrumb","itemListElement":[{"@type":"ListItem","position":1,"name":"Portada","item":"https:\/\/edumas.gov.co\/inicio\/"},{"@type":"ListItem","position":2,"name":"Primera Mesa T\u00e9cnica de Econom\u00eda Circular para Soledad"}]},{"@type":"WebSite","@id":"https:\/\/edumas.gov.co\/inicio\/#website","url":"https:\/\/edumas.gov.co\/inicio\/","name":"Edumas","description":"Edumas","publisher":{"@id":"https:\/\/edumas.gov.co\/inicio\/#organization"},"potentialAction":[{"@type":"SearchAction","target":{"@type":"EntryPoint","urlTemplate":"https:\/\/edumas.gov.co\/inicio\/?s={search_term_string}"},"query-input":{"@type":"PropertyValueSpecification","valueRequired":true,"valueName":"search_term_string"}}],"inLanguage":"es"},{"@type":"Organization","@id":"https:\/\/edumas.gov.co\/inicio\/#organization","name":"Edumas","url":"https:\/\/edumas.gov.co\/inicio\/","logo":{"@type":"ImageObject","inLanguage":"es","@id":"https:\/\/edumas.gov.co\/inicio\/#\/schema\/logo\/image\/","url":"https:\/\/edumas.gov.co\/wp-content\/uploads\/2024\/10\/Perfil-Instagram-PhotoRoom.png-PhotoRoom.png","contentUrl":"https:\/\/edumas.gov.co\/wp-content\/uploads\/2024\/10\/Perfil-Instagram-PhotoRoom.png-PhotoRoom.png","width":648,"height":233,"caption":"Edumas"},"image":{"@id":"https:\/\/edumas.gov.co\/inicio\/#\/schema\/logo\/image\/"}},{"@type":"Person","@id":"https:\/\/edumas.gov.co\/inicio\/#\/schema\/person\/e2e82a662fd06864325b88811079b05a","name":"edumas","image":{"@type":"ImageObject","inLanguage":"es","@id":"https:\/\/edumas.gov.co\/wp-content\/uploads\/2025\/03\/WhatsApp-Image-2025-03-06-at-12.44.58-PM-150x150.jpeg","url":"https:\/\/edumas.gov.co\/wp-content\/uploads\/2025\/03\/WhatsApp-Image-2025-03-06-at-12.44.58-PM-150x150.jpeg","contentUrl":"https:\/\/edumas.gov.co\/wp-content\/uploads\/2025\/03\/WhatsApp-Image-2025-03-06-at-12.44.58-PM-150x150.jpeg","caption":"edumas"},"sameAs":["https:\/\/test.edumas.gov.co"],"url":"https:\/\/edumas.gov.co\/inicio\/author\/edumas\/"}]}},"_links":{"self":[{"href":"https:\/\/edumas.gov.co\/inicio\/wp-json\/wp\/v2\/posts\/799","targetHints":{"allow":["GET"]}}],"collection":[{"href":"https:\/\/edumas.gov.co\/inicio\/wp-json\/wp\/v2\/posts"}],"about":[{"href":"https:\/\/edumas.gov.co\/inicio\/wp-json\/wp\/v2\/types\/post"}],"author":[{"embeddable":true,"href":"https:\/\/edumas.gov.co\/inicio\/wp-json\/wp\/v2\/users\/1"}],"replies":[{"embeddable":true,"href":"https:\/\/edumas.gov.co\/inicio\/wp-json\/wp\/v2\/comments?post=799"}],"version-history":[{"count":1,"href":"https:\/\/edumas.gov.co\/inicio\/wp-json\/wp\/v2\/posts\/799\/revisions"}],"predecessor-version":[{"id":803,"href":"https:\/\/edumas.gov.co\/inicio\/wp-json\/wp\/v2\/posts\/799\/revisions\/803"}],"wp:featuredmedia":[{"embeddable":true,"href":"https:\/\/edumas.gov.co\/inicio\/wp-json\/wp\/v2\/media\/800"}],"wp:attachment":[{"href":"https:\/\/edumas.gov.co\/inicio\/wp-json\/wp\/v2\/media?parent=799"}],"wp:term":[{"taxonomy":"category","embeddable":true,"href":"https:\/\/edumas.gov.co\/inicio\/wp-json\/wp\/v2\/categories?post=799"},{"taxonomy":"post_tag","embeddable":true,"href":"https:\/\/edumas.gov.co\/inicio\/wp-json\/wp\/v2\/tags?post=799"}],"curies":[{"name":"wp","href":"https:\/\/api.w.org\/{rel}","templated":true}]}}