{"id":8802,"date":"2026-06-30T12:53:01","date_gmt":"2026-06-30T12:53:01","guid":{"rendered":"https:\/\/edumas.gov.co\/inicio\/?p=8802"},"modified":"2026-07-10T13:17:00","modified_gmt":"2026-07-10T13:17:00","slug":"el-edumas-presento-su-rendicion-de-cuentas-2025-destacando-avances-en-gestion-ambiental-desarrollo-urbano-y-fortalecimiento-institucional","status":"publish","type":"post","link":"https:\/\/edumas.gov.co\/inicio\/2026\/06\/30\/el-edumas-presento-su-rendicion-de-cuentas-2025-destacando-avances-en-gestion-ambiental-desarrollo-urbano-y-fortalecimiento-institucional\/","title":{"rendered":"El Edumas present\u00f3 su rendici\u00f3n de cuentas 2025 destacando avances en gesti\u00f3n ambiental, desarrollo urbano y fortalecimiento institucional"},"content":{"rendered":"\n<p class=\"wp-block-paragraph\">El Establecimiento de Desarrollo Urbano y Medio Ambiente de Soledad \u2013 Edumas, present\u00f3 oficialmente su rendici\u00f3n de cuentas 2025 el pasado 30 de junio, un ejercicio de transparencia mediante el cual socializ\u00f3 los principales resultados alcanzados durante la vigencia en materia de gesti\u00f3n ambiental, espacio p\u00fablico, fortalecimiento institucional, gesti\u00f3n financiera y atenci\u00f3n a la ciudadan\u00eda.<\/p>\n\n\n\n<p class=\"wp-block-paragraph\">La presentaci\u00f3n destac\u00f3 el impacto de los programas de restauraci\u00f3n forestal y educaci\u00f3n ambiental, que permitieron la siembra de 1.800 \u00e1rboles y pl\u00e1ntulas, la realizaci\u00f3n de 36 jornadas de siembra y la vinculaci\u00f3n de m\u00e1s de 3.000 ciudadanos en acciones de conservaci\u00f3n ambiental. Asimismo, m\u00e1s de 500 recicladores de oficio participaron en procesos de caracterizaci\u00f3n y de puntos de acopio.<\/p>\n\n\n\n<div class=\"wp-block-media-text is-stacked-on-mobile\"><figure class=\"wp-block-media-text__media\"><img fetchpriority=\"high\" decoding=\"async\" width=\"1024\" height=\"768\" src=\"https:\/\/edumas.gov.co\/wp-content\/uploads\/2026\/07\/Rendicion-de-cuentas-1024x768.jpeg\" alt=\"\" class=\"wp-image-8804 size-full\" srcset=\"https:\/\/edumas.gov.co\/wp-content\/uploads\/2026\/07\/Rendicion-de-cuentas-1024x768.jpeg 1024w, https:\/\/edumas.gov.co\/wp-content\/uploads\/2026\/07\/Rendicion-de-cuentas-300x225.jpeg 300w, https:\/\/edumas.gov.co\/wp-content\/uploads\/2026\/07\/Rendicion-de-cuentas-768x576.jpeg 768w, https:\/\/edumas.gov.co\/wp-content\/uploads\/2026\/07\/Rendicion-de-cuentas-1536x1152.jpeg 1536w, https:\/\/edumas.gov.co\/wp-content\/uploads\/2026\/07\/Rendicion-de-cuentas-2048x1536.jpeg 2048w, https:\/\/edumas.gov.co\/wp-content\/uploads\/2026\/07\/Rendicion-de-cuentas-1320x990.jpeg 1320w\" sizes=\"(max-width: 1024px) 100vw, 1024px\" \/><\/figure><div class=\"wp-block-media-text__content\">\n<p class=\"wp-block-paragraph\">En materia de recuperaci\u00f3n ambiental, el Edumas intervino 3,43 kil\u00f3metros de arroyos urbanos, recuperando 7.241 metros c\u00fabicos y ejecutando 17 jornadas de limpieza en puntos priorizados del municipio. Paralelamente, adelant\u00f3 labores de mantenimiento en 190.008 metros cuadrados de zonas verdes, mejorando los espacios p\u00fablicos para el disfrute de la comunidad.<\/p>\n<\/div><\/div>\n\n\n\n<p class=\"wp-block-paragraph\">En el componente de desarrollo urbano y control del espacio p\u00fablico, la entidad consolid\u00f3 acciones de inspecci\u00f3n y seguimiento a la publicidad exterior visual y a las intervenciones sobre el espacio p\u00fablico, logrando importantes resultados tanto en control administrativo como en recaudo para el municipio.<\/p>\n\n\n\n<p class=\"wp-block-paragraph\">La rendici\u00f3n de cuentas tambi\u00e9n evidenci\u00f3 una gesti\u00f3n administrativa orientada a la eficiencia institucional. Durante la vigencia se atendieron 2.876 PQRSD, alcanzando un \u00edndice de respuesta del 92 % (pendientes las \u00faltimas que ingresaron finalizando la vigencia, las cuales fueron respondidas a inicios de 2026), mientras que la gesti\u00f3n financiera report\u00f3 una ejecuci\u00f3n del 88 % en ingresos y del 83,1 % en el presupuesto de gastos.<\/p>\n\n\n\n<p class=\"wp-block-paragraph\">Como parte de su estrategia de modernizaci\u00f3n, el Edumas fortaleci\u00f3 sus procesos de comunicaci\u00f3n y transformaci\u00f3n digital mediante la publicaci\u00f3n de contenidos institucionales, el mejoramiento de la transparencia y la implementaci\u00f3n de herramientas tecnol\u00f3gicas que contribuyen a una gesti\u00f3n m\u00e1s eficiente y cercana a la ciudadan\u00eda.<\/p>\n\n\n\n<p class=\"wp-block-paragraph\">Para conocer al detalle, reviva la rendici\u00f3n de cuentas 2025 del Edumas: <a href=\"https:\/\/www.youtube.com\/watch?v=03S2sHp0zcY&amp;t=206s\">https:\/\/www.youtube.com\/watch?v=03S2sHp0zcY&amp;t=206s<\/a><\/p>\n","protected":false},"excerpt":{"rendered":"<p>El Establecimiento de Desarrollo Urbano y Medio Ambiente de Soledad \u2013 Edumas, present\u00f3 oficialmente su rendici\u00f3n de cuentas 2025 el pasado 30 de junio, un ejercicio de transparencia mediante el cual socializ\u00f3 los principales resultados alcanzados durante la vigencia en materia de gesti\u00f3n ambiental, espacio p\u00fablico, fortalecimiento institucional, gesti\u00f3n financiera y atenci\u00f3n a la ciudadan\u00eda. [&hellip;]<\/p>\n","protected":false},"author":1,"featured_media":8804,"comment_status":"open","ping_status":"open","sticky":false,"template":"","format":"standard","meta":{"footnotes":""},"categories":[26],"tags":[41],"class_list":["post-8802","post","type-post","status-publish","format-standard","has-post-thumbnail","hentry","category-noticias","tag-rendicion-de-cuentas"],"yoast_head":"<!-- This site is optimized with the Yoast SEO plugin v27.4 - https:\/\/yoast.com\/product\/yoast-seo-wordpress\/ -->\n<title>El Edumas present\u00f3 su rendici\u00f3n de cuentas 2025 destacando avances en gesti\u00f3n ambiental, desarrollo urbano y fortalecimiento institucional - Edumas<\/title>\n<meta name=\"robots\" content=\"index, follow, max-snippet:-1, max-image-preview:large, max-video-preview:-1\" \/>\n<link rel=\"canonical\" href=\"https:\/\/edumas.gov.co\/inicio\/2026\/06\/30\/el-edumas-presento-su-rendicion-de-cuentas-2025-destacando-avances-en-gestion-ambiental-desarrollo-urbano-y-fortalecimiento-institucional\/\" \/>\n<meta property=\"og:locale\" content=\"es_ES\" \/>\n<meta property=\"og:type\" content=\"article\" \/>\n<meta property=\"og:title\" content=\"El Edumas present\u00f3 su rendici\u00f3n de cuentas 2025 destacando avances en gesti\u00f3n ambiental, desarrollo urbano y fortalecimiento institucional - Edumas\" \/>\n<meta property=\"og:description\" content=\"El Establecimiento de Desarrollo Urbano y Medio Ambiente de Soledad \u2013 Edumas, present\u00f3 oficialmente su rendici\u00f3n de cuentas 2025 el pasado 30 de junio, un ejercicio de transparencia mediante el cual socializ\u00f3 los principales resultados alcanzados durante la vigencia en materia de gesti\u00f3n ambiental, espacio p\u00fablico, fortalecimiento institucional, gesti\u00f3n financiera y atenci\u00f3n a la ciudadan\u00eda. [&hellip;]\" \/>\n<meta property=\"og:url\" content=\"https:\/\/edumas.gov.co\/inicio\/2026\/06\/30\/el-edumas-presento-su-rendicion-de-cuentas-2025-destacando-avances-en-gestion-ambiental-desarrollo-urbano-y-fortalecimiento-institucional\/\" \/>\n<meta property=\"og:site_name\" content=\"Edumas\" \/>\n<meta property=\"article:published_time\" content=\"2026-06-30T12:53:01+00:00\" \/>\n<meta property=\"article:modified_time\" content=\"2026-07-10T13:17:00+00:00\" \/>\n<meta property=\"og:image\" content=\"https:\/\/edumas.gov.co\/wp-content\/uploads\/2026\/07\/Rendicion-de-cuentas-scaled.jpeg\" \/>\n\t<meta property=\"og:image:width\" content=\"2560\" \/>\n\t<meta property=\"og:image:height\" content=\"1920\" \/>\n\t<meta property=\"og:image:type\" content=\"image\/jpeg\" \/>\n<meta name=\"author\" content=\"edumas\" \/>\n<meta name=\"twitter:card\" content=\"summary_large_image\" \/>\n<meta name=\"twitter:label1\" content=\"Escrito por\" \/>\n\t<meta name=\"twitter:data1\" content=\"edumas\" \/>\n\t<meta name=\"twitter:label2\" content=\"Tiempo de lectura\" \/>\n\t<meta name=\"twitter:data2\" content=\"2 minutos\" \/>\n<script type=\"application\/ld+json\" class=\"yoast-schema-graph\">{\"@context\":\"https:\\\/\\\/schema.org\",\"@graph\":[{\"@type\":\"Article\",\"@id\":\"https:\\\/\\\/edumas.gov.co\\\/inicio\\\/2026\\\/06\\\/30\\\/el-edumas-presento-su-rendicion-de-cuentas-2025-destacando-avances-en-gestion-ambiental-desarrollo-urbano-y-fortalecimiento-institucional\\\/#article\",\"isPartOf\":{\"@id\":\"https:\\\/\\\/edumas.gov.co\\\/inicio\\\/2026\\\/06\\\/30\\\/el-edumas-presento-su-rendicion-de-cuentas-2025-destacando-avances-en-gestion-ambiental-desarrollo-urbano-y-fortalecimiento-institucional\\\/\"},\"author\":{\"name\":\"edumas\",\"@id\":\"https:\\\/\\\/edumas.gov.co\\\/inicio\\\/#\\\/schema\\\/person\\\/e2e82a662fd06864325b88811079b05a\"},\"headline\":\"El Edumas present\u00f3 su rendici\u00f3n de cuentas 2025 destacando avances en gesti\u00f3n ambiental, desarrollo urbano y fortalecimiento institucional\",\"datePublished\":\"2026-06-30T12:53:01+00:00\",\"dateModified\":\"2026-07-10T13:17:00+00:00\",\"mainEntityOfPage\":{\"@id\":\"https:\\\/\\\/edumas.gov.co\\\/inicio\\\/2026\\\/06\\\/30\\\/el-edumas-presento-su-rendicion-de-cuentas-2025-destacando-avances-en-gestion-ambiental-desarrollo-urbano-y-fortalecimiento-institucional\\\/\"},\"wordCount\":384,\"commentCount\":0,\"publisher\":{\"@id\":\"https:\\\/\\\/edumas.gov.co\\\/inicio\\\/#organization\"},\"image\":{\"@id\":\"https:\\\/\\\/edumas.gov.co\\\/inicio\\\/2026\\\/06\\\/30\\\/el-edumas-presento-su-rendicion-de-cuentas-2025-destacando-avances-en-gestion-ambiental-desarrollo-urbano-y-fortalecimiento-institucional\\\/#primaryimage\"},\"thumbnailUrl\":\"https:\\\/\\\/edumas.gov.co\\\/wp-content\\\/uploads\\\/2026\\\/07\\\/Rendicion-de-cuentas-scaled.jpeg\",\"keywords\":[\"rendicion de cuentas\"],\"articleSection\":[\"noticias\"],\"inLanguage\":\"es\",\"potentialAction\":[{\"@type\":\"CommentAction\",\"name\":\"Comment\",\"target\":[\"https:\\\/\\\/edumas.gov.co\\\/inicio\\\/2026\\\/06\\\/30\\\/el-edumas-presento-su-rendicion-de-cuentas-2025-destacando-avances-en-gestion-ambiental-desarrollo-urbano-y-fortalecimiento-institucional\\\/#respond\"]}]},{\"@type\":\"WebPage\",\"@id\":\"https:\\\/\\\/edumas.gov.co\\\/inicio\\\/2026\\\/06\\\/30\\\/el-edumas-presento-su-rendicion-de-cuentas-2025-destacando-avances-en-gestion-ambiental-desarrollo-urbano-y-fortalecimiento-institucional\\\/\",\"url\":\"https:\\\/\\\/edumas.gov.co\\\/inicio\\\/2026\\\/06\\\/30\\\/el-edumas-presento-su-rendicion-de-cuentas-2025-destacando-avances-en-gestion-ambiental-desarrollo-urbano-y-fortalecimiento-institucional\\\/\",\"name\":\"El Edumas present\u00f3 su rendici\u00f3n de cuentas 2025 destacando avances en gesti\u00f3n ambiental, desarrollo urbano y fortalecimiento institucional - Edumas\",\"isPartOf\":{\"@id\":\"https:\\\/\\\/edumas.gov.co\\\/inicio\\\/#website\"},\"primaryImageOfPage\":{\"@id\":\"https:\\\/\\\/edumas.gov.co\\\/inicio\\\/2026\\\/06\\\/30\\\/el-edumas-presento-su-rendicion-de-cuentas-2025-destacando-avances-en-gestion-ambiental-desarrollo-urbano-y-fortalecimiento-institucional\\\/#primaryimage\"},\"image\":{\"@id\":\"https:\\\/\\\/edumas.gov.co\\\/inicio\\\/2026\\\/06\\\/30\\\/el-edumas-presento-su-rendicion-de-cuentas-2025-destacando-avances-en-gestion-ambiental-desarrollo-urbano-y-fortalecimiento-institucional\\\/#primaryimage\"},\"thumbnailUrl\":\"https:\\\/\\\/edumas.gov.co\\\/wp-content\\\/uploads\\\/2026\\\/07\\\/Rendicion-de-cuentas-scaled.jpeg\",\"datePublished\":\"2026-06-30T12:53:01+00:00\",\"dateModified\":\"2026-07-10T13:17:00+00:00\",\"breadcrumb\":{\"@id\":\"https:\\\/\\\/edumas.gov.co\\\/inicio\\\/2026\\\/06\\\/30\\\/el-edumas-presento-su-rendicion-de-cuentas-2025-destacando-avances-en-gestion-ambiental-desarrollo-urbano-y-fortalecimiento-institucional\\\/#breadcrumb\"},\"inLanguage\":\"es\",\"potentialAction\":[{\"@type\":\"ReadAction\",\"target\":[\"https:\\\/\\\/edumas.gov.co\\\/inicio\\\/2026\\\/06\\\/30\\\/el-edumas-presento-su-rendicion-de-cuentas-2025-destacando-avances-en-gestion-ambiental-desarrollo-urbano-y-fortalecimiento-institucional\\\/\"]}]},{\"@type\":\"ImageObject\",\"inLanguage\":\"es\",\"@id\":\"https:\\\/\\\/edumas.gov.co\\\/inicio\\\/2026\\\/06\\\/30\\\/el-edumas-presento-su-rendicion-de-cuentas-2025-destacando-avances-en-gestion-ambiental-desarrollo-urbano-y-fortalecimiento-institucional\\\/#primaryimage\",\"url\":\"https:\\\/\\\/edumas.gov.co\\\/wp-content\\\/uploads\\\/2026\\\/07\\\/Rendicion-de-cuentas-scaled.jpeg\",\"contentUrl\":\"https:\\\/\\\/edumas.gov.co\\\/wp-content\\\/uploads\\\/2026\\\/07\\\/Rendicion-de-cuentas-scaled.jpeg\",\"width\":2560,\"height\":1920},{\"@type\":\"BreadcrumbList\",\"@id\":\"https:\\\/\\\/edumas.gov.co\\\/inicio\\\/2026\\\/06\\\/30\\\/el-edumas-presento-su-rendicion-de-cuentas-2025-destacando-avances-en-gestion-ambiental-desarrollo-urbano-y-fortalecimiento-institucional\\\/#breadcrumb\",\"itemListElement\":[{\"@type\":\"ListItem\",\"position\":1,\"name\":\"Portada\",\"item\":\"https:\\\/\\\/edumas.gov.co\\\/inicio\\\/\"},{\"@type\":\"ListItem\",\"position\":2,\"name\":\"El Edumas present\u00f3 su rendici\u00f3n de cuentas 2025 destacando avances en gesti\u00f3n ambiental, desarrollo urbano y fortalecimiento institucional\"}]},{\"@type\":\"WebSite\",\"@id\":\"https:\\\/\\\/edumas.gov.co\\\/inicio\\\/#website\",\"url\":\"https:\\\/\\\/edumas.gov.co\\\/inicio\\\/\",\"name\":\"Edumas\",\"description\":\"Edumas\",\"publisher\":{\"@id\":\"https:\\\/\\\/edumas.gov.co\\\/inicio\\\/#organization\"},\"potentialAction\":[{\"@type\":\"SearchAction\",\"target\":{\"@type\":\"EntryPoint\",\"urlTemplate\":\"https:\\\/\\\/edumas.gov.co\\\/inicio\\\/?s={search_term_string}\"},\"query-input\":{\"@type\":\"PropertyValueSpecification\",\"valueRequired\":true,\"valueName\":\"search_term_string\"}}],\"inLanguage\":\"es\"},{\"@type\":\"Organization\",\"@id\":\"https:\\\/\\\/edumas.gov.co\\\/inicio\\\/#organization\",\"name\":\"Edumas\",\"url\":\"https:\\\/\\\/edumas.gov.co\\\/inicio\\\/\",\"logo\":{\"@type\":\"ImageObject\",\"inLanguage\":\"es\",\"@id\":\"https:\\\/\\\/edumas.gov.co\\\/inicio\\\/#\\\/schema\\\/logo\\\/image\\\/\",\"url\":\"https:\\\/\\\/edumas.gov.co\\\/wp-content\\\/uploads\\\/2024\\\/10\\\/Perfil-Instagram-PhotoRoom.png-PhotoRoom.png\",\"contentUrl\":\"https:\\\/\\\/edumas.gov.co\\\/wp-content\\\/uploads\\\/2024\\\/10\\\/Perfil-Instagram-PhotoRoom.png-PhotoRoom.png\",\"width\":648,\"height\":233,\"caption\":\"Edumas\"},\"image\":{\"@id\":\"https:\\\/\\\/edumas.gov.co\\\/inicio\\\/#\\\/schema\\\/logo\\\/image\\\/\"}},{\"@type\":\"Person\",\"@id\":\"https:\\\/\\\/edumas.gov.co\\\/inicio\\\/#\\\/schema\\\/person\\\/e2e82a662fd06864325b88811079b05a\",\"name\":\"edumas\",\"image\":{\"@type\":\"ImageObject\",\"inLanguage\":\"es\",\"@id\":\"https:\\\/\\\/edumas.gov.co\\\/wp-content\\\/uploads\\\/2025\\\/03\\\/WhatsApp-Image-2025-03-06-at-12.44.58-PM-150x150.jpeg\",\"url\":\"https:\\\/\\\/edumas.gov.co\\\/wp-content\\\/uploads\\\/2025\\\/03\\\/WhatsApp-Image-2025-03-06-at-12.44.58-PM-150x150.jpeg\",\"contentUrl\":\"https:\\\/\\\/edumas.gov.co\\\/wp-content\\\/uploads\\\/2025\\\/03\\\/WhatsApp-Image-2025-03-06-at-12.44.58-PM-150x150.jpeg\",\"caption\":\"edumas\"},\"sameAs\":[\"https:\\\/\\\/test.edumas.gov.co\"],\"url\":\"https:\\\/\\\/edumas.gov.co\\\/inicio\\\/author\\\/edumas\\\/\"}]}<\/script>\n<!-- \/ Yoast SEO plugin. -->","yoast_head_json":{"title":"El Edumas present\u00f3 su rendici\u00f3n de cuentas 2025 destacando avances en gesti\u00f3n ambiental, desarrollo urbano y fortalecimiento institucional - Edumas","robots":{"index":"index","follow":"follow","max-snippet":"max-snippet:-1","max-image-preview":"max-image-preview:large","max-video-preview":"max-video-preview:-1"},"canonical":"https:\/\/edumas.gov.co\/inicio\/2026\/06\/30\/el-edumas-presento-su-rendicion-de-cuentas-2025-destacando-avances-en-gestion-ambiental-desarrollo-urbano-y-fortalecimiento-institucional\/","og_locale":"es_ES","og_type":"article","og_title":"El Edumas present\u00f3 su rendici\u00f3n de cuentas 2025 destacando avances en gesti\u00f3n ambiental, desarrollo urbano y fortalecimiento institucional - Edumas","og_description":"El Establecimiento de Desarrollo Urbano y Medio Ambiente de Soledad \u2013 Edumas, present\u00f3 oficialmente su rendici\u00f3n de cuentas 2025 el pasado 30 de junio, un ejercicio de transparencia mediante el cual socializ\u00f3 los principales resultados alcanzados durante la vigencia en materia de gesti\u00f3n ambiental, espacio p\u00fablico, fortalecimiento institucional, gesti\u00f3n financiera y atenci\u00f3n a la ciudadan\u00eda. [&hellip;]","og_url":"https:\/\/edumas.gov.co\/inicio\/2026\/06\/30\/el-edumas-presento-su-rendicion-de-cuentas-2025-destacando-avances-en-gestion-ambiental-desarrollo-urbano-y-fortalecimiento-institucional\/","og_site_name":"Edumas","article_published_time":"2026-06-30T12:53:01+00:00","article_modified_time":"2026-07-10T13:17:00+00:00","og_image":[{"width":2560,"height":1920,"url":"https:\/\/edumas.gov.co\/wp-content\/uploads\/2026\/07\/Rendicion-de-cuentas-scaled.jpeg","type":"image\/jpeg"}],"author":"edumas","twitter_card":"summary_large_image","twitter_misc":{"Escrito por":"edumas","Tiempo de lectura":"2 minutos"},"schema":{"@context":"https:\/\/schema.org","@graph":[{"@type":"Article","@id":"https:\/\/edumas.gov.co\/inicio\/2026\/06\/30\/el-edumas-presento-su-rendicion-de-cuentas-2025-destacando-avances-en-gestion-ambiental-desarrollo-urbano-y-fortalecimiento-institucional\/#article","isPartOf":{"@id":"https:\/\/edumas.gov.co\/inicio\/2026\/06\/30\/el-edumas-presento-su-rendicion-de-cuentas-2025-destacando-avances-en-gestion-ambiental-desarrollo-urbano-y-fortalecimiento-institucional\/"},"author":{"name":"edumas","@id":"https:\/\/edumas.gov.co\/inicio\/#\/schema\/person\/e2e82a662fd06864325b88811079b05a"},"headline":"El Edumas present\u00f3 su rendici\u00f3n de cuentas 2025 destacando avances en gesti\u00f3n ambiental, desarrollo urbano y fortalecimiento institucional","datePublished":"2026-06-30T12:53:01+00:00","dateModified":"2026-07-10T13:17:00+00:00","mainEntityOfPage":{"@id":"https:\/\/edumas.gov.co\/inicio\/2026\/06\/30\/el-edumas-presento-su-rendicion-de-cuentas-2025-destacando-avances-en-gestion-ambiental-desarrollo-urbano-y-fortalecimiento-institucional\/"},"wordCount":384,"commentCount":0,"publisher":{"@id":"https:\/\/edumas.gov.co\/inicio\/#organization"},"image":{"@id":"https:\/\/edumas.gov.co\/inicio\/2026\/06\/30\/el-edumas-presento-su-rendicion-de-cuentas-2025-destacando-avances-en-gestion-ambiental-desarrollo-urbano-y-fortalecimiento-institucional\/#primaryimage"},"thumbnailUrl":"https:\/\/edumas.gov.co\/wp-content\/uploads\/2026\/07\/Rendicion-de-cuentas-scaled.jpeg","keywords":["rendicion de cuentas"],"articleSection":["noticias"],"inLanguage":"es","potentialAction":[{"@type":"CommentAction","name":"Comment","target":["https:\/\/edumas.gov.co\/inicio\/2026\/06\/30\/el-edumas-presento-su-rendicion-de-cuentas-2025-destacando-avances-en-gestion-ambiental-desarrollo-urbano-y-fortalecimiento-institucional\/#respond"]}]},{"@type":"WebPage","@id":"https:\/\/edumas.gov.co\/inicio\/2026\/06\/30\/el-edumas-presento-su-rendicion-de-cuentas-2025-destacando-avances-en-gestion-ambiental-desarrollo-urbano-y-fortalecimiento-institucional\/","url":"https:\/\/edumas.gov.co\/inicio\/2026\/06\/30\/el-edumas-presento-su-rendicion-de-cuentas-2025-destacando-avances-en-gestion-ambiental-desarrollo-urbano-y-fortalecimiento-institucional\/","name":"El Edumas present\u00f3 su rendici\u00f3n de cuentas 2025 destacando avances en gesti\u00f3n ambiental, desarrollo urbano y fortalecimiento institucional - Edumas","isPartOf":{"@id":"https:\/\/edumas.gov.co\/inicio\/#website"},"primaryImageOfPage":{"@id":"https:\/\/edumas.gov.co\/inicio\/2026\/06\/30\/el-edumas-presento-su-rendicion-de-cuentas-2025-destacando-avances-en-gestion-ambiental-desarrollo-urbano-y-fortalecimiento-institucional\/#primaryimage"},"image":{"@id":"https:\/\/edumas.gov.co\/inicio\/2026\/06\/30\/el-edumas-presento-su-rendicion-de-cuentas-2025-destacando-avances-en-gestion-ambiental-desarrollo-urbano-y-fortalecimiento-institucional\/#primaryimage"},"thumbnailUrl":"https:\/\/edumas.gov.co\/wp-content\/uploads\/2026\/07\/Rendicion-de-cuentas-scaled.jpeg","datePublished":"2026-06-30T12:53:01+00:00","dateModified":"2026-07-10T13:17:00+00:00","breadcrumb":{"@id":"https:\/\/edumas.gov.co\/inicio\/2026\/06\/30\/el-edumas-presento-su-rendicion-de-cuentas-2025-destacando-avances-en-gestion-ambiental-desarrollo-urbano-y-fortalecimiento-institucional\/#breadcrumb"},"inLanguage":"es","potentialAction":[{"@type":"ReadAction","target":["https:\/\/edumas.gov.co\/inicio\/2026\/06\/30\/el-edumas-presento-su-rendicion-de-cuentas-2025-destacando-avances-en-gestion-ambiental-desarrollo-urbano-y-fortalecimiento-institucional\/"]}]},{"@type":"ImageObject","inLanguage":"es","@id":"https:\/\/edumas.gov.co\/inicio\/2026\/06\/30\/el-edumas-presento-su-rendicion-de-cuentas-2025-destacando-avances-en-gestion-ambiental-desarrollo-urbano-y-fortalecimiento-institucional\/#primaryimage","url":"https:\/\/edumas.gov.co\/wp-content\/uploads\/2026\/07\/Rendicion-de-cuentas-scaled.jpeg","contentUrl":"https:\/\/edumas.gov.co\/wp-content\/uploads\/2026\/07\/Rendicion-de-cuentas-scaled.jpeg","width":2560,"height":1920},{"@type":"BreadcrumbList","@id":"https:\/\/edumas.gov.co\/inicio\/2026\/06\/30\/el-edumas-presento-su-rendicion-de-cuentas-2025-destacando-avances-en-gestion-ambiental-desarrollo-urbano-y-fortalecimiento-institucional\/#breadcrumb","itemListElement":[{"@type":"ListItem","position":1,"name":"Portada","item":"https:\/\/edumas.gov.co\/inicio\/"},{"@type":"ListItem","position":2,"name":"El Edumas present\u00f3 su rendici\u00f3n de cuentas 2025 destacando avances en gesti\u00f3n ambiental, desarrollo urbano y fortalecimiento institucional"}]},{"@type":"WebSite","@id":"https:\/\/edumas.gov.co\/inicio\/#website","url":"https:\/\/edumas.gov.co\/inicio\/","name":"Edumas","description":"Edumas","publisher":{"@id":"https:\/\/edumas.gov.co\/inicio\/#organization"},"potentialAction":[{"@type":"SearchAction","target":{"@type":"EntryPoint","urlTemplate":"https:\/\/edumas.gov.co\/inicio\/?s={search_term_string}"},"query-input":{"@type":"PropertyValueSpecification","valueRequired":true,"valueName":"search_term_string"}}],"inLanguage":"es"},{"@type":"Organization","@id":"https:\/\/edumas.gov.co\/inicio\/#organization","name":"Edumas","url":"https:\/\/edumas.gov.co\/inicio\/","logo":{"@type":"ImageObject","inLanguage":"es","@id":"https:\/\/edumas.gov.co\/inicio\/#\/schema\/logo\/image\/","url":"https:\/\/edumas.gov.co\/wp-content\/uploads\/2024\/10\/Perfil-Instagram-PhotoRoom.png-PhotoRoom.png","contentUrl":"https:\/\/edumas.gov.co\/wp-content\/uploads\/2024\/10\/Perfil-Instagram-PhotoRoom.png-PhotoRoom.png","width":648,"height":233,"caption":"Edumas"},"image":{"@id":"https:\/\/edumas.gov.co\/inicio\/#\/schema\/logo\/image\/"}},{"@type":"Person","@id":"https:\/\/edumas.gov.co\/inicio\/#\/schema\/person\/e2e82a662fd06864325b88811079b05a","name":"edumas","image":{"@type":"ImageObject","inLanguage":"es","@id":"https:\/\/edumas.gov.co\/wp-content\/uploads\/2025\/03\/WhatsApp-Image-2025-03-06-at-12.44.58-PM-150x150.jpeg","url":"https:\/\/edumas.gov.co\/wp-content\/uploads\/2025\/03\/WhatsApp-Image-2025-03-06-at-12.44.58-PM-150x150.jpeg","contentUrl":"https:\/\/edumas.gov.co\/wp-content\/uploads\/2025\/03\/WhatsApp-Image-2025-03-06-at-12.44.58-PM-150x150.jpeg","caption":"edumas"},"sameAs":["https:\/\/test.edumas.gov.co"],"url":"https:\/\/edumas.gov.co\/inicio\/author\/edumas\/"}]}},"_links":{"self":[{"href":"https:\/\/edumas.gov.co\/inicio\/wp-json\/wp\/v2\/posts\/8802","targetHints":{"allow":["GET"]}}],"collection":[{"href":"https:\/\/edumas.gov.co\/inicio\/wp-json\/wp\/v2\/posts"}],"about":[{"href":"https:\/\/edumas.gov.co\/inicio\/wp-json\/wp\/v2\/types\/post"}],"author":[{"embeddable":true,"href":"https:\/\/edumas.gov.co\/inicio\/wp-json\/wp\/v2\/users\/1"}],"replies":[{"embeddable":true,"href":"https:\/\/edumas.gov.co\/inicio\/wp-json\/wp\/v2\/comments?post=8802"}],"version-history":[{"count":1,"href":"https:\/\/edumas.gov.co\/inicio\/wp-json\/wp\/v2\/posts\/8802\/revisions"}],"predecessor-version":[{"id":8805,"href":"https:\/\/edumas.gov.co\/inicio\/wp-json\/wp\/v2\/posts\/8802\/revisions\/8805"}],"wp:featuredmedia":[{"embeddable":true,"href":"https:\/\/edumas.gov.co\/inicio\/wp-json\/wp\/v2\/media\/8804"}],"wp:attachment":[{"href":"https:\/\/edumas.gov.co\/inicio\/wp-json\/wp\/v2\/media?parent=8802"}],"wp:term":[{"taxonomy":"category","embeddable":true,"href":"https:\/\/edumas.gov.co\/inicio\/wp-json\/wp\/v2\/categories?post=8802"},{"taxonomy":"post_tag","embeddable":true,"href":"https:\/\/edumas.gov.co\/inicio\/wp-json\/wp\/v2\/tags?post=8802"}],"curies":[{"name":"wp","href":"https:\/\/api.w.org\/{rel}","templated":true}]}}