{"id":909,"date":"2023-10-17T20:39:25","date_gmt":"2023-10-17T20:39:25","guid":{"rendered":"https:\/\/test.edumas.gov.co\/?p=909"},"modified":"2023-10-19T03:00:57","modified_gmt":"2023-10-19T03:00:57","slug":"limpian-arroyo-el-salao-de-soledad-para-evitar-inundaciones-en-temporada-invernal","status":"publish","type":"post","link":"https:\/\/edumas.gov.co\/inicio\/2023\/10\/17\/limpian-arroyo-el-salao-de-soledad-para-evitar-inundaciones-en-temporada-invernal\/","title":{"rendered":"Limpian arroyo El Salao de Soledad para evitar inundaciones en temporada invernal"},"content":{"rendered":"\n<p class=\"wp-block-paragraph\">Como parte de los planes de limpieza que se vienen realizando en los arroyos m\u00e1s cr\u00edticos del municipio, se inici\u00f3 la intervenci\u00f3n del arroyo El Salao, en el sector del Paso el Libertador, por parte del Edumas.<\/p>\n\n\n\n<p class=\"wp-block-paragraph\">Hasta el sector se desplaz\u00f3 la subgerente ambiental, Clerck Pertuz, para verificar la realizaci\u00f3n de las actividades de recolecci\u00f3n de escombros y aguas residuales.<\/p>\n\n\n\n<p class=\"wp-block-paragraph\">La intervenci\u00f3n del arroyo contempla la limpieza de 519 metros lineales de los cuales se esperan recolectar unas cien toneladas de residuos s\u00f3lidos en los pr\u00f3ximos d\u00edas, seg\u00fan asegur\u00f3 la empresa contratista que realiza los trabajos.<\/p>\n\n\n\n<p class=\"wp-block-paragraph\">Gilberto Lafourie, vecino del sector, indic\u00f3 que \u201cesta limpieza ser\u00e1 de mucha importancia ya que los mosquitos y zancudos pueden provocar enfermedades en especial en los ni\u00f1os\u201d.<\/p>\n\n\n\n<p class=\"wp-block-paragraph\">Hasta el momento, Edumas ha intervenido cuatro importantes arroyos, extrayendo alrededor de 400 toneladas de basuras en aproximadamente mil metros lineales, utilizando m\u00e1quinas retroexcavadoras y trabajo manual para remover los desechos compactados tanto en la superficie como los adheridos a las paredes, laderas y suelo de los arroyos.<\/p>\n\n\n\n<p class=\"wp-block-paragraph\">Estas obras hacen parte de las acciones de contingencia ante las emergencias causadas por las lluvias y que viene liderando el Alcalde Rodolfo Ucr\u00f3s y ejecutadas por Edumas.\u00a07<\/p>\n","protected":false},"excerpt":{"rendered":"<p>Como parte de los planes de limpieza que se vienen realizando en los arroyos m\u00e1s cr\u00edticos del municipio, se inici\u00f3 la intervenci\u00f3n del arroyo El Salao, en el sector del Paso el Libertador, por parte del Edumas. Hasta el sector se desplaz\u00f3 la subgerente ambiental, Clerck Pertuz, para verificar la realizaci\u00f3n de las actividades de [&hellip;]<\/p>\n","protected":false},"author":1,"featured_media":0,"comment_status":"open","ping_status":"open","sticky":false,"template":"","format":"standard","meta":{"footnotes":""},"categories":[26],"tags":[],"class_list":["post-909","post","type-post","status-publish","format-standard","hentry","category-noticias"],"yoast_head":"<!-- This site is optimized with the Yoast SEO plugin v27.4 - https:\/\/yoast.com\/product\/yoast-seo-wordpress\/ -->\n<title>Limpian arroyo El Salao de Soledad para evitar inundaciones en temporada invernal - Edumas<\/title>\n<meta name=\"robots\" content=\"index, follow, max-snippet:-1, max-image-preview:large, max-video-preview:-1\" \/>\n<link rel=\"canonical\" href=\"https:\/\/edumas.gov.co\/inicio\/2023\/10\/17\/limpian-arroyo-el-salao-de-soledad-para-evitar-inundaciones-en-temporada-invernal\/\" \/>\n<meta property=\"og:locale\" content=\"es_ES\" \/>\n<meta property=\"og:type\" content=\"article\" \/>\n<meta property=\"og:title\" content=\"Limpian arroyo El Salao de Soledad para evitar inundaciones en temporada invernal - Edumas\" \/>\n<meta property=\"og:description\" content=\"Como parte de los planes de limpieza que se vienen realizando en los arroyos m\u00e1s cr\u00edticos del municipio, se inici\u00f3 la intervenci\u00f3n del arroyo El Salao, en el sector del Paso el Libertador, por parte del Edumas. Hasta el sector se desplaz\u00f3 la subgerente ambiental, Clerck Pertuz, para verificar la realizaci\u00f3n de las actividades de [&hellip;]\" \/>\n<meta property=\"og:url\" content=\"https:\/\/edumas.gov.co\/inicio\/2023\/10\/17\/limpian-arroyo-el-salao-de-soledad-para-evitar-inundaciones-en-temporada-invernal\/\" \/>\n<meta property=\"og:site_name\" content=\"Edumas\" \/>\n<meta property=\"article:published_time\" content=\"2023-10-17T20:39:25+00:00\" \/>\n<meta property=\"article:modified_time\" content=\"2023-10-19T03:00:57+00:00\" \/>\n<meta name=\"author\" content=\"edumas\" \/>\n<meta name=\"twitter:card\" content=\"summary_large_image\" \/>\n<meta name=\"twitter:label1\" content=\"Escrito por\" \/>\n\t<meta name=\"twitter:data1\" content=\"edumas\" \/>\n\t<meta name=\"twitter:label2\" content=\"Tiempo de lectura\" \/>\n\t<meta name=\"twitter:data2\" content=\"1 minuto\" \/>\n<script type=\"application\/ld+json\" class=\"yoast-schema-graph\">{\"@context\":\"https:\\\/\\\/schema.org\",\"@graph\":[{\"@type\":\"Article\",\"@id\":\"https:\\\/\\\/edumas.gov.co\\\/inicio\\\/2023\\\/10\\\/17\\\/limpian-arroyo-el-salao-de-soledad-para-evitar-inundaciones-en-temporada-invernal\\\/#article\",\"isPartOf\":{\"@id\":\"https:\\\/\\\/edumas.gov.co\\\/inicio\\\/2023\\\/10\\\/17\\\/limpian-arroyo-el-salao-de-soledad-para-evitar-inundaciones-en-temporada-invernal\\\/\"},\"author\":{\"name\":\"edumas\",\"@id\":\"https:\\\/\\\/edumas.gov.co\\\/inicio\\\/#\\\/schema\\\/person\\\/e2e82a662fd06864325b88811079b05a\"},\"headline\":\"Limpian arroyo El Salao de Soledad para evitar inundaciones en temporada invernal\",\"datePublished\":\"2023-10-17T20:39:25+00:00\",\"dateModified\":\"2023-10-19T03:00:57+00:00\",\"mainEntityOfPage\":{\"@id\":\"https:\\\/\\\/edumas.gov.co\\\/inicio\\\/2023\\\/10\\\/17\\\/limpian-arroyo-el-salao-de-soledad-para-evitar-inundaciones-en-temporada-invernal\\\/\"},\"wordCount\":223,\"commentCount\":0,\"publisher\":{\"@id\":\"https:\\\/\\\/edumas.gov.co\\\/inicio\\\/#organization\"},\"articleSection\":[\"noticias\"],\"inLanguage\":\"es\",\"potentialAction\":[{\"@type\":\"CommentAction\",\"name\":\"Comment\",\"target\":[\"https:\\\/\\\/edumas.gov.co\\\/inicio\\\/2023\\\/10\\\/17\\\/limpian-arroyo-el-salao-de-soledad-para-evitar-inundaciones-en-temporada-invernal\\\/#respond\"]}]},{\"@type\":\"WebPage\",\"@id\":\"https:\\\/\\\/edumas.gov.co\\\/inicio\\\/2023\\\/10\\\/17\\\/limpian-arroyo-el-salao-de-soledad-para-evitar-inundaciones-en-temporada-invernal\\\/\",\"url\":\"https:\\\/\\\/edumas.gov.co\\\/inicio\\\/2023\\\/10\\\/17\\\/limpian-arroyo-el-salao-de-soledad-para-evitar-inundaciones-en-temporada-invernal\\\/\",\"name\":\"Limpian arroyo El Salao de Soledad para evitar inundaciones en temporada invernal - Edumas\",\"isPartOf\":{\"@id\":\"https:\\\/\\\/edumas.gov.co\\\/inicio\\\/#website\"},\"datePublished\":\"2023-10-17T20:39:25+00:00\",\"dateModified\":\"2023-10-19T03:00:57+00:00\",\"breadcrumb\":{\"@id\":\"https:\\\/\\\/edumas.gov.co\\\/inicio\\\/2023\\\/10\\\/17\\\/limpian-arroyo-el-salao-de-soledad-para-evitar-inundaciones-en-temporada-invernal\\\/#breadcrumb\"},\"inLanguage\":\"es\",\"potentialAction\":[{\"@type\":\"ReadAction\",\"target\":[\"https:\\\/\\\/edumas.gov.co\\\/inicio\\\/2023\\\/10\\\/17\\\/limpian-arroyo-el-salao-de-soledad-para-evitar-inundaciones-en-temporada-invernal\\\/\"]}]},{\"@type\":\"BreadcrumbList\",\"@id\":\"https:\\\/\\\/edumas.gov.co\\\/inicio\\\/2023\\\/10\\\/17\\\/limpian-arroyo-el-salao-de-soledad-para-evitar-inundaciones-en-temporada-invernal\\\/#breadcrumb\",\"itemListElement\":[{\"@type\":\"ListItem\",\"position\":1,\"name\":\"Portada\",\"item\":\"https:\\\/\\\/edumas.gov.co\\\/inicio\\\/\"},{\"@type\":\"ListItem\",\"position\":2,\"name\":\"Limpian arroyo El Salao de Soledad para evitar inundaciones en temporada invernal\"}]},{\"@type\":\"WebSite\",\"@id\":\"https:\\\/\\\/edumas.gov.co\\\/inicio\\\/#website\",\"url\":\"https:\\\/\\\/edumas.gov.co\\\/inicio\\\/\",\"name\":\"Edumas\",\"description\":\"Edumas\",\"publisher\":{\"@id\":\"https:\\\/\\\/edumas.gov.co\\\/inicio\\\/#organization\"},\"potentialAction\":[{\"@type\":\"SearchAction\",\"target\":{\"@type\":\"EntryPoint\",\"urlTemplate\":\"https:\\\/\\\/edumas.gov.co\\\/inicio\\\/?s={search_term_string}\"},\"query-input\":{\"@type\":\"PropertyValueSpecification\",\"valueRequired\":true,\"valueName\":\"search_term_string\"}}],\"inLanguage\":\"es\"},{\"@type\":\"Organization\",\"@id\":\"https:\\\/\\\/edumas.gov.co\\\/inicio\\\/#organization\",\"name\":\"Edumas\",\"url\":\"https:\\\/\\\/edumas.gov.co\\\/inicio\\\/\",\"logo\":{\"@type\":\"ImageObject\",\"inLanguage\":\"es\",\"@id\":\"https:\\\/\\\/edumas.gov.co\\\/inicio\\\/#\\\/schema\\\/logo\\\/image\\\/\",\"url\":\"https:\\\/\\\/edumas.gov.co\\\/wp-content\\\/uploads\\\/2024\\\/10\\\/Perfil-Instagram-PhotoRoom.png-PhotoRoom.png\",\"contentUrl\":\"https:\\\/\\\/edumas.gov.co\\\/wp-content\\\/uploads\\\/2024\\\/10\\\/Perfil-Instagram-PhotoRoom.png-PhotoRoom.png\",\"width\":648,\"height\":233,\"caption\":\"Edumas\"},\"image\":{\"@id\":\"https:\\\/\\\/edumas.gov.co\\\/inicio\\\/#\\\/schema\\\/logo\\\/image\\\/\"}},{\"@type\":\"Person\",\"@id\":\"https:\\\/\\\/edumas.gov.co\\\/inicio\\\/#\\\/schema\\\/person\\\/e2e82a662fd06864325b88811079b05a\",\"name\":\"edumas\",\"image\":{\"@type\":\"ImageObject\",\"inLanguage\":\"es\",\"@id\":\"https:\\\/\\\/edumas.gov.co\\\/wp-content\\\/uploads\\\/2025\\\/03\\\/WhatsApp-Image-2025-03-06-at-12.44.58-PM-150x150.jpeg\",\"url\":\"https:\\\/\\\/edumas.gov.co\\\/wp-content\\\/uploads\\\/2025\\\/03\\\/WhatsApp-Image-2025-03-06-at-12.44.58-PM-150x150.jpeg\",\"contentUrl\":\"https:\\\/\\\/edumas.gov.co\\\/wp-content\\\/uploads\\\/2025\\\/03\\\/WhatsApp-Image-2025-03-06-at-12.44.58-PM-150x150.jpeg\",\"caption\":\"edumas\"},\"sameAs\":[\"https:\\\/\\\/test.edumas.gov.co\"],\"url\":\"https:\\\/\\\/edumas.gov.co\\\/inicio\\\/author\\\/edumas\\\/\"}]}<\/script>\n<!-- \/ Yoast SEO plugin. -->","yoast_head_json":{"title":"Limpian arroyo El Salao de Soledad para evitar inundaciones en temporada invernal - Edumas","robots":{"index":"index","follow":"follow","max-snippet":"max-snippet:-1","max-image-preview":"max-image-preview:large","max-video-preview":"max-video-preview:-1"},"canonical":"https:\/\/edumas.gov.co\/inicio\/2023\/10\/17\/limpian-arroyo-el-salao-de-soledad-para-evitar-inundaciones-en-temporada-invernal\/","og_locale":"es_ES","og_type":"article","og_title":"Limpian arroyo El Salao de Soledad para evitar inundaciones en temporada invernal - Edumas","og_description":"Como parte de los planes de limpieza que se vienen realizando en los arroyos m\u00e1s cr\u00edticos del municipio, se inici\u00f3 la intervenci\u00f3n del arroyo El Salao, en el sector del Paso el Libertador, por parte del Edumas. Hasta el sector se desplaz\u00f3 la subgerente ambiental, Clerck Pertuz, para verificar la realizaci\u00f3n de las actividades de [&hellip;]","og_url":"https:\/\/edumas.gov.co\/inicio\/2023\/10\/17\/limpian-arroyo-el-salao-de-soledad-para-evitar-inundaciones-en-temporada-invernal\/","og_site_name":"Edumas","article_published_time":"2023-10-17T20:39:25+00:00","article_modified_time":"2023-10-19T03:00:57+00:00","author":"edumas","twitter_card":"summary_large_image","twitter_misc":{"Escrito por":"edumas","Tiempo de lectura":"1 minuto"},"schema":{"@context":"https:\/\/schema.org","@graph":[{"@type":"Article","@id":"https:\/\/edumas.gov.co\/inicio\/2023\/10\/17\/limpian-arroyo-el-salao-de-soledad-para-evitar-inundaciones-en-temporada-invernal\/#article","isPartOf":{"@id":"https:\/\/edumas.gov.co\/inicio\/2023\/10\/17\/limpian-arroyo-el-salao-de-soledad-para-evitar-inundaciones-en-temporada-invernal\/"},"author":{"name":"edumas","@id":"https:\/\/edumas.gov.co\/inicio\/#\/schema\/person\/e2e82a662fd06864325b88811079b05a"},"headline":"Limpian arroyo El Salao de Soledad para evitar inundaciones en temporada invernal","datePublished":"2023-10-17T20:39:25+00:00","dateModified":"2023-10-19T03:00:57+00:00","mainEntityOfPage":{"@id":"https:\/\/edumas.gov.co\/inicio\/2023\/10\/17\/limpian-arroyo-el-salao-de-soledad-para-evitar-inundaciones-en-temporada-invernal\/"},"wordCount":223,"commentCount":0,"publisher":{"@id":"https:\/\/edumas.gov.co\/inicio\/#organization"},"articleSection":["noticias"],"inLanguage":"es","potentialAction":[{"@type":"CommentAction","name":"Comment","target":["https:\/\/edumas.gov.co\/inicio\/2023\/10\/17\/limpian-arroyo-el-salao-de-soledad-para-evitar-inundaciones-en-temporada-invernal\/#respond"]}]},{"@type":"WebPage","@id":"https:\/\/edumas.gov.co\/inicio\/2023\/10\/17\/limpian-arroyo-el-salao-de-soledad-para-evitar-inundaciones-en-temporada-invernal\/","url":"https:\/\/edumas.gov.co\/inicio\/2023\/10\/17\/limpian-arroyo-el-salao-de-soledad-para-evitar-inundaciones-en-temporada-invernal\/","name":"Limpian arroyo El Salao de Soledad para evitar inundaciones en temporada invernal - Edumas","isPartOf":{"@id":"https:\/\/edumas.gov.co\/inicio\/#website"},"datePublished":"2023-10-17T20:39:25+00:00","dateModified":"2023-10-19T03:00:57+00:00","breadcrumb":{"@id":"https:\/\/edumas.gov.co\/inicio\/2023\/10\/17\/limpian-arroyo-el-salao-de-soledad-para-evitar-inundaciones-en-temporada-invernal\/#breadcrumb"},"inLanguage":"es","potentialAction":[{"@type":"ReadAction","target":["https:\/\/edumas.gov.co\/inicio\/2023\/10\/17\/limpian-arroyo-el-salao-de-soledad-para-evitar-inundaciones-en-temporada-invernal\/"]}]},{"@type":"BreadcrumbList","@id":"https:\/\/edumas.gov.co\/inicio\/2023\/10\/17\/limpian-arroyo-el-salao-de-soledad-para-evitar-inundaciones-en-temporada-invernal\/#breadcrumb","itemListElement":[{"@type":"ListItem","position":1,"name":"Portada","item":"https:\/\/edumas.gov.co\/inicio\/"},{"@type":"ListItem","position":2,"name":"Limpian arroyo El Salao de Soledad para evitar inundaciones en temporada invernal"}]},{"@type":"WebSite","@id":"https:\/\/edumas.gov.co\/inicio\/#website","url":"https:\/\/edumas.gov.co\/inicio\/","name":"Edumas","description":"Edumas","publisher":{"@id":"https:\/\/edumas.gov.co\/inicio\/#organization"},"potentialAction":[{"@type":"SearchAction","target":{"@type":"EntryPoint","urlTemplate":"https:\/\/edumas.gov.co\/inicio\/?s={search_term_string}"},"query-input":{"@type":"PropertyValueSpecification","valueRequired":true,"valueName":"search_term_string"}}],"inLanguage":"es"},{"@type":"Organization","@id":"https:\/\/edumas.gov.co\/inicio\/#organization","name":"Edumas","url":"https:\/\/edumas.gov.co\/inicio\/","logo":{"@type":"ImageObject","inLanguage":"es","@id":"https:\/\/edumas.gov.co\/inicio\/#\/schema\/logo\/image\/","url":"https:\/\/edumas.gov.co\/wp-content\/uploads\/2024\/10\/Perfil-Instagram-PhotoRoom.png-PhotoRoom.png","contentUrl":"https:\/\/edumas.gov.co\/wp-content\/uploads\/2024\/10\/Perfil-Instagram-PhotoRoom.png-PhotoRoom.png","width":648,"height":233,"caption":"Edumas"},"image":{"@id":"https:\/\/edumas.gov.co\/inicio\/#\/schema\/logo\/image\/"}},{"@type":"Person","@id":"https:\/\/edumas.gov.co\/inicio\/#\/schema\/person\/e2e82a662fd06864325b88811079b05a","name":"edumas","image":{"@type":"ImageObject","inLanguage":"es","@id":"https:\/\/edumas.gov.co\/wp-content\/uploads\/2025\/03\/WhatsApp-Image-2025-03-06-at-12.44.58-PM-150x150.jpeg","url":"https:\/\/edumas.gov.co\/wp-content\/uploads\/2025\/03\/WhatsApp-Image-2025-03-06-at-12.44.58-PM-150x150.jpeg","contentUrl":"https:\/\/edumas.gov.co\/wp-content\/uploads\/2025\/03\/WhatsApp-Image-2025-03-06-at-12.44.58-PM-150x150.jpeg","caption":"edumas"},"sameAs":["https:\/\/test.edumas.gov.co"],"url":"https:\/\/edumas.gov.co\/inicio\/author\/edumas\/"}]}},"_links":{"self":[{"href":"https:\/\/edumas.gov.co\/inicio\/wp-json\/wp\/v2\/posts\/909","targetHints":{"allow":["GET"]}}],"collection":[{"href":"https:\/\/edumas.gov.co\/inicio\/wp-json\/wp\/v2\/posts"}],"about":[{"href":"https:\/\/edumas.gov.co\/inicio\/wp-json\/wp\/v2\/types\/post"}],"author":[{"embeddable":true,"href":"https:\/\/edumas.gov.co\/inicio\/wp-json\/wp\/v2\/users\/1"}],"replies":[{"embeddable":true,"href":"https:\/\/edumas.gov.co\/inicio\/wp-json\/wp\/v2\/comments?post=909"}],"version-history":[{"count":3,"href":"https:\/\/edumas.gov.co\/inicio\/wp-json\/wp\/v2\/posts\/909\/revisions"}],"predecessor-version":[{"id":1028,"href":"https:\/\/edumas.gov.co\/inicio\/wp-json\/wp\/v2\/posts\/909\/revisions\/1028"}],"wp:attachment":[{"href":"https:\/\/edumas.gov.co\/inicio\/wp-json\/wp\/v2\/media?parent=909"}],"wp:term":[{"taxonomy":"category","embeddable":true,"href":"https:\/\/edumas.gov.co\/inicio\/wp-json\/wp\/v2\/categories?post=909"},{"taxonomy":"post_tag","embeddable":true,"href":"https:\/\/edumas.gov.co\/inicio\/wp-json\/wp\/v2\/tags?post=909"}],"curies":[{"name":"wp","href":"https:\/\/api.w.org\/{rel}","templated":true}]}}