{"id":9355,"date":"2026-07-26T20:10:00","date_gmt":"2026-07-26T20:10:00","guid":{"rendered":"https:\/\/edumas.gov.co\/inicio\/?p=9355"},"modified":"2026-08-26T20:17:24","modified_gmt":"2026-08-26T20:17:24","slug":"dia-internacional-de-la-defensa-del-ecosistema-manglar","status":"publish","type":"post","link":"https:\/\/edumas.gov.co\/inicio\/2026\/07\/26\/dia-internacional-de-la-defensa-del-ecosistema-manglar\/","title":{"rendered":"D\u00eda Internacional de la Defensa del Ecosistema Manglar"},"content":{"rendered":"\n<p class=\"wp-block-paragraph\"><strong>Julio 26<\/strong> &#8211; Establecido por la UNESCO en 2015, este D\u00eda concientiza sobre la importancia de los manglares y promueve su conservaci\u00f3n sostenible. Se eligi\u00f3 esta fecha, en memoria del activista ambiental\u00a0<em><strong>Hayhow Daniel Nanoto<\/strong><\/em>, que muri\u00f3 de un paro cardiaco el 26 de julio de 1998, mientras ejerc\u00eda acciones de protesta contra un estanque ilegal de camarones en la comunidad de Muisne en Ecuador.<\/p>\n\n\n\n<p class=\"wp-block-paragraph\">Las organizaciones que impulsaron la creaci\u00f3n de este d\u00eda de conciencia ambiental fueron\u00a0<strong>Ecologistas en acci\u00f3n<\/strong>\u00a0y la\u00a0<strong>Red manglar Internacional<\/strong>, ambas organizaciones civiles sin fines de lucro.<\/p>\n\n\n\n<p class=\"wp-block-paragraph\">Pero no ser\u00eda hasta el a\u00f1o 2015, en la Conferencia General de la Unesco, cuando se pidi\u00f3 formalmente a la Directora General de este organismo que se decretar\u00e1 el 26 de julio como\u00a0<strong>D\u00eda Internacional de la defensa del Ecosistema Manglar<\/strong>, propuesta que fue aprobada al a\u00f1o siguiente.<\/p>\n\n\n\n<p class=\"wp-block-paragraph\">El principal objetivo que buscan impulsar estas organizaciones, as\u00ed como las diferentes comunidades de las zonas costeras del tr\u00f3pico, es evitar el avance de compa\u00f1\u00edas mercantilistas que buscan comerciar con la naturaleza a\u00fan a costa de su detrimento o da\u00f1o.<\/p>\n\n\n\n<p class=\"wp-block-paragraph\">Seg\u00fan datos de la FAO (Organizaci\u00f3n de las Naciones Unidas para la Alimentaci\u00f3n y la Agricultura), en los \u00faltimos 40 a\u00f1os han desaparecido m\u00e1s del 50% de los manglares del mundo, debido a la sobreexplotaci\u00f3n de las industrias camaroneras en la zonas donde se desarrollan este tipo de h\u00e1bitat natural.<\/p>\n\n\n\n<p class=\"wp-block-paragraph\">La destrucci\u00f3n de los manglares no solo afecta a la naturaleza, tambi\u00e9n a los asentamientos humanos que se encuentran en zonas aleda\u00f1as a este tipo de ecosistemas.<\/p>\n\n\n\n<p class=\"wp-block-paragraph\">No solo porque pone en riesgo la soberan\u00eda alimentaria de los pueblos; tambi\u00e9n porque los manglares sirven de barrera natural para evitar estragos como tsunamis, huracanes y dem\u00e1s problemas graves originados por el cambio clim\u00e1tico.<\/p>\n\n\n\n<p class=\"wp-block-paragraph\">Los manglares son ecosistemas \u00fanicos entre la tierra y el mar. Sustentan la biodiversidad, protegen a las comunidades costeras, mejoran la seguridad alimentaria y act\u00faan como defensas naturales contra las tormentas y la erosi\u00f3n. Sus suelos tambi\u00e9n son potentes sumideros de carbono.<\/p>\n\n\n\n<p class=\"wp-block-paragraph\">Sin embargo, los manglares est\u00e1n desapareciendo de tres a cinco veces m\u00e1s r\u00e1pido que la p\u00e9rdida total de bosques a nivel mundial, con graves impactos ecol\u00f3gicos y socioecon\u00f3micos. Estimaciones actuales indican que la cobertura de manglares se ha reducido a la mitad en los \u00faltimos 40 a\u00f1os.<\/p>\n\n\n\n<p class=\"wp-block-paragraph\">Fuente: <a href=\"https:\/\/www.unesco.org\/es\/days\/mangrove-ecosystem-conservation\">https:\/\/www.unesco.org\/es\/days\/mangrove-ecosystem-conservation<\/a><\/p>\n\n\n\n<p class=\"wp-block-paragraph\"><a href=\"https:\/\/www.diainternacionalde.com\/ficha\/dia-internacional-manglar\">https:\/\/www.diainternacionalde.com\/ficha\/dia-internacional-manglar<\/a><\/p>\n\n\n\n<p class=\"wp-block-paragraph\"><\/p>\n\n\n\n<p class=\"wp-block-paragraph\"><\/p>\n","protected":false},"excerpt":{"rendered":"<p>Julio 26 &#8211; Establecido por la UNESCO en 2015, este D\u00eda concientiza sobre la importancia de los manglares y promueve su conservaci\u00f3n sostenible. Se eligi\u00f3 esta fecha, en memoria del activista ambiental\u00a0Hayhow Daniel Nanoto, que muri\u00f3 de un paro cardiaco el 26 de julio de 1998, mientras ejerc\u00eda acciones de protesta contra un estanque ilegal [&hellip;]<\/p>\n","protected":false},"author":1,"featured_media":9356,"comment_status":"open","ping_status":"open","sticky":false,"template":"","format":"standard","meta":{"footnotes":""},"categories":[28],"tags":[232],"class_list":["post-9355","post","type-post","status-publish","format-standard","has-post-thumbnail","hentry","category-eventos","tag-manglar"],"yoast_head":"<!-- This site is optimized with the Yoast SEO plugin v27.4 - https:\/\/yoast.com\/product\/yoast-seo-wordpress\/ -->\n<title>D\u00eda Internacional de la Defensa del Ecosistema Manglar - Edumas<\/title>\n<meta name=\"robots\" content=\"index, follow, max-snippet:-1, max-image-preview:large, max-video-preview:-1\" \/>\n<link rel=\"canonical\" href=\"https:\/\/edumas.gov.co\/inicio\/2026\/07\/26\/dia-internacional-de-la-defensa-del-ecosistema-manglar\/\" \/>\n<meta property=\"og:locale\" content=\"es_ES\" \/>\n<meta property=\"og:type\" content=\"article\" \/>\n<meta property=\"og:title\" content=\"D\u00eda Internacional de la Defensa del Ecosistema Manglar - Edumas\" \/>\n<meta property=\"og:description\" content=\"Julio 26 &#8211; Establecido por la UNESCO en 2015, este D\u00eda concientiza sobre la importancia de los manglares y promueve su conservaci\u00f3n sostenible. Se eligi\u00f3 esta fecha, en memoria del activista ambiental\u00a0Hayhow Daniel Nanoto, que muri\u00f3 de un paro cardiaco el 26 de julio de 1998, mientras ejerc\u00eda acciones de protesta contra un estanque ilegal [&hellip;]\" \/>\n<meta property=\"og:url\" content=\"https:\/\/edumas.gov.co\/inicio\/2026\/07\/26\/dia-internacional-de-la-defensa-del-ecosistema-manglar\/\" \/>\n<meta property=\"og:site_name\" content=\"Edumas\" \/>\n<meta property=\"article:published_time\" content=\"2026-07-26T20:10:00+00:00\" \/>\n<meta property=\"article:modified_time\" content=\"2026-08-26T20:17:24+00:00\" \/>\n<meta property=\"og:image\" content=\"https:\/\/edumas.gov.co\/wp-content\/uploads\/2026\/08\/WEB-2026-Fechas-ambientales-3-2.png\" \/>\n\t<meta property=\"og:image:width\" content=\"940\" \/>\n\t<meta property=\"og:image:height\" content=\"788\" \/>\n\t<meta property=\"og:image:type\" content=\"image\/png\" \/>\n<meta name=\"author\" content=\"edumas\" \/>\n<meta name=\"twitter:card\" content=\"summary_large_image\" \/>\n<meta name=\"twitter:label1\" content=\"Escrito por\" \/>\n\t<meta name=\"twitter:data1\" content=\"edumas\" \/>\n\t<meta name=\"twitter:label2\" content=\"Tiempo de lectura\" \/>\n\t<meta name=\"twitter:data2\" content=\"2 minutos\" \/>\n<script type=\"application\/ld+json\" class=\"yoast-schema-graph\">{\"@context\":\"https:\\\/\\\/schema.org\",\"@graph\":[{\"@type\":\"Article\",\"@id\":\"https:\\\/\\\/edumas.gov.co\\\/inicio\\\/2026\\\/07\\\/26\\\/dia-internacional-de-la-defensa-del-ecosistema-manglar\\\/#article\",\"isPartOf\":{\"@id\":\"https:\\\/\\\/edumas.gov.co\\\/inicio\\\/2026\\\/07\\\/26\\\/dia-internacional-de-la-defensa-del-ecosistema-manglar\\\/\"},\"author\":{\"name\":\"edumas\",\"@id\":\"https:\\\/\\\/edumas.gov.co\\\/inicio\\\/#\\\/schema\\\/person\\\/e2e82a662fd06864325b88811079b05a\"},\"headline\":\"D\u00eda Internacional de la Defensa del Ecosistema Manglar\",\"datePublished\":\"2026-07-26T20:10:00+00:00\",\"dateModified\":\"2026-08-26T20:17:24+00:00\",\"mainEntityOfPage\":{\"@id\":\"https:\\\/\\\/edumas.gov.co\\\/inicio\\\/2026\\\/07\\\/26\\\/dia-internacional-de-la-defensa-del-ecosistema-manglar\\\/\"},\"wordCount\":434,\"commentCount\":0,\"publisher\":{\"@id\":\"https:\\\/\\\/edumas.gov.co\\\/inicio\\\/#organization\"},\"image\":{\"@id\":\"https:\\\/\\\/edumas.gov.co\\\/inicio\\\/2026\\\/07\\\/26\\\/dia-internacional-de-la-defensa-del-ecosistema-manglar\\\/#primaryimage\"},\"thumbnailUrl\":\"https:\\\/\\\/edumas.gov.co\\\/wp-content\\\/uploads\\\/2026\\\/08\\\/WEB-2026-Fechas-ambientales-3-2.png\",\"keywords\":[\"manglar\"],\"articleSection\":[\"eventos\"],\"inLanguage\":\"es\",\"potentialAction\":[{\"@type\":\"CommentAction\",\"name\":\"Comment\",\"target\":[\"https:\\\/\\\/edumas.gov.co\\\/inicio\\\/2026\\\/07\\\/26\\\/dia-internacional-de-la-defensa-del-ecosistema-manglar\\\/#respond\"]}]},{\"@type\":\"WebPage\",\"@id\":\"https:\\\/\\\/edumas.gov.co\\\/inicio\\\/2026\\\/07\\\/26\\\/dia-internacional-de-la-defensa-del-ecosistema-manglar\\\/\",\"url\":\"https:\\\/\\\/edumas.gov.co\\\/inicio\\\/2026\\\/07\\\/26\\\/dia-internacional-de-la-defensa-del-ecosistema-manglar\\\/\",\"name\":\"D\u00eda Internacional de la Defensa del Ecosistema Manglar - Edumas\",\"isPartOf\":{\"@id\":\"https:\\\/\\\/edumas.gov.co\\\/inicio\\\/#website\"},\"primaryImageOfPage\":{\"@id\":\"https:\\\/\\\/edumas.gov.co\\\/inicio\\\/2026\\\/07\\\/26\\\/dia-internacional-de-la-defensa-del-ecosistema-manglar\\\/#primaryimage\"},\"image\":{\"@id\":\"https:\\\/\\\/edumas.gov.co\\\/inicio\\\/2026\\\/07\\\/26\\\/dia-internacional-de-la-defensa-del-ecosistema-manglar\\\/#primaryimage\"},\"thumbnailUrl\":\"https:\\\/\\\/edumas.gov.co\\\/wp-content\\\/uploads\\\/2026\\\/08\\\/WEB-2026-Fechas-ambientales-3-2.png\",\"datePublished\":\"2026-07-26T20:10:00+00:00\",\"dateModified\":\"2026-08-26T20:17:24+00:00\",\"breadcrumb\":{\"@id\":\"https:\\\/\\\/edumas.gov.co\\\/inicio\\\/2026\\\/07\\\/26\\\/dia-internacional-de-la-defensa-del-ecosistema-manglar\\\/#breadcrumb\"},\"inLanguage\":\"es\",\"potentialAction\":[{\"@type\":\"ReadAction\",\"target\":[\"https:\\\/\\\/edumas.gov.co\\\/inicio\\\/2026\\\/07\\\/26\\\/dia-internacional-de-la-defensa-del-ecosistema-manglar\\\/\"]}]},{\"@type\":\"ImageObject\",\"inLanguage\":\"es\",\"@id\":\"https:\\\/\\\/edumas.gov.co\\\/inicio\\\/2026\\\/07\\\/26\\\/dia-internacional-de-la-defensa-del-ecosistema-manglar\\\/#primaryimage\",\"url\":\"https:\\\/\\\/edumas.gov.co\\\/wp-content\\\/uploads\\\/2026\\\/08\\\/WEB-2026-Fechas-ambientales-3-2.png\",\"contentUrl\":\"https:\\\/\\\/edumas.gov.co\\\/wp-content\\\/uploads\\\/2026\\\/08\\\/WEB-2026-Fechas-ambientales-3-2.png\",\"width\":940,\"height\":788},{\"@type\":\"BreadcrumbList\",\"@id\":\"https:\\\/\\\/edumas.gov.co\\\/inicio\\\/2026\\\/07\\\/26\\\/dia-internacional-de-la-defensa-del-ecosistema-manglar\\\/#breadcrumb\",\"itemListElement\":[{\"@type\":\"ListItem\",\"position\":1,\"name\":\"Portada\",\"item\":\"https:\\\/\\\/edumas.gov.co\\\/inicio\\\/\"},{\"@type\":\"ListItem\",\"position\":2,\"name\":\"D\u00eda Internacional de la Defensa del Ecosistema Manglar\"}]},{\"@type\":\"WebSite\",\"@id\":\"https:\\\/\\\/edumas.gov.co\\\/inicio\\\/#website\",\"url\":\"https:\\\/\\\/edumas.gov.co\\\/inicio\\\/\",\"name\":\"Edumas\",\"description\":\"Edumas\",\"publisher\":{\"@id\":\"https:\\\/\\\/edumas.gov.co\\\/inicio\\\/#organization\"},\"potentialAction\":[{\"@type\":\"SearchAction\",\"target\":{\"@type\":\"EntryPoint\",\"urlTemplate\":\"https:\\\/\\\/edumas.gov.co\\\/inicio\\\/?s={search_term_string}\"},\"query-input\":{\"@type\":\"PropertyValueSpecification\",\"valueRequired\":true,\"valueName\":\"search_term_string\"}}],\"inLanguage\":\"es\"},{\"@type\":\"Organization\",\"@id\":\"https:\\\/\\\/edumas.gov.co\\\/inicio\\\/#organization\",\"name\":\"Edumas\",\"url\":\"https:\\\/\\\/edumas.gov.co\\\/inicio\\\/\",\"logo\":{\"@type\":\"ImageObject\",\"inLanguage\":\"es\",\"@id\":\"https:\\\/\\\/edumas.gov.co\\\/inicio\\\/#\\\/schema\\\/logo\\\/image\\\/\",\"url\":\"https:\\\/\\\/edumas.gov.co\\\/wp-content\\\/uploads\\\/2024\\\/10\\\/Perfil-Instagram-PhotoRoom.png-PhotoRoom.png\",\"contentUrl\":\"https:\\\/\\\/edumas.gov.co\\\/wp-content\\\/uploads\\\/2024\\\/10\\\/Perfil-Instagram-PhotoRoom.png-PhotoRoom.png\",\"width\":648,\"height\":233,\"caption\":\"Edumas\"},\"image\":{\"@id\":\"https:\\\/\\\/edumas.gov.co\\\/inicio\\\/#\\\/schema\\\/logo\\\/image\\\/\"}},{\"@type\":\"Person\",\"@id\":\"https:\\\/\\\/edumas.gov.co\\\/inicio\\\/#\\\/schema\\\/person\\\/e2e82a662fd06864325b88811079b05a\",\"name\":\"edumas\",\"image\":{\"@type\":\"ImageObject\",\"inLanguage\":\"es\",\"@id\":\"https:\\\/\\\/edumas.gov.co\\\/wp-content\\\/uploads\\\/2025\\\/03\\\/WhatsApp-Image-2025-03-06-at-12.44.58-PM-150x150.jpeg\",\"url\":\"https:\\\/\\\/edumas.gov.co\\\/wp-content\\\/uploads\\\/2025\\\/03\\\/WhatsApp-Image-2025-03-06-at-12.44.58-PM-150x150.jpeg\",\"contentUrl\":\"https:\\\/\\\/edumas.gov.co\\\/wp-content\\\/uploads\\\/2025\\\/03\\\/WhatsApp-Image-2025-03-06-at-12.44.58-PM-150x150.jpeg\",\"caption\":\"edumas\"},\"sameAs\":[\"https:\\\/\\\/test.edumas.gov.co\"],\"url\":\"https:\\\/\\\/edumas.gov.co\\\/inicio\\\/author\\\/edumas\\\/\"}]}<\/script>\n<!-- \/ Yoast SEO plugin. -->","yoast_head_json":{"title":"D\u00eda Internacional de la Defensa del Ecosistema Manglar - Edumas","robots":{"index":"index","follow":"follow","max-snippet":"max-snippet:-1","max-image-preview":"max-image-preview:large","max-video-preview":"max-video-preview:-1"},"canonical":"https:\/\/edumas.gov.co\/inicio\/2026\/07\/26\/dia-internacional-de-la-defensa-del-ecosistema-manglar\/","og_locale":"es_ES","og_type":"article","og_title":"D\u00eda Internacional de la Defensa del Ecosistema Manglar - Edumas","og_description":"Julio 26 &#8211; Establecido por la UNESCO en 2015, este D\u00eda concientiza sobre la importancia de los manglares y promueve su conservaci\u00f3n sostenible. Se eligi\u00f3 esta fecha, en memoria del activista ambiental\u00a0Hayhow Daniel Nanoto, que muri\u00f3 de un paro cardiaco el 26 de julio de 1998, mientras ejerc\u00eda acciones de protesta contra un estanque ilegal [&hellip;]","og_url":"https:\/\/edumas.gov.co\/inicio\/2026\/07\/26\/dia-internacional-de-la-defensa-del-ecosistema-manglar\/","og_site_name":"Edumas","article_published_time":"2026-07-26T20:10:00+00:00","article_modified_time":"2026-08-26T20:17:24+00:00","og_image":[{"width":940,"height":788,"url":"https:\/\/edumas.gov.co\/wp-content\/uploads\/2026\/08\/WEB-2026-Fechas-ambientales-3-2.png","type":"image\/png"}],"author":"edumas","twitter_card":"summary_large_image","twitter_misc":{"Escrito por":"edumas","Tiempo de lectura":"2 minutos"},"schema":{"@context":"https:\/\/schema.org","@graph":[{"@type":"Article","@id":"https:\/\/edumas.gov.co\/inicio\/2026\/07\/26\/dia-internacional-de-la-defensa-del-ecosistema-manglar\/#article","isPartOf":{"@id":"https:\/\/edumas.gov.co\/inicio\/2026\/07\/26\/dia-internacional-de-la-defensa-del-ecosistema-manglar\/"},"author":{"name":"edumas","@id":"https:\/\/edumas.gov.co\/inicio\/#\/schema\/person\/e2e82a662fd06864325b88811079b05a"},"headline":"D\u00eda Internacional de la Defensa del Ecosistema Manglar","datePublished":"2026-07-26T20:10:00+00:00","dateModified":"2026-08-26T20:17:24+00:00","mainEntityOfPage":{"@id":"https:\/\/edumas.gov.co\/inicio\/2026\/07\/26\/dia-internacional-de-la-defensa-del-ecosistema-manglar\/"},"wordCount":434,"commentCount":0,"publisher":{"@id":"https:\/\/edumas.gov.co\/inicio\/#organization"},"image":{"@id":"https:\/\/edumas.gov.co\/inicio\/2026\/07\/26\/dia-internacional-de-la-defensa-del-ecosistema-manglar\/#primaryimage"},"thumbnailUrl":"https:\/\/edumas.gov.co\/wp-content\/uploads\/2026\/08\/WEB-2026-Fechas-ambientales-3-2.png","keywords":["manglar"],"articleSection":["eventos"],"inLanguage":"es","potentialAction":[{"@type":"CommentAction","name":"Comment","target":["https:\/\/edumas.gov.co\/inicio\/2026\/07\/26\/dia-internacional-de-la-defensa-del-ecosistema-manglar\/#respond"]}]},{"@type":"WebPage","@id":"https:\/\/edumas.gov.co\/inicio\/2026\/07\/26\/dia-internacional-de-la-defensa-del-ecosistema-manglar\/","url":"https:\/\/edumas.gov.co\/inicio\/2026\/07\/26\/dia-internacional-de-la-defensa-del-ecosistema-manglar\/","name":"D\u00eda Internacional de la Defensa del Ecosistema Manglar - Edumas","isPartOf":{"@id":"https:\/\/edumas.gov.co\/inicio\/#website"},"primaryImageOfPage":{"@id":"https:\/\/edumas.gov.co\/inicio\/2026\/07\/26\/dia-internacional-de-la-defensa-del-ecosistema-manglar\/#primaryimage"},"image":{"@id":"https:\/\/edumas.gov.co\/inicio\/2026\/07\/26\/dia-internacional-de-la-defensa-del-ecosistema-manglar\/#primaryimage"},"thumbnailUrl":"https:\/\/edumas.gov.co\/wp-content\/uploads\/2026\/08\/WEB-2026-Fechas-ambientales-3-2.png","datePublished":"2026-07-26T20:10:00+00:00","dateModified":"2026-08-26T20:17:24+00:00","breadcrumb":{"@id":"https:\/\/edumas.gov.co\/inicio\/2026\/07\/26\/dia-internacional-de-la-defensa-del-ecosistema-manglar\/#breadcrumb"},"inLanguage":"es","potentialAction":[{"@type":"ReadAction","target":["https:\/\/edumas.gov.co\/inicio\/2026\/07\/26\/dia-internacional-de-la-defensa-del-ecosistema-manglar\/"]}]},{"@type":"ImageObject","inLanguage":"es","@id":"https:\/\/edumas.gov.co\/inicio\/2026\/07\/26\/dia-internacional-de-la-defensa-del-ecosistema-manglar\/#primaryimage","url":"https:\/\/edumas.gov.co\/wp-content\/uploads\/2026\/08\/WEB-2026-Fechas-ambientales-3-2.png","contentUrl":"https:\/\/edumas.gov.co\/wp-content\/uploads\/2026\/08\/WEB-2026-Fechas-ambientales-3-2.png","width":940,"height":788},{"@type":"BreadcrumbList","@id":"https:\/\/edumas.gov.co\/inicio\/2026\/07\/26\/dia-internacional-de-la-defensa-del-ecosistema-manglar\/#breadcrumb","itemListElement":[{"@type":"ListItem","position":1,"name":"Portada","item":"https:\/\/edumas.gov.co\/inicio\/"},{"@type":"ListItem","position":2,"name":"D\u00eda Internacional de la Defensa del Ecosistema Manglar"}]},{"@type":"WebSite","@id":"https:\/\/edumas.gov.co\/inicio\/#website","url":"https:\/\/edumas.gov.co\/inicio\/","name":"Edumas","description":"Edumas","publisher":{"@id":"https:\/\/edumas.gov.co\/inicio\/#organization"},"potentialAction":[{"@type":"SearchAction","target":{"@type":"EntryPoint","urlTemplate":"https:\/\/edumas.gov.co\/inicio\/?s={search_term_string}"},"query-input":{"@type":"PropertyValueSpecification","valueRequired":true,"valueName":"search_term_string"}}],"inLanguage":"es"},{"@type":"Organization","@id":"https:\/\/edumas.gov.co\/inicio\/#organization","name":"Edumas","url":"https:\/\/edumas.gov.co\/inicio\/","logo":{"@type":"ImageObject","inLanguage":"es","@id":"https:\/\/edumas.gov.co\/inicio\/#\/schema\/logo\/image\/","url":"https:\/\/edumas.gov.co\/wp-content\/uploads\/2024\/10\/Perfil-Instagram-PhotoRoom.png-PhotoRoom.png","contentUrl":"https:\/\/edumas.gov.co\/wp-content\/uploads\/2024\/10\/Perfil-Instagram-PhotoRoom.png-PhotoRoom.png","width":648,"height":233,"caption":"Edumas"},"image":{"@id":"https:\/\/edumas.gov.co\/inicio\/#\/schema\/logo\/image\/"}},{"@type":"Person","@id":"https:\/\/edumas.gov.co\/inicio\/#\/schema\/person\/e2e82a662fd06864325b88811079b05a","name":"edumas","image":{"@type":"ImageObject","inLanguage":"es","@id":"https:\/\/edumas.gov.co\/wp-content\/uploads\/2025\/03\/WhatsApp-Image-2025-03-06-at-12.44.58-PM-150x150.jpeg","url":"https:\/\/edumas.gov.co\/wp-content\/uploads\/2025\/03\/WhatsApp-Image-2025-03-06-at-12.44.58-PM-150x150.jpeg","contentUrl":"https:\/\/edumas.gov.co\/wp-content\/uploads\/2025\/03\/WhatsApp-Image-2025-03-06-at-12.44.58-PM-150x150.jpeg","caption":"edumas"},"sameAs":["https:\/\/test.edumas.gov.co"],"url":"https:\/\/edumas.gov.co\/inicio\/author\/edumas\/"}]}},"_links":{"self":[{"href":"https:\/\/edumas.gov.co\/inicio\/wp-json\/wp\/v2\/posts\/9355","targetHints":{"allow":["GET"]}}],"collection":[{"href":"https:\/\/edumas.gov.co\/inicio\/wp-json\/wp\/v2\/posts"}],"about":[{"href":"https:\/\/edumas.gov.co\/inicio\/wp-json\/wp\/v2\/types\/post"}],"author":[{"embeddable":true,"href":"https:\/\/edumas.gov.co\/inicio\/wp-json\/wp\/v2\/users\/1"}],"replies":[{"embeddable":true,"href":"https:\/\/edumas.gov.co\/inicio\/wp-json\/wp\/v2\/comments?post=9355"}],"version-history":[{"count":1,"href":"https:\/\/edumas.gov.co\/inicio\/wp-json\/wp\/v2\/posts\/9355\/revisions"}],"predecessor-version":[{"id":9357,"href":"https:\/\/edumas.gov.co\/inicio\/wp-json\/wp\/v2\/posts\/9355\/revisions\/9357"}],"wp:featuredmedia":[{"embeddable":true,"href":"https:\/\/edumas.gov.co\/inicio\/wp-json\/wp\/v2\/media\/9356"}],"wp:attachment":[{"href":"https:\/\/edumas.gov.co\/inicio\/wp-json\/wp\/v2\/media?parent=9355"}],"wp:term":[{"taxonomy":"category","embeddable":true,"href":"https:\/\/edumas.gov.co\/inicio\/wp-json\/wp\/v2\/categories?post=9355"},{"taxonomy":"post_tag","embeddable":true,"href":"https:\/\/edumas.gov.co\/inicio\/wp-json\/wp\/v2\/tags?post=9355"}],"curies":[{"name":"wp","href":"https:\/\/api.w.org\/{rel}","templated":true}]}}