{"id":9369,"date":"2026-07-20T21:05:00","date_gmt":"2026-07-20T21:05:00","guid":{"rendered":"https:\/\/edumas.gov.co\/inicio\/?p=9369"},"modified":"2026-08-26T21:08:16","modified_gmt":"2026-08-26T21:08:16","slug":"dia-de-la-independencia","status":"publish","type":"post","link":"https:\/\/edumas.gov.co\/inicio\/2026\/07\/20\/dia-de-la-independencia\/","title":{"rendered":"D\u00eda de la Independencia"},"content":{"rendered":"\n<p class=\"wp-block-paragraph\"><strong>Julio 20<\/strong> &#8211; Esta es una fecha emblem\u00e1tica en la historia de Colombia y posee un significado profundo y patri\u00f3tico, ya que marca un punto de inflexi\u00f3n del proceso que condujo a la independencia de Colombia del dominio espa\u00f1ol y la lucha por la libertad y la soberan\u00eda.<\/p>\n\n\n\n<p class=\"wp-block-paragraph\">El origen de esta importante fecha se remonta al 20 de julio de 1810, cuando un grupo de ilustrados criollos liderados por figuras destacadas como Antonio Nari\u00f1o, Camilo Torres, Jos\u00e9 Acevedo y G\u00f3mez, entre otros, se unieron para conspirar contra las autoridades espa\u00f1olas de Santaf\u00e9, declarando una junta de gobierno en la capital del virreinato, siguiendo el ejemplo que hab\u00edan tomado algunas ciudades a\u00f1os atr\u00e1s en el marco de la crisis de la monarqu\u00eda espa\u00f1ola iniciado en 1808. Este acto de valent\u00eda y determinaci\u00f3n sent\u00f3 las bases para la lucha que continu\u00f3 durante mucho tiempo y que finalmente culmin\u00f3 con la independencia total del pa\u00eds algunos a\u00f1os despu\u00e9s.\u00a0<\/p>\n\n\n\n<p class=\"wp-block-paragraph\">El D\u00eda de la Independencia de Colombia es una oportunidad para que la naci\u00f3n se una en un sentimiento de unidad y orgullo, celebrando su identidad nacional y rindiendo homenaje a su historia y cultura. Adem\u00e1s, es una ocasi\u00f3n para reafirmar el valor de la libertad y la independencia, y para recordar que la construcci\u00f3n de una naci\u00f3n fuerte y unida requiere el esfuerzo conjunto de todos sus ciudadanos.<\/p>\n\n\n\n<p class=\"wp-block-paragraph\">Fuente: <a href=\"https:\/\/www.archivogeneral.gov.co\/dia-de-la-independencia-20-de-julio-de-1810\">https:\/\/www.archivogeneral.gov.co\/dia-de-la-independencia-20-de-julio-de-1810<\/a><\/p>\n","protected":false},"excerpt":{"rendered":"<p>Julio 20 &#8211; Esta es una fecha emblem\u00e1tica en la historia de Colombia y posee un significado profundo y patri\u00f3tico, ya que marca un punto de inflexi\u00f3n del proceso que condujo a la independencia de Colombia del dominio espa\u00f1ol y la lucha por la libertad y la soberan\u00eda. El origen de esta importante fecha se [&hellip;]<\/p>\n","protected":false},"author":1,"featured_media":9370,"comment_status":"open","ping_status":"open","sticky":false,"template":"","format":"standard","meta":{"footnotes":""},"categories":[28],"tags":[238,237],"class_list":["post-9369","post","type-post","status-publish","format-standard","has-post-thumbnail","hentry","category-eventos","tag-independencia","tag-independencia-de-colombia"],"yoast_head":"<!-- This site is optimized with the Yoast SEO plugin v27.4 - https:\/\/yoast.com\/product\/yoast-seo-wordpress\/ -->\n<title>D\u00eda de la Independencia - Edumas<\/title>\n<meta name=\"robots\" content=\"index, follow, max-snippet:-1, max-image-preview:large, max-video-preview:-1\" \/>\n<link rel=\"canonical\" href=\"https:\/\/edumas.gov.co\/inicio\/2026\/07\/20\/dia-de-la-independencia\/\" \/>\n<meta property=\"og:locale\" content=\"es_ES\" \/>\n<meta property=\"og:type\" content=\"article\" \/>\n<meta property=\"og:title\" content=\"D\u00eda de la Independencia - Edumas\" \/>\n<meta property=\"og:description\" content=\"Julio 20 &#8211; Esta es una fecha emblem\u00e1tica en la historia de Colombia y posee un significado profundo y patri\u00f3tico, ya que marca un punto de inflexi\u00f3n del proceso que condujo a la independencia de Colombia del dominio espa\u00f1ol y la lucha por la libertad y la soberan\u00eda. El origen de esta importante fecha se [&hellip;]\" \/>\n<meta property=\"og:url\" content=\"https:\/\/edumas.gov.co\/inicio\/2026\/07\/20\/dia-de-la-independencia\/\" \/>\n<meta property=\"og:site_name\" content=\"Edumas\" \/>\n<meta property=\"article:published_time\" content=\"2026-07-20T21:05:00+00:00\" \/>\n<meta property=\"article:modified_time\" content=\"2026-08-26T21:08:16+00:00\" \/>\n<meta property=\"og:image\" content=\"https:\/\/edumas.gov.co\/wp-content\/uploads\/2026\/08\/WEB-2026-Fechas-ambientales-1.png\" \/>\n\t<meta property=\"og:image:width\" content=\"940\" \/>\n\t<meta property=\"og:image:height\" content=\"788\" \/>\n\t<meta property=\"og:image:type\" content=\"image\/png\" \/>\n<meta name=\"author\" content=\"edumas\" \/>\n<meta name=\"twitter:card\" content=\"summary_large_image\" \/>\n<meta name=\"twitter:label1\" content=\"Escrito por\" \/>\n\t<meta name=\"twitter:data1\" content=\"edumas\" \/>\n\t<meta name=\"twitter:label2\" content=\"Tiempo de lectura\" \/>\n\t<meta name=\"twitter:data2\" content=\"2 minutos\" \/>\n<script type=\"application\/ld+json\" class=\"yoast-schema-graph\">{\"@context\":\"https:\\\/\\\/schema.org\",\"@graph\":[{\"@type\":\"Article\",\"@id\":\"https:\\\/\\\/edumas.gov.co\\\/inicio\\\/2026\\\/07\\\/20\\\/dia-de-la-independencia\\\/#article\",\"isPartOf\":{\"@id\":\"https:\\\/\\\/edumas.gov.co\\\/inicio\\\/2026\\\/07\\\/20\\\/dia-de-la-independencia\\\/\"},\"author\":{\"name\":\"edumas\",\"@id\":\"https:\\\/\\\/edumas.gov.co\\\/inicio\\\/#\\\/schema\\\/person\\\/e2e82a662fd06864325b88811079b05a\"},\"headline\":\"D\u00eda de la Independencia\",\"datePublished\":\"2026-07-20T21:05:00+00:00\",\"dateModified\":\"2026-08-26T21:08:16+00:00\",\"mainEntityOfPage\":{\"@id\":\"https:\\\/\\\/edumas.gov.co\\\/inicio\\\/2026\\\/07\\\/20\\\/dia-de-la-independencia\\\/\"},\"wordCount\":258,\"commentCount\":0,\"publisher\":{\"@id\":\"https:\\\/\\\/edumas.gov.co\\\/inicio\\\/#organization\"},\"image\":{\"@id\":\"https:\\\/\\\/edumas.gov.co\\\/inicio\\\/2026\\\/07\\\/20\\\/dia-de-la-independencia\\\/#primaryimage\"},\"thumbnailUrl\":\"https:\\\/\\\/edumas.gov.co\\\/wp-content\\\/uploads\\\/2026\\\/08\\\/WEB-2026-Fechas-ambientales-1.png\",\"keywords\":[\"independencia\",\"Independencia de Colombia\"],\"articleSection\":[\"eventos\"],\"inLanguage\":\"es\",\"potentialAction\":[{\"@type\":\"CommentAction\",\"name\":\"Comment\",\"target\":[\"https:\\\/\\\/edumas.gov.co\\\/inicio\\\/2026\\\/07\\\/20\\\/dia-de-la-independencia\\\/#respond\"]}]},{\"@type\":\"WebPage\",\"@id\":\"https:\\\/\\\/edumas.gov.co\\\/inicio\\\/2026\\\/07\\\/20\\\/dia-de-la-independencia\\\/\",\"url\":\"https:\\\/\\\/edumas.gov.co\\\/inicio\\\/2026\\\/07\\\/20\\\/dia-de-la-independencia\\\/\",\"name\":\"D\u00eda de la Independencia - Edumas\",\"isPartOf\":{\"@id\":\"https:\\\/\\\/edumas.gov.co\\\/inicio\\\/#website\"},\"primaryImageOfPage\":{\"@id\":\"https:\\\/\\\/edumas.gov.co\\\/inicio\\\/2026\\\/07\\\/20\\\/dia-de-la-independencia\\\/#primaryimage\"},\"image\":{\"@id\":\"https:\\\/\\\/edumas.gov.co\\\/inicio\\\/2026\\\/07\\\/20\\\/dia-de-la-independencia\\\/#primaryimage\"},\"thumbnailUrl\":\"https:\\\/\\\/edumas.gov.co\\\/wp-content\\\/uploads\\\/2026\\\/08\\\/WEB-2026-Fechas-ambientales-1.png\",\"datePublished\":\"2026-07-20T21:05:00+00:00\",\"dateModified\":\"2026-08-26T21:08:16+00:00\",\"breadcrumb\":{\"@id\":\"https:\\\/\\\/edumas.gov.co\\\/inicio\\\/2026\\\/07\\\/20\\\/dia-de-la-independencia\\\/#breadcrumb\"},\"inLanguage\":\"es\",\"potentialAction\":[{\"@type\":\"ReadAction\",\"target\":[\"https:\\\/\\\/edumas.gov.co\\\/inicio\\\/2026\\\/07\\\/20\\\/dia-de-la-independencia\\\/\"]}]},{\"@type\":\"ImageObject\",\"inLanguage\":\"es\",\"@id\":\"https:\\\/\\\/edumas.gov.co\\\/inicio\\\/2026\\\/07\\\/20\\\/dia-de-la-independencia\\\/#primaryimage\",\"url\":\"https:\\\/\\\/edumas.gov.co\\\/wp-content\\\/uploads\\\/2026\\\/08\\\/WEB-2026-Fechas-ambientales-1.png\",\"contentUrl\":\"https:\\\/\\\/edumas.gov.co\\\/wp-content\\\/uploads\\\/2026\\\/08\\\/WEB-2026-Fechas-ambientales-1.png\",\"width\":940,\"height\":788},{\"@type\":\"BreadcrumbList\",\"@id\":\"https:\\\/\\\/edumas.gov.co\\\/inicio\\\/2026\\\/07\\\/20\\\/dia-de-la-independencia\\\/#breadcrumb\",\"itemListElement\":[{\"@type\":\"ListItem\",\"position\":1,\"name\":\"Portada\",\"item\":\"https:\\\/\\\/edumas.gov.co\\\/inicio\\\/\"},{\"@type\":\"ListItem\",\"position\":2,\"name\":\"D\u00eda de la Independencia\"}]},{\"@type\":\"WebSite\",\"@id\":\"https:\\\/\\\/edumas.gov.co\\\/inicio\\\/#website\",\"url\":\"https:\\\/\\\/edumas.gov.co\\\/inicio\\\/\",\"name\":\"Edumas\",\"description\":\"Edumas\",\"publisher\":{\"@id\":\"https:\\\/\\\/edumas.gov.co\\\/inicio\\\/#organization\"},\"potentialAction\":[{\"@type\":\"SearchAction\",\"target\":{\"@type\":\"EntryPoint\",\"urlTemplate\":\"https:\\\/\\\/edumas.gov.co\\\/inicio\\\/?s={search_term_string}\"},\"query-input\":{\"@type\":\"PropertyValueSpecification\",\"valueRequired\":true,\"valueName\":\"search_term_string\"}}],\"inLanguage\":\"es\"},{\"@type\":\"Organization\",\"@id\":\"https:\\\/\\\/edumas.gov.co\\\/inicio\\\/#organization\",\"name\":\"Edumas\",\"url\":\"https:\\\/\\\/edumas.gov.co\\\/inicio\\\/\",\"logo\":{\"@type\":\"ImageObject\",\"inLanguage\":\"es\",\"@id\":\"https:\\\/\\\/edumas.gov.co\\\/inicio\\\/#\\\/schema\\\/logo\\\/image\\\/\",\"url\":\"https:\\\/\\\/edumas.gov.co\\\/wp-content\\\/uploads\\\/2024\\\/10\\\/Perfil-Instagram-PhotoRoom.png-PhotoRoom.png\",\"contentUrl\":\"https:\\\/\\\/edumas.gov.co\\\/wp-content\\\/uploads\\\/2024\\\/10\\\/Perfil-Instagram-PhotoRoom.png-PhotoRoom.png\",\"width\":648,\"height\":233,\"caption\":\"Edumas\"},\"image\":{\"@id\":\"https:\\\/\\\/edumas.gov.co\\\/inicio\\\/#\\\/schema\\\/logo\\\/image\\\/\"}},{\"@type\":\"Person\",\"@id\":\"https:\\\/\\\/edumas.gov.co\\\/inicio\\\/#\\\/schema\\\/person\\\/e2e82a662fd06864325b88811079b05a\",\"name\":\"edumas\",\"image\":{\"@type\":\"ImageObject\",\"inLanguage\":\"es\",\"@id\":\"https:\\\/\\\/edumas.gov.co\\\/wp-content\\\/uploads\\\/2025\\\/03\\\/WhatsApp-Image-2025-03-06-at-12.44.58-PM-150x150.jpeg\",\"url\":\"https:\\\/\\\/edumas.gov.co\\\/wp-content\\\/uploads\\\/2025\\\/03\\\/WhatsApp-Image-2025-03-06-at-12.44.58-PM-150x150.jpeg\",\"contentUrl\":\"https:\\\/\\\/edumas.gov.co\\\/wp-content\\\/uploads\\\/2025\\\/03\\\/WhatsApp-Image-2025-03-06-at-12.44.58-PM-150x150.jpeg\",\"caption\":\"edumas\"},\"sameAs\":[\"https:\\\/\\\/test.edumas.gov.co\"],\"url\":\"https:\\\/\\\/edumas.gov.co\\\/inicio\\\/author\\\/edumas\\\/\"}]}<\/script>\n<!-- \/ Yoast SEO plugin. -->","yoast_head_json":{"title":"D\u00eda de la Independencia - Edumas","robots":{"index":"index","follow":"follow","max-snippet":"max-snippet:-1","max-image-preview":"max-image-preview:large","max-video-preview":"max-video-preview:-1"},"canonical":"https:\/\/edumas.gov.co\/inicio\/2026\/07\/20\/dia-de-la-independencia\/","og_locale":"es_ES","og_type":"article","og_title":"D\u00eda de la Independencia - Edumas","og_description":"Julio 20 &#8211; Esta es una fecha emblem\u00e1tica en la historia de Colombia y posee un significado profundo y patri\u00f3tico, ya que marca un punto de inflexi\u00f3n del proceso que condujo a la independencia de Colombia del dominio espa\u00f1ol y la lucha por la libertad y la soberan\u00eda. El origen de esta importante fecha se [&hellip;]","og_url":"https:\/\/edumas.gov.co\/inicio\/2026\/07\/20\/dia-de-la-independencia\/","og_site_name":"Edumas","article_published_time":"2026-07-20T21:05:00+00:00","article_modified_time":"2026-08-26T21:08:16+00:00","og_image":[{"width":940,"height":788,"url":"https:\/\/edumas.gov.co\/wp-content\/uploads\/2026\/08\/WEB-2026-Fechas-ambientales-1.png","type":"image\/png"}],"author":"edumas","twitter_card":"summary_large_image","twitter_misc":{"Escrito por":"edumas","Tiempo de lectura":"2 minutos"},"schema":{"@context":"https:\/\/schema.org","@graph":[{"@type":"Article","@id":"https:\/\/edumas.gov.co\/inicio\/2026\/07\/20\/dia-de-la-independencia\/#article","isPartOf":{"@id":"https:\/\/edumas.gov.co\/inicio\/2026\/07\/20\/dia-de-la-independencia\/"},"author":{"name":"edumas","@id":"https:\/\/edumas.gov.co\/inicio\/#\/schema\/person\/e2e82a662fd06864325b88811079b05a"},"headline":"D\u00eda de la Independencia","datePublished":"2026-07-20T21:05:00+00:00","dateModified":"2026-08-26T21:08:16+00:00","mainEntityOfPage":{"@id":"https:\/\/edumas.gov.co\/inicio\/2026\/07\/20\/dia-de-la-independencia\/"},"wordCount":258,"commentCount":0,"publisher":{"@id":"https:\/\/edumas.gov.co\/inicio\/#organization"},"image":{"@id":"https:\/\/edumas.gov.co\/inicio\/2026\/07\/20\/dia-de-la-independencia\/#primaryimage"},"thumbnailUrl":"https:\/\/edumas.gov.co\/wp-content\/uploads\/2026\/08\/WEB-2026-Fechas-ambientales-1.png","keywords":["independencia","Independencia de Colombia"],"articleSection":["eventos"],"inLanguage":"es","potentialAction":[{"@type":"CommentAction","name":"Comment","target":["https:\/\/edumas.gov.co\/inicio\/2026\/07\/20\/dia-de-la-independencia\/#respond"]}]},{"@type":"WebPage","@id":"https:\/\/edumas.gov.co\/inicio\/2026\/07\/20\/dia-de-la-independencia\/","url":"https:\/\/edumas.gov.co\/inicio\/2026\/07\/20\/dia-de-la-independencia\/","name":"D\u00eda de la Independencia - Edumas","isPartOf":{"@id":"https:\/\/edumas.gov.co\/inicio\/#website"},"primaryImageOfPage":{"@id":"https:\/\/edumas.gov.co\/inicio\/2026\/07\/20\/dia-de-la-independencia\/#primaryimage"},"image":{"@id":"https:\/\/edumas.gov.co\/inicio\/2026\/07\/20\/dia-de-la-independencia\/#primaryimage"},"thumbnailUrl":"https:\/\/edumas.gov.co\/wp-content\/uploads\/2026\/08\/WEB-2026-Fechas-ambientales-1.png","datePublished":"2026-07-20T21:05:00+00:00","dateModified":"2026-08-26T21:08:16+00:00","breadcrumb":{"@id":"https:\/\/edumas.gov.co\/inicio\/2026\/07\/20\/dia-de-la-independencia\/#breadcrumb"},"inLanguage":"es","potentialAction":[{"@type":"ReadAction","target":["https:\/\/edumas.gov.co\/inicio\/2026\/07\/20\/dia-de-la-independencia\/"]}]},{"@type":"ImageObject","inLanguage":"es","@id":"https:\/\/edumas.gov.co\/inicio\/2026\/07\/20\/dia-de-la-independencia\/#primaryimage","url":"https:\/\/edumas.gov.co\/wp-content\/uploads\/2026\/08\/WEB-2026-Fechas-ambientales-1.png","contentUrl":"https:\/\/edumas.gov.co\/wp-content\/uploads\/2026\/08\/WEB-2026-Fechas-ambientales-1.png","width":940,"height":788},{"@type":"BreadcrumbList","@id":"https:\/\/edumas.gov.co\/inicio\/2026\/07\/20\/dia-de-la-independencia\/#breadcrumb","itemListElement":[{"@type":"ListItem","position":1,"name":"Portada","item":"https:\/\/edumas.gov.co\/inicio\/"},{"@type":"ListItem","position":2,"name":"D\u00eda de la Independencia"}]},{"@type":"WebSite","@id":"https:\/\/edumas.gov.co\/inicio\/#website","url":"https:\/\/edumas.gov.co\/inicio\/","name":"Edumas","description":"Edumas","publisher":{"@id":"https:\/\/edumas.gov.co\/inicio\/#organization"},"potentialAction":[{"@type":"SearchAction","target":{"@type":"EntryPoint","urlTemplate":"https:\/\/edumas.gov.co\/inicio\/?s={search_term_string}"},"query-input":{"@type":"PropertyValueSpecification","valueRequired":true,"valueName":"search_term_string"}}],"inLanguage":"es"},{"@type":"Organization","@id":"https:\/\/edumas.gov.co\/inicio\/#organization","name":"Edumas","url":"https:\/\/edumas.gov.co\/inicio\/","logo":{"@type":"ImageObject","inLanguage":"es","@id":"https:\/\/edumas.gov.co\/inicio\/#\/schema\/logo\/image\/","url":"https:\/\/edumas.gov.co\/wp-content\/uploads\/2024\/10\/Perfil-Instagram-PhotoRoom.png-PhotoRoom.png","contentUrl":"https:\/\/edumas.gov.co\/wp-content\/uploads\/2024\/10\/Perfil-Instagram-PhotoRoom.png-PhotoRoom.png","width":648,"height":233,"caption":"Edumas"},"image":{"@id":"https:\/\/edumas.gov.co\/inicio\/#\/schema\/logo\/image\/"}},{"@type":"Person","@id":"https:\/\/edumas.gov.co\/inicio\/#\/schema\/person\/e2e82a662fd06864325b88811079b05a","name":"edumas","image":{"@type":"ImageObject","inLanguage":"es","@id":"https:\/\/edumas.gov.co\/wp-content\/uploads\/2025\/03\/WhatsApp-Image-2025-03-06-at-12.44.58-PM-150x150.jpeg","url":"https:\/\/edumas.gov.co\/wp-content\/uploads\/2025\/03\/WhatsApp-Image-2025-03-06-at-12.44.58-PM-150x150.jpeg","contentUrl":"https:\/\/edumas.gov.co\/wp-content\/uploads\/2025\/03\/WhatsApp-Image-2025-03-06-at-12.44.58-PM-150x150.jpeg","caption":"edumas"},"sameAs":["https:\/\/test.edumas.gov.co"],"url":"https:\/\/edumas.gov.co\/inicio\/author\/edumas\/"}]}},"_links":{"self":[{"href":"https:\/\/edumas.gov.co\/inicio\/wp-json\/wp\/v2\/posts\/9369","targetHints":{"allow":["GET"]}}],"collection":[{"href":"https:\/\/edumas.gov.co\/inicio\/wp-json\/wp\/v2\/posts"}],"about":[{"href":"https:\/\/edumas.gov.co\/inicio\/wp-json\/wp\/v2\/types\/post"}],"author":[{"embeddable":true,"href":"https:\/\/edumas.gov.co\/inicio\/wp-json\/wp\/v2\/users\/1"}],"replies":[{"embeddable":true,"href":"https:\/\/edumas.gov.co\/inicio\/wp-json\/wp\/v2\/comments?post=9369"}],"version-history":[{"count":1,"href":"https:\/\/edumas.gov.co\/inicio\/wp-json\/wp\/v2\/posts\/9369\/revisions"}],"predecessor-version":[{"id":9371,"href":"https:\/\/edumas.gov.co\/inicio\/wp-json\/wp\/v2\/posts\/9369\/revisions\/9371"}],"wp:featuredmedia":[{"embeddable":true,"href":"https:\/\/edumas.gov.co\/inicio\/wp-json\/wp\/v2\/media\/9370"}],"wp:attachment":[{"href":"https:\/\/edumas.gov.co\/inicio\/wp-json\/wp\/v2\/media?parent=9369"}],"wp:term":[{"taxonomy":"category","embeddable":true,"href":"https:\/\/edumas.gov.co\/inicio\/wp-json\/wp\/v2\/categories?post=9369"},{"taxonomy":"post_tag","embeddable":true,"href":"https:\/\/edumas.gov.co\/inicio\/wp-json\/wp\/v2\/tags?post=9369"}],"curies":[{"name":"wp","href":"https:\/\/api.w.org\/{rel}","templated":true}]}}