{"id":9377,"date":"2026-08-31T20:25:34","date_gmt":"2026-08-31T20:25:34","guid":{"rendered":"https:\/\/edumas.gov.co\/inicio\/?p=9377"},"modified":"2026-08-31T20:29:29","modified_gmt":"2026-08-31T20:29:29","slug":"el-edumas-interviene-canal-en-el-porvenir-para-prevenir-inundaciones-y-mejorar-la-evacuacion-de-aguas-lluvias","status":"publish","type":"post","link":"https:\/\/edumas.gov.co\/inicio\/2026\/08\/31\/el-edumas-interviene-canal-en-el-porvenir-para-prevenir-inundaciones-y-mejorar-la-evacuacion-de-aguas-lluvias\/","title":{"rendered":"El Edumas interviene canal en El Porvenir para prevenir inundaciones y mejorar la evacuaci\u00f3n de aguas lluvias"},"content":{"rendered":"\n<p class=\"wp-block-paragraph\">Los habitantes del barrio El Porvenir ya cuentan con una respuesta a una de las problem\u00e1ticas que durante a\u00f1os afect\u00f3 al sector cada vez que se presentaban lluvias. En la calle 18 con carrera 31, el Establecimiento de Desarrollo Urbano y Medio Ambiente de Soledad &#8211; Edumas, adelanta trabajos de limpieza y recuperaci\u00f3n de un canal que permanec\u00eda obstruido por la acumulaci\u00f3n de basuras y sedimentos, dificultando la evacuaci\u00f3n de las aguas lluvias.<\/p>\n\n\n\n<div class=\"wp-block-media-text is-stacked-on-mobile\"><figure class=\"wp-block-media-text__media\"><img fetchpriority=\"high\" decoding=\"async\" width=\"1024\" height=\"564\" src=\"https:\/\/edumas.gov.co\/wp-content\/uploads\/2026\/08\/WhatsApp-Image-2026-08-28-at-9.02.03-AM-1-1024x564.jpeg\" alt=\"\" class=\"wp-image-9378 size-full\" srcset=\"https:\/\/edumas.gov.co\/wp-content\/uploads\/2026\/08\/WhatsApp-Image-2026-08-28-at-9.02.03-AM-1-1024x564.jpeg 1024w, https:\/\/edumas.gov.co\/wp-content\/uploads\/2026\/08\/WhatsApp-Image-2026-08-28-at-9.02.03-AM-1-300x165.jpeg 300w, https:\/\/edumas.gov.co\/wp-content\/uploads\/2026\/08\/WhatsApp-Image-2026-08-28-at-9.02.03-AM-1-767x422.jpeg 767w, https:\/\/edumas.gov.co\/wp-content\/uploads\/2026\/08\/WhatsApp-Image-2026-08-28-at-9.02.03-AM-1.jpeg 1179w\" sizes=\"(max-width: 1024px) 100vw, 1024px\" \/><\/figure><div class=\"wp-block-media-text__content\">\n<p class=\"wp-block-paragraph\">La intervenci\u00f3n contempla la limpieza manual y el retiro de sedimentos acumulados de hasta 50 cent\u00edmetros de altura en el canal, cuya funci\u00f3n es conducir las aguas provenientes de las calles hasta la canalizaci\u00f3n del arroyo El Salao. Adem\u00e1s, se instalar\u00e1n rejillas que permitir\u00e1n reducir el ingreso de residuos s\u00f3lidos al sistema y contribuir\u00e1n a mantener despejada la estructura.<\/p>\n<\/div><\/div>\n\n\n\n<p class=\"wp-block-paragraph\">\u201cSeguimos realizando trabajos de limpieza y dragado de canales de aguas pluviales. Los vecinos nos notificaron que ten\u00edan esta problem\u00e1tica de taponamiento y que el agua se represaba. En este momento estamos realizando la limpieza completa del canal. Con esta intervenci\u00f3n buscamos que las aguas puedan ser evacuadas de manera natural hacia la canalizaci\u00f3n del arroyo El Salao\u201d, explic\u00f3 Carlos Pertuz, gerente del Edumas.<\/p>\n\n\n\n<p class=\"wp-block-paragraph\">La intervenci\u00f3n hace parte de las acciones que adelanta el Edumas, en articulaci\u00f3n con la Alcald\u00eda de Soledad y bajo el liderazgo de la alcaldesa Alcira Sandoval Ib\u00e1\u00f1ez, para atender puntos cr\u00edticos y mejorar las condiciones ambientales y urbanas de diferentes sectores del municipio.<\/p>\n\n\n\n<p class=\"wp-block-paragraph\">Para los habitantes del sector, la obra representa una soluci\u00f3n concreta a una situaci\u00f3n que afectaba su movilidad, bienestar y salud. \u201cCuando llov\u00eda nos hund\u00edamos todos, pero ya est\u00e1n haciendo la obra y se est\u00e1n viendo los resultados\u201d, expres\u00f3 Judith Soto, vecina del barrio.<\/p>\n\n\n\n<p class=\"wp-block-paragraph\">\u201cAntes, cuando llov\u00eda, nos inund\u00e1bamos y qued\u00e1bamos incomunicados. Ahora el sector se ve mucho m\u00e1s bonito. Le agradecemos mucho a la alcaldesa Alcira Sandoval por habernos escuchado y apoyado\u201d, manifest\u00f3 Carmenza Pacheco, residente del sector.<\/p>\n\n\n\n<p class=\"wp-block-paragraph\">Por su parte, Odalis Ruiz, otra de las habitantes beneficiadas, destac\u00f3 el impacto sanitario de la intervenci\u00f3n: \u201cEst\u00e1bamos sufriendo con muchos mosquitos. El beneficio m\u00e1s grande es para la salud de las personas\u201d.<\/p>\n\n\n\n<p class=\"wp-block-paragraph\">Con estas acciones, el Edumas contin\u00faa fortaleciendo las labores de mantenimiento, limpieza y recuperaci\u00f3n de canales de aguas lluvias, contribuyendo a una mejor gesti\u00f3n del drenaje urbano y a la transformaci\u00f3n de los entornos de las comunidades solede\u00f1as.<\/p>\n\n\n\n<figure class=\"wp-block-gallery has-nested-images columns-default is-cropped wp-block-gallery-1 is-layout-flex wp-block-gallery-is-layout-flex\">\n<figure class=\"wp-block-image size-large\"><img decoding=\"async\" width=\"1024\" height=\"564\" data-id=\"9380\" src=\"https:\/\/edumas.gov.co\/wp-content\/uploads\/2026\/08\/WhatsApp-Image-2026-08-28-at-9.02.03-AM-1-1-1024x564.jpeg\" alt=\"\" class=\"wp-image-9380\" srcset=\"https:\/\/edumas.gov.co\/wp-content\/uploads\/2026\/08\/WhatsApp-Image-2026-08-28-at-9.02.03-AM-1-1-1024x564.jpeg 1024w, https:\/\/edumas.gov.co\/wp-content\/uploads\/2026\/08\/WhatsApp-Image-2026-08-28-at-9.02.03-AM-1-1-300x165.jpeg 300w, https:\/\/edumas.gov.co\/wp-content\/uploads\/2026\/08\/WhatsApp-Image-2026-08-28-at-9.02.03-AM-1-1-767x422.jpeg 767w, https:\/\/edumas.gov.co\/wp-content\/uploads\/2026\/08\/WhatsApp-Image-2026-08-28-at-9.02.03-AM-1-1.jpeg 1179w\" sizes=\"(max-width: 1024px) 100vw, 1024px\" \/><\/figure>\n\n\n\n<figure class=\"wp-block-image size-large\"><img decoding=\"async\" width=\"1024\" height=\"562\" data-id=\"9379\" src=\"https:\/\/edumas.gov.co\/wp-content\/uploads\/2026\/08\/WhatsApp-Image-2026-08-28-at-9.02.03-AM-2-1024x562.jpeg\" alt=\"\" class=\"wp-image-9379\" srcset=\"https:\/\/edumas.gov.co\/wp-content\/uploads\/2026\/08\/WhatsApp-Image-2026-08-28-at-9.02.03-AM-2-1024x562.jpeg 1024w, https:\/\/edumas.gov.co\/wp-content\/uploads\/2026\/08\/WhatsApp-Image-2026-08-28-at-9.02.03-AM-2-767x421.jpeg 767w, https:\/\/edumas.gov.co\/wp-content\/uploads\/2026\/08\/WhatsApp-Image-2026-08-28-at-9.02.03-AM-2-300x165.jpeg 300w, https:\/\/edumas.gov.co\/wp-content\/uploads\/2026\/08\/WhatsApp-Image-2026-08-28-at-9.02.03-AM-2.jpeg 1179w\" sizes=\"(max-width: 1024px) 100vw, 1024px\" \/><\/figure>\n\n\n\n<figure class=\"wp-block-image size-large\"><img loading=\"lazy\" decoding=\"async\" width=\"1024\" height=\"554\" data-id=\"9381\" src=\"https:\/\/edumas.gov.co\/wp-content\/uploads\/2026\/08\/WhatsApp-Image-2026-08-28-at-9.02.03-AM-3-1024x554.jpeg\" alt=\"\" class=\"wp-image-9381\" srcset=\"https:\/\/edumas.gov.co\/wp-content\/uploads\/2026\/08\/WhatsApp-Image-2026-08-28-at-9.02.03-AM-3-1024x554.jpeg 1024w, https:\/\/edumas.gov.co\/wp-content\/uploads\/2026\/08\/WhatsApp-Image-2026-08-28-at-9.02.03-AM-3-300x162.jpeg 300w, https:\/\/edumas.gov.co\/wp-content\/uploads\/2026\/08\/WhatsApp-Image-2026-08-28-at-9.02.03-AM-3-767x415.jpeg 767w, https:\/\/edumas.gov.co\/wp-content\/uploads\/2026\/08\/WhatsApp-Image-2026-08-28-at-9.02.03-AM-3.jpeg 1179w\" sizes=\"(max-width: 1024px) 100vw, 1024px\" \/><\/figure>\n\n\n\n<figure class=\"wp-block-image size-large\"><img loading=\"lazy\" decoding=\"async\" width=\"1024\" height=\"555\" data-id=\"9382\" src=\"https:\/\/edumas.gov.co\/wp-content\/uploads\/2026\/08\/WhatsApp-Image-2026-08-28-at-9.02.03-AM-1024x555.jpeg\" alt=\"\" class=\"wp-image-9382\" srcset=\"https:\/\/edumas.gov.co\/wp-content\/uploads\/2026\/08\/WhatsApp-Image-2026-08-28-at-9.02.03-AM-1024x555.jpeg 1024w, https:\/\/edumas.gov.co\/wp-content\/uploads\/2026\/08\/WhatsApp-Image-2026-08-28-at-9.02.03-AM-300x163.jpeg 300w, https:\/\/edumas.gov.co\/wp-content\/uploads\/2026\/08\/WhatsApp-Image-2026-08-28-at-9.02.03-AM-768x416.jpeg 768w, https:\/\/edumas.gov.co\/wp-content\/uploads\/2026\/08\/WhatsApp-Image-2026-08-28-at-9.02.03-AM.jpeg 1179w\" sizes=\"(max-width: 1024px) 100vw, 1024px\" \/><\/figure>\n<\/figure>\n\n\n\n<ul class=\"wp-block-social-links is-layout-flex wp-block-social-links-is-layout-flex\"><li class=\"wp-social-link wp-social-link-facebook wp-block-social-link\"><a href=\"https:\/\/www.facebook.com\/share\/v\/1Lze35zobr\/\" class=\"wp-block-social-link-anchor\"><svg width=\"24\" height=\"24\" viewBox=\"0 0 24 24\" version=\"1.1\" xmlns=\"http:\/\/www.w3.org\/2000\/svg\" aria-hidden=\"true\" focusable=\"false\"><path d=\"M12 2C6.5 2 2 6.5 2 12c0 5 3.7 9.1 8.4 9.9v-7H7.9V12h2.5V9.8c0-2.5 1.5-3.9 3.8-3.9 1.1 0 2.2.2 2.2.2v2.5h-1.3c-1.2 0-1.6.8-1.6 1.6V12h2.8l-.4 2.9h-2.3v7C18.3 21.1 22 17 22 12c0-5.5-4.5-10-10-10z\"><\/path><\/svg><span class=\"wp-block-social-link-label screen-reader-text\">Facebook<\/span><\/a><\/li>\n\n<li class=\"wp-social-link wp-social-link-instagram wp-block-social-link\"><a href=\"https:\/\/www.instagram.com\/p\/DcmGSxzBch6\/?hl=es-es\" class=\"wp-block-social-link-anchor\"><svg width=\"24\" height=\"24\" viewBox=\"0 0 24 24\" version=\"1.1\" xmlns=\"http:\/\/www.w3.org\/2000\/svg\" aria-hidden=\"true\" focusable=\"false\"><path d=\"M12,4.622c2.403,0,2.688,0.009,3.637,0.052c0.877,0.04,1.354,0.187,1.671,0.31c0.42,0.163,0.72,0.358,1.035,0.673 c0.315,0.315,0.51,0.615,0.673,1.035c0.123,0.317,0.27,0.794,0.31,1.671c0.043,0.949,0.052,1.234,0.052,3.637 s-0.009,2.688-0.052,3.637c-0.04,0.877-0.187,1.354-0.31,1.671c-0.163,0.42-0.358,0.72-0.673,1.035 c-0.315,0.315-0.615,0.51-1.035,0.673c-0.317,0.123-0.794,0.27-1.671,0.31c-0.949,0.043-1.233,0.052-3.637,0.052 s-2.688-0.009-3.637-0.052c-0.877-0.04-1.354-0.187-1.671-0.31c-0.42-0.163-0.72-0.358-1.035-0.673 c-0.315-0.315-0.51-0.615-0.673-1.035c-0.123-0.317-0.27-0.794-0.31-1.671C4.631,14.688,4.622,14.403,4.622,12 s0.009-2.688,0.052-3.637c0.04-0.877,0.187-1.354,0.31-1.671c0.163-0.42,0.358-0.72,0.673-1.035 c0.315-0.315,0.615-0.51,1.035-0.673c0.317-0.123,0.794-0.27,1.671-0.31C9.312,4.631,9.597,4.622,12,4.622 M12,3 C9.556,3,9.249,3.01,8.289,3.054C7.331,3.098,6.677,3.25,6.105,3.472C5.513,3.702,5.011,4.01,4.511,4.511 c-0.5,0.5-0.808,1.002-1.038,1.594C3.25,6.677,3.098,7.331,3.054,8.289C3.01,9.249,3,9.556,3,12c0,2.444,0.01,2.751,0.054,3.711 c0.044,0.958,0.196,1.612,0.418,2.185c0.23,0.592,0.538,1.094,1.038,1.594c0.5,0.5,1.002,0.808,1.594,1.038 c0.572,0.222,1.227,0.375,2.185,0.418C9.249,20.99,9.556,21,12,21s2.751-0.01,3.711-0.054c0.958-0.044,1.612-0.196,2.185-0.418 c0.592-0.23,1.094-0.538,1.594-1.038c0.5-0.5,0.808-1.002,1.038-1.594c0.222-0.572,0.375-1.227,0.418-2.185 C20.99,14.751,21,14.444,21,12s-0.01-2.751-0.054-3.711c-0.044-0.958-0.196-1.612-0.418-2.185c-0.23-0.592-0.538-1.094-1.038-1.594 c-0.5-0.5-1.002-0.808-1.594-1.038c-0.572-0.222-1.227-0.375-2.185-0.418C14.751,3.01,14.444,3,12,3L12,3z M12,7.378 c-2.552,0-4.622,2.069-4.622,4.622S9.448,16.622,12,16.622s4.622-2.069,4.622-4.622S14.552,7.378,12,7.378z M12,15 c-1.657,0-3-1.343-3-3s1.343-3,3-3s3,1.343,3,3S13.657,15,12,15z M16.804,6.116c-0.596,0-1.08,0.484-1.08,1.08 s0.484,1.08,1.08,1.08c0.596,0,1.08-0.484,1.08-1.08S17.401,6.116,16.804,6.116z\"><\/path><\/svg><span class=\"wp-block-social-link-label screen-reader-text\">Instagram<\/span><\/a><\/li>\n\n<li class=\"wp-social-link wp-social-link-x wp-block-social-link\"><a href=\"https:\/\/x.com\/Edumas_soledad\/status\/2093420439670325459?s=20\" class=\"wp-block-social-link-anchor\"><svg width=\"24\" height=\"24\" viewBox=\"0 0 24 24\" version=\"1.1\" xmlns=\"http:\/\/www.w3.org\/2000\/svg\" aria-hidden=\"true\" focusable=\"false\"><path d=\"M13.982 10.622 20.54 3h-1.554l-5.693 6.618L8.745 3H3.5l6.876 10.007L3.5 21h1.554l6.012-6.989L15.868 21h5.245l-7.131-10.378Zm-2.128 2.474-.697-.997-5.543-7.93H8l4.474 6.4.697.996 5.815 8.318h-2.387l-4.745-6.787Z\" \/><\/svg><span class=\"wp-block-social-link-label screen-reader-text\">X<\/span><\/a><\/li><\/ul>\n","protected":false},"excerpt":{"rendered":"<p>Los habitantes del barrio El Porvenir ya cuentan con una respuesta a una de las problem\u00e1ticas que durante a\u00f1os afect\u00f3 al sector cada vez que se presentaban lluvias. En la calle 18 con carrera 31, el Establecimiento de Desarrollo Urbano y Medio Ambiente de Soledad &#8211; Edumas, adelanta trabajos de limpieza y recuperaci\u00f3n de un [&hellip;]<\/p>\n","protected":false},"author":1,"featured_media":9382,"comment_status":"open","ping_status":"open","sticky":false,"template":"","format":"standard","meta":{"footnotes":""},"categories":[26],"tags":[239,240],"class_list":["post-9377","post","type-post","status-publish","format-standard","has-post-thumbnail","hentry","category-noticias","tag-el-porvenir","tag-limpieza-de-canales"],"yoast_head":"<!-- This site is optimized with the Yoast SEO plugin v27.4 - https:\/\/yoast.com\/product\/yoast-seo-wordpress\/ -->\n<title>El Edumas interviene canal en El Porvenir para prevenir inundaciones y mejorar la evacuaci\u00f3n de aguas lluvias - Edumas<\/title>\n<meta name=\"robots\" content=\"index, follow, max-snippet:-1, max-image-preview:large, max-video-preview:-1\" \/>\n<link rel=\"canonical\" href=\"https:\/\/edumas.gov.co\/inicio\/2026\/08\/31\/el-edumas-interviene-canal-en-el-porvenir-para-prevenir-inundaciones-y-mejorar-la-evacuacion-de-aguas-lluvias\/\" \/>\n<meta property=\"og:locale\" content=\"es_ES\" \/>\n<meta property=\"og:type\" content=\"article\" \/>\n<meta property=\"og:title\" content=\"El Edumas interviene canal en El Porvenir para prevenir inundaciones y mejorar la evacuaci\u00f3n de aguas lluvias - Edumas\" \/>\n<meta property=\"og:description\" content=\"Los habitantes del barrio El Porvenir ya cuentan con una respuesta a una de las problem\u00e1ticas que durante a\u00f1os afect\u00f3 al sector cada vez que se presentaban lluvias. En la calle 18 con carrera 31, el Establecimiento de Desarrollo Urbano y Medio Ambiente de Soledad &#8211; Edumas, adelanta trabajos de limpieza y recuperaci\u00f3n de un [&hellip;]\" \/>\n<meta property=\"og:url\" content=\"https:\/\/edumas.gov.co\/inicio\/2026\/08\/31\/el-edumas-interviene-canal-en-el-porvenir-para-prevenir-inundaciones-y-mejorar-la-evacuacion-de-aguas-lluvias\/\" \/>\n<meta property=\"og:site_name\" content=\"Edumas\" \/>\n<meta property=\"article:published_time\" content=\"2026-08-31T20:25:34+00:00\" \/>\n<meta property=\"article:modified_time\" content=\"2026-08-31T20:29:29+00:00\" \/>\n<meta property=\"og:image\" content=\"https:\/\/edumas.gov.co\/wp-content\/uploads\/2026\/08\/WhatsApp-Image-2026-08-28-at-9.02.03-AM.jpeg\" \/>\n\t<meta property=\"og:image:width\" content=\"1179\" \/>\n\t<meta property=\"og:image:height\" content=\"639\" \/>\n\t<meta property=\"og:image:type\" content=\"image\/jpeg\" \/>\n<meta name=\"author\" content=\"edumas\" \/>\n<meta name=\"twitter:card\" content=\"summary_large_image\" \/>\n<meta name=\"twitter:label1\" content=\"Escrito por\" \/>\n\t<meta name=\"twitter:data1\" content=\"edumas\" \/>\n\t<meta name=\"twitter:label2\" content=\"Tiempo de lectura\" \/>\n\t<meta name=\"twitter:data2\" content=\"3 minutos\" \/>\n<script type=\"application\/ld+json\" class=\"yoast-schema-graph\">{\"@context\":\"https:\\\/\\\/schema.org\",\"@graph\":[{\"@type\":\"Article\",\"@id\":\"https:\\\/\\\/edumas.gov.co\\\/inicio\\\/2026\\\/08\\\/31\\\/el-edumas-interviene-canal-en-el-porvenir-para-prevenir-inundaciones-y-mejorar-la-evacuacion-de-aguas-lluvias\\\/#article\",\"isPartOf\":{\"@id\":\"https:\\\/\\\/edumas.gov.co\\\/inicio\\\/2026\\\/08\\\/31\\\/el-edumas-interviene-canal-en-el-porvenir-para-prevenir-inundaciones-y-mejorar-la-evacuacion-de-aguas-lluvias\\\/\"},\"author\":{\"name\":\"edumas\",\"@id\":\"https:\\\/\\\/edumas.gov.co\\\/inicio\\\/#\\\/schema\\\/person\\\/e2e82a662fd06864325b88811079b05a\"},\"headline\":\"El Edumas interviene canal en El Porvenir para prevenir inundaciones y mejorar la evacuaci\u00f3n de aguas lluvias\",\"datePublished\":\"2026-08-31T20:25:34+00:00\",\"dateModified\":\"2026-08-31T20:29:29+00:00\",\"mainEntityOfPage\":{\"@id\":\"https:\\\/\\\/edumas.gov.co\\\/inicio\\\/2026\\\/08\\\/31\\\/el-edumas-interviene-canal-en-el-porvenir-para-prevenir-inundaciones-y-mejorar-la-evacuacion-de-aguas-lluvias\\\/\"},\"wordCount\":447,\"commentCount\":0,\"publisher\":{\"@id\":\"https:\\\/\\\/edumas.gov.co\\\/inicio\\\/#organization\"},\"image\":{\"@id\":\"https:\\\/\\\/edumas.gov.co\\\/inicio\\\/2026\\\/08\\\/31\\\/el-edumas-interviene-canal-en-el-porvenir-para-prevenir-inundaciones-y-mejorar-la-evacuacion-de-aguas-lluvias\\\/#primaryimage\"},\"thumbnailUrl\":\"https:\\\/\\\/edumas.gov.co\\\/wp-content\\\/uploads\\\/2026\\\/08\\\/WhatsApp-Image-2026-08-28-at-9.02.03-AM.jpeg\",\"keywords\":[\"el porvenir\",\"limpieza de canales\"],\"articleSection\":[\"noticias\"],\"inLanguage\":\"es\",\"potentialAction\":[{\"@type\":\"CommentAction\",\"name\":\"Comment\",\"target\":[\"https:\\\/\\\/edumas.gov.co\\\/inicio\\\/2026\\\/08\\\/31\\\/el-edumas-interviene-canal-en-el-porvenir-para-prevenir-inundaciones-y-mejorar-la-evacuacion-de-aguas-lluvias\\\/#respond\"]}]},{\"@type\":\"WebPage\",\"@id\":\"https:\\\/\\\/edumas.gov.co\\\/inicio\\\/2026\\\/08\\\/31\\\/el-edumas-interviene-canal-en-el-porvenir-para-prevenir-inundaciones-y-mejorar-la-evacuacion-de-aguas-lluvias\\\/\",\"url\":\"https:\\\/\\\/edumas.gov.co\\\/inicio\\\/2026\\\/08\\\/31\\\/el-edumas-interviene-canal-en-el-porvenir-para-prevenir-inundaciones-y-mejorar-la-evacuacion-de-aguas-lluvias\\\/\",\"name\":\"El Edumas interviene canal en El Porvenir para prevenir inundaciones y mejorar la evacuaci\u00f3n de aguas lluvias - Edumas\",\"isPartOf\":{\"@id\":\"https:\\\/\\\/edumas.gov.co\\\/inicio\\\/#website\"},\"primaryImageOfPage\":{\"@id\":\"https:\\\/\\\/edumas.gov.co\\\/inicio\\\/2026\\\/08\\\/31\\\/el-edumas-interviene-canal-en-el-porvenir-para-prevenir-inundaciones-y-mejorar-la-evacuacion-de-aguas-lluvias\\\/#primaryimage\"},\"image\":{\"@id\":\"https:\\\/\\\/edumas.gov.co\\\/inicio\\\/2026\\\/08\\\/31\\\/el-edumas-interviene-canal-en-el-porvenir-para-prevenir-inundaciones-y-mejorar-la-evacuacion-de-aguas-lluvias\\\/#primaryimage\"},\"thumbnailUrl\":\"https:\\\/\\\/edumas.gov.co\\\/wp-content\\\/uploads\\\/2026\\\/08\\\/WhatsApp-Image-2026-08-28-at-9.02.03-AM.jpeg\",\"datePublished\":\"2026-08-31T20:25:34+00:00\",\"dateModified\":\"2026-08-31T20:29:29+00:00\",\"breadcrumb\":{\"@id\":\"https:\\\/\\\/edumas.gov.co\\\/inicio\\\/2026\\\/08\\\/31\\\/el-edumas-interviene-canal-en-el-porvenir-para-prevenir-inundaciones-y-mejorar-la-evacuacion-de-aguas-lluvias\\\/#breadcrumb\"},\"inLanguage\":\"es\",\"potentialAction\":[{\"@type\":\"ReadAction\",\"target\":[\"https:\\\/\\\/edumas.gov.co\\\/inicio\\\/2026\\\/08\\\/31\\\/el-edumas-interviene-canal-en-el-porvenir-para-prevenir-inundaciones-y-mejorar-la-evacuacion-de-aguas-lluvias\\\/\"]}]},{\"@type\":\"ImageObject\",\"inLanguage\":\"es\",\"@id\":\"https:\\\/\\\/edumas.gov.co\\\/inicio\\\/2026\\\/08\\\/31\\\/el-edumas-interviene-canal-en-el-porvenir-para-prevenir-inundaciones-y-mejorar-la-evacuacion-de-aguas-lluvias\\\/#primaryimage\",\"url\":\"https:\\\/\\\/edumas.gov.co\\\/wp-content\\\/uploads\\\/2026\\\/08\\\/WhatsApp-Image-2026-08-28-at-9.02.03-AM.jpeg\",\"contentUrl\":\"https:\\\/\\\/edumas.gov.co\\\/wp-content\\\/uploads\\\/2026\\\/08\\\/WhatsApp-Image-2026-08-28-at-9.02.03-AM.jpeg\",\"width\":1179,\"height\":639},{\"@type\":\"BreadcrumbList\",\"@id\":\"https:\\\/\\\/edumas.gov.co\\\/inicio\\\/2026\\\/08\\\/31\\\/el-edumas-interviene-canal-en-el-porvenir-para-prevenir-inundaciones-y-mejorar-la-evacuacion-de-aguas-lluvias\\\/#breadcrumb\",\"itemListElement\":[{\"@type\":\"ListItem\",\"position\":1,\"name\":\"Portada\",\"item\":\"https:\\\/\\\/edumas.gov.co\\\/inicio\\\/\"},{\"@type\":\"ListItem\",\"position\":2,\"name\":\"El Edumas interviene canal en El Porvenir para prevenir inundaciones y mejorar la evacuaci\u00f3n de aguas lluvias\"}]},{\"@type\":\"WebSite\",\"@id\":\"https:\\\/\\\/edumas.gov.co\\\/inicio\\\/#website\",\"url\":\"https:\\\/\\\/edumas.gov.co\\\/inicio\\\/\",\"name\":\"Edumas\",\"description\":\"Edumas\",\"publisher\":{\"@id\":\"https:\\\/\\\/edumas.gov.co\\\/inicio\\\/#organization\"},\"potentialAction\":[{\"@type\":\"SearchAction\",\"target\":{\"@type\":\"EntryPoint\",\"urlTemplate\":\"https:\\\/\\\/edumas.gov.co\\\/inicio\\\/?s={search_term_string}\"},\"query-input\":{\"@type\":\"PropertyValueSpecification\",\"valueRequired\":true,\"valueName\":\"search_term_string\"}}],\"inLanguage\":\"es\"},{\"@type\":\"Organization\",\"@id\":\"https:\\\/\\\/edumas.gov.co\\\/inicio\\\/#organization\",\"name\":\"Edumas\",\"url\":\"https:\\\/\\\/edumas.gov.co\\\/inicio\\\/\",\"logo\":{\"@type\":\"ImageObject\",\"inLanguage\":\"es\",\"@id\":\"https:\\\/\\\/edumas.gov.co\\\/inicio\\\/#\\\/schema\\\/logo\\\/image\\\/\",\"url\":\"https:\\\/\\\/edumas.gov.co\\\/wp-content\\\/uploads\\\/2024\\\/10\\\/Perfil-Instagram-PhotoRoom.png-PhotoRoom.png\",\"contentUrl\":\"https:\\\/\\\/edumas.gov.co\\\/wp-content\\\/uploads\\\/2024\\\/10\\\/Perfil-Instagram-PhotoRoom.png-PhotoRoom.png\",\"width\":648,\"height\":233,\"caption\":\"Edumas\"},\"image\":{\"@id\":\"https:\\\/\\\/edumas.gov.co\\\/inicio\\\/#\\\/schema\\\/logo\\\/image\\\/\"}},{\"@type\":\"Person\",\"@id\":\"https:\\\/\\\/edumas.gov.co\\\/inicio\\\/#\\\/schema\\\/person\\\/e2e82a662fd06864325b88811079b05a\",\"name\":\"edumas\",\"image\":{\"@type\":\"ImageObject\",\"inLanguage\":\"es\",\"@id\":\"https:\\\/\\\/edumas.gov.co\\\/wp-content\\\/uploads\\\/2025\\\/03\\\/WhatsApp-Image-2025-03-06-at-12.44.58-PM-150x150.jpeg\",\"url\":\"https:\\\/\\\/edumas.gov.co\\\/wp-content\\\/uploads\\\/2025\\\/03\\\/WhatsApp-Image-2025-03-06-at-12.44.58-PM-150x150.jpeg\",\"contentUrl\":\"https:\\\/\\\/edumas.gov.co\\\/wp-content\\\/uploads\\\/2025\\\/03\\\/WhatsApp-Image-2025-03-06-at-12.44.58-PM-150x150.jpeg\",\"caption\":\"edumas\"},\"sameAs\":[\"https:\\\/\\\/test.edumas.gov.co\"],\"url\":\"https:\\\/\\\/edumas.gov.co\\\/inicio\\\/author\\\/edumas\\\/\"}]}<\/script>\n<!-- \/ Yoast SEO plugin. -->","yoast_head_json":{"title":"El Edumas interviene canal en El Porvenir para prevenir inundaciones y mejorar la evacuaci\u00f3n de aguas lluvias - Edumas","robots":{"index":"index","follow":"follow","max-snippet":"max-snippet:-1","max-image-preview":"max-image-preview:large","max-video-preview":"max-video-preview:-1"},"canonical":"https:\/\/edumas.gov.co\/inicio\/2026\/08\/31\/el-edumas-interviene-canal-en-el-porvenir-para-prevenir-inundaciones-y-mejorar-la-evacuacion-de-aguas-lluvias\/","og_locale":"es_ES","og_type":"article","og_title":"El Edumas interviene canal en El Porvenir para prevenir inundaciones y mejorar la evacuaci\u00f3n de aguas lluvias - Edumas","og_description":"Los habitantes del barrio El Porvenir ya cuentan con una respuesta a una de las problem\u00e1ticas que durante a\u00f1os afect\u00f3 al sector cada vez que se presentaban lluvias. En la calle 18 con carrera 31, el Establecimiento de Desarrollo Urbano y Medio Ambiente de Soledad &#8211; Edumas, adelanta trabajos de limpieza y recuperaci\u00f3n de un [&hellip;]","og_url":"https:\/\/edumas.gov.co\/inicio\/2026\/08\/31\/el-edumas-interviene-canal-en-el-porvenir-para-prevenir-inundaciones-y-mejorar-la-evacuacion-de-aguas-lluvias\/","og_site_name":"Edumas","article_published_time":"2026-08-31T20:25:34+00:00","article_modified_time":"2026-08-31T20:29:29+00:00","og_image":[{"width":1179,"height":639,"url":"https:\/\/edumas.gov.co\/wp-content\/uploads\/2026\/08\/WhatsApp-Image-2026-08-28-at-9.02.03-AM.jpeg","type":"image\/jpeg"}],"author":"edumas","twitter_card":"summary_large_image","twitter_misc":{"Escrito por":"edumas","Tiempo de lectura":"3 minutos"},"schema":{"@context":"https:\/\/schema.org","@graph":[{"@type":"Article","@id":"https:\/\/edumas.gov.co\/inicio\/2026\/08\/31\/el-edumas-interviene-canal-en-el-porvenir-para-prevenir-inundaciones-y-mejorar-la-evacuacion-de-aguas-lluvias\/#article","isPartOf":{"@id":"https:\/\/edumas.gov.co\/inicio\/2026\/08\/31\/el-edumas-interviene-canal-en-el-porvenir-para-prevenir-inundaciones-y-mejorar-la-evacuacion-de-aguas-lluvias\/"},"author":{"name":"edumas","@id":"https:\/\/edumas.gov.co\/inicio\/#\/schema\/person\/e2e82a662fd06864325b88811079b05a"},"headline":"El Edumas interviene canal en El Porvenir para prevenir inundaciones y mejorar la evacuaci\u00f3n de aguas lluvias","datePublished":"2026-08-31T20:25:34+00:00","dateModified":"2026-08-31T20:29:29+00:00","mainEntityOfPage":{"@id":"https:\/\/edumas.gov.co\/inicio\/2026\/08\/31\/el-edumas-interviene-canal-en-el-porvenir-para-prevenir-inundaciones-y-mejorar-la-evacuacion-de-aguas-lluvias\/"},"wordCount":447,"commentCount":0,"publisher":{"@id":"https:\/\/edumas.gov.co\/inicio\/#organization"},"image":{"@id":"https:\/\/edumas.gov.co\/inicio\/2026\/08\/31\/el-edumas-interviene-canal-en-el-porvenir-para-prevenir-inundaciones-y-mejorar-la-evacuacion-de-aguas-lluvias\/#primaryimage"},"thumbnailUrl":"https:\/\/edumas.gov.co\/wp-content\/uploads\/2026\/08\/WhatsApp-Image-2026-08-28-at-9.02.03-AM.jpeg","keywords":["el porvenir","limpieza de canales"],"articleSection":["noticias"],"inLanguage":"es","potentialAction":[{"@type":"CommentAction","name":"Comment","target":["https:\/\/edumas.gov.co\/inicio\/2026\/08\/31\/el-edumas-interviene-canal-en-el-porvenir-para-prevenir-inundaciones-y-mejorar-la-evacuacion-de-aguas-lluvias\/#respond"]}]},{"@type":"WebPage","@id":"https:\/\/edumas.gov.co\/inicio\/2026\/08\/31\/el-edumas-interviene-canal-en-el-porvenir-para-prevenir-inundaciones-y-mejorar-la-evacuacion-de-aguas-lluvias\/","url":"https:\/\/edumas.gov.co\/inicio\/2026\/08\/31\/el-edumas-interviene-canal-en-el-porvenir-para-prevenir-inundaciones-y-mejorar-la-evacuacion-de-aguas-lluvias\/","name":"El Edumas interviene canal en El Porvenir para prevenir inundaciones y mejorar la evacuaci\u00f3n de aguas lluvias - Edumas","isPartOf":{"@id":"https:\/\/edumas.gov.co\/inicio\/#website"},"primaryImageOfPage":{"@id":"https:\/\/edumas.gov.co\/inicio\/2026\/08\/31\/el-edumas-interviene-canal-en-el-porvenir-para-prevenir-inundaciones-y-mejorar-la-evacuacion-de-aguas-lluvias\/#primaryimage"},"image":{"@id":"https:\/\/edumas.gov.co\/inicio\/2026\/08\/31\/el-edumas-interviene-canal-en-el-porvenir-para-prevenir-inundaciones-y-mejorar-la-evacuacion-de-aguas-lluvias\/#primaryimage"},"thumbnailUrl":"https:\/\/edumas.gov.co\/wp-content\/uploads\/2026\/08\/WhatsApp-Image-2026-08-28-at-9.02.03-AM.jpeg","datePublished":"2026-08-31T20:25:34+00:00","dateModified":"2026-08-31T20:29:29+00:00","breadcrumb":{"@id":"https:\/\/edumas.gov.co\/inicio\/2026\/08\/31\/el-edumas-interviene-canal-en-el-porvenir-para-prevenir-inundaciones-y-mejorar-la-evacuacion-de-aguas-lluvias\/#breadcrumb"},"inLanguage":"es","potentialAction":[{"@type":"ReadAction","target":["https:\/\/edumas.gov.co\/inicio\/2026\/08\/31\/el-edumas-interviene-canal-en-el-porvenir-para-prevenir-inundaciones-y-mejorar-la-evacuacion-de-aguas-lluvias\/"]}]},{"@type":"ImageObject","inLanguage":"es","@id":"https:\/\/edumas.gov.co\/inicio\/2026\/08\/31\/el-edumas-interviene-canal-en-el-porvenir-para-prevenir-inundaciones-y-mejorar-la-evacuacion-de-aguas-lluvias\/#primaryimage","url":"https:\/\/edumas.gov.co\/wp-content\/uploads\/2026\/08\/WhatsApp-Image-2026-08-28-at-9.02.03-AM.jpeg","contentUrl":"https:\/\/edumas.gov.co\/wp-content\/uploads\/2026\/08\/WhatsApp-Image-2026-08-28-at-9.02.03-AM.jpeg","width":1179,"height":639},{"@type":"BreadcrumbList","@id":"https:\/\/edumas.gov.co\/inicio\/2026\/08\/31\/el-edumas-interviene-canal-en-el-porvenir-para-prevenir-inundaciones-y-mejorar-la-evacuacion-de-aguas-lluvias\/#breadcrumb","itemListElement":[{"@type":"ListItem","position":1,"name":"Portada","item":"https:\/\/edumas.gov.co\/inicio\/"},{"@type":"ListItem","position":2,"name":"El Edumas interviene canal en El Porvenir para prevenir inundaciones y mejorar la evacuaci\u00f3n de aguas lluvias"}]},{"@type":"WebSite","@id":"https:\/\/edumas.gov.co\/inicio\/#website","url":"https:\/\/edumas.gov.co\/inicio\/","name":"Edumas","description":"Edumas","publisher":{"@id":"https:\/\/edumas.gov.co\/inicio\/#organization"},"potentialAction":[{"@type":"SearchAction","target":{"@type":"EntryPoint","urlTemplate":"https:\/\/edumas.gov.co\/inicio\/?s={search_term_string}"},"query-input":{"@type":"PropertyValueSpecification","valueRequired":true,"valueName":"search_term_string"}}],"inLanguage":"es"},{"@type":"Organization","@id":"https:\/\/edumas.gov.co\/inicio\/#organization","name":"Edumas","url":"https:\/\/edumas.gov.co\/inicio\/","logo":{"@type":"ImageObject","inLanguage":"es","@id":"https:\/\/edumas.gov.co\/inicio\/#\/schema\/logo\/image\/","url":"https:\/\/edumas.gov.co\/wp-content\/uploads\/2024\/10\/Perfil-Instagram-PhotoRoom.png-PhotoRoom.png","contentUrl":"https:\/\/edumas.gov.co\/wp-content\/uploads\/2024\/10\/Perfil-Instagram-PhotoRoom.png-PhotoRoom.png","width":648,"height":233,"caption":"Edumas"},"image":{"@id":"https:\/\/edumas.gov.co\/inicio\/#\/schema\/logo\/image\/"}},{"@type":"Person","@id":"https:\/\/edumas.gov.co\/inicio\/#\/schema\/person\/e2e82a662fd06864325b88811079b05a","name":"edumas","image":{"@type":"ImageObject","inLanguage":"es","@id":"https:\/\/edumas.gov.co\/wp-content\/uploads\/2025\/03\/WhatsApp-Image-2025-03-06-at-12.44.58-PM-150x150.jpeg","url":"https:\/\/edumas.gov.co\/wp-content\/uploads\/2025\/03\/WhatsApp-Image-2025-03-06-at-12.44.58-PM-150x150.jpeg","contentUrl":"https:\/\/edumas.gov.co\/wp-content\/uploads\/2025\/03\/WhatsApp-Image-2025-03-06-at-12.44.58-PM-150x150.jpeg","caption":"edumas"},"sameAs":["https:\/\/test.edumas.gov.co"],"url":"https:\/\/edumas.gov.co\/inicio\/author\/edumas\/"}]}},"_links":{"self":[{"href":"https:\/\/edumas.gov.co\/inicio\/wp-json\/wp\/v2\/posts\/9377","targetHints":{"allow":["GET"]}}],"collection":[{"href":"https:\/\/edumas.gov.co\/inicio\/wp-json\/wp\/v2\/posts"}],"about":[{"href":"https:\/\/edumas.gov.co\/inicio\/wp-json\/wp\/v2\/types\/post"}],"author":[{"embeddable":true,"href":"https:\/\/edumas.gov.co\/inicio\/wp-json\/wp\/v2\/users\/1"}],"replies":[{"embeddable":true,"href":"https:\/\/edumas.gov.co\/inicio\/wp-json\/wp\/v2\/comments?post=9377"}],"version-history":[{"count":2,"href":"https:\/\/edumas.gov.co\/inicio\/wp-json\/wp\/v2\/posts\/9377\/revisions"}],"predecessor-version":[{"id":9385,"href":"https:\/\/edumas.gov.co\/inicio\/wp-json\/wp\/v2\/posts\/9377\/revisions\/9385"}],"wp:featuredmedia":[{"embeddable":true,"href":"https:\/\/edumas.gov.co\/inicio\/wp-json\/wp\/v2\/media\/9382"}],"wp:attachment":[{"href":"https:\/\/edumas.gov.co\/inicio\/wp-json\/wp\/v2\/media?parent=9377"}],"wp:term":[{"taxonomy":"category","embeddable":true,"href":"https:\/\/edumas.gov.co\/inicio\/wp-json\/wp\/v2\/categories?post=9377"},{"taxonomy":"post_tag","embeddable":true,"href":"https:\/\/edumas.gov.co\/inicio\/wp-json\/wp\/v2\/tags?post=9377"}],"curies":[{"name":"wp","href":"https:\/\/api.w.org\/{rel}","templated":true}]}}