{"id":9399,"date":"2026-09-02T14:42:52","date_gmt":"2026-09-02T14:42:52","guid":{"rendered":"https:\/\/edumas.gov.co\/inicio\/?p=9399"},"modified":"2026-09-02T19:54:26","modified_gmt":"2026-09-02T19:54:26","slug":"el-edumas-y-secretaria-de-gobierno-recuperan-espacio-mal-utilizado-en-un-parque-en-los-almendros","status":"publish","type":"post","link":"https:\/\/edumas.gov.co\/inicio\/2026\/09\/02\/el-edumas-y-secretaria-de-gobierno-recuperan-espacio-mal-utilizado-en-un-parque-en-los-almendros\/","title":{"rendered":"El Edumas y Secretar\u00eda de Gobierno recuperan espacio mal utilizado en un parque en Los Almendros"},"content":{"rendered":"\n<p class=\"wp-block-paragraph\">Atendiendo las solicitudes de la comunidad, el Establecimiento de Desarrollo Urbano y Medio Ambiente de Soledad &#8211; Edumas, en articulaci\u00f3n con la Secretar\u00eda de Gobierno, realiz\u00f3 la demolici\u00f3n de una infraestructura abandonada ubicada en la carrera 20A con calle 81A, en el barrio Los Almendros, a pocos metros de un parque del sector.<\/p>\n\n\n\n<div class=\"wp-block-media-text is-stacked-on-mobile\"><figure class=\"wp-block-media-text__media\"><img fetchpriority=\"high\" decoding=\"async\" width=\"1024\" height=\"768\" src=\"https:\/\/edumas.gov.co\/wp-content\/uploads\/2026\/09\/WhatsApp-Image-2026-08-28-at-11.16.06-AM-1024x768.jpeg\" alt=\"\" class=\"wp-image-9400 size-full\" srcset=\"https:\/\/edumas.gov.co\/wp-content\/uploads\/2026\/09\/WhatsApp-Image-2026-08-28-at-11.16.06-AM-1024x768.jpeg 1024w, https:\/\/edumas.gov.co\/wp-content\/uploads\/2026\/09\/WhatsApp-Image-2026-08-28-at-11.16.06-AM-768x576.jpeg 768w, https:\/\/edumas.gov.co\/wp-content\/uploads\/2026\/09\/WhatsApp-Image-2026-08-28-at-11.16.06-AM-300x225.jpeg 300w, https:\/\/edumas.gov.co\/wp-content\/uploads\/2026\/09\/WhatsApp-Image-2026-08-28-at-11.16.06-AM.jpeg 1280w\" sizes=\"(max-width: 1024px) 100vw, 1024px\" \/><\/figure><div class=\"wp-block-media-text__content\">\n<p class=\"wp-block-paragraph\">La estructura, que anteriormente era utilizada para actividades comerciales, qued\u00f3 abandonada y posteriormente fue ocupada por un habitante en condici\u00f3n de calle. De acuerdo con los vecinos de la zona, esta situaci\u00f3n estaba generando preocupaci\u00f3n por las condiciones de salubridad del lugar, debido a la presencia de vectores, malos olores y comportamientos que afectaban la convivencia, adem\u00e1s de encontrarse en inmediaciones de un espacio destinado al disfrute de la comunidad.<\/p>\n<\/div><\/div>\n\n\n\n<p class=\"wp-block-paragraph\">\u201cLos residentes tambi\u00e9n manifestaron situaciones relacionadas con el comportamiento y la convivencia con la persona que estaba ocupando el lugar. Con esta recuperaci\u00f3n se genera, adem\u00e1s, la posibilidad de que el municipio pueda realizar posteriormente alguna intervenci\u00f3n\u201d, explic\u00f3 Daniel Cure, subgerente de Desarrollo Urbano del Edumas.<\/p>\n\n\n\n<p class=\"wp-block-paragraph\">Por su parte, Wilmer G\u00f3mez, habitante del sector, asegur\u00f3 que \u201cesta acci\u00f3n beneficia a toda la comunidad alrededor, porque esto nos perjudicaba hace a\u00f1os. Ah\u00ed se meti\u00f3 una persona que consum\u00eda estupefacientes y hac\u00eda todas sus necesidades ah\u00ed. Gracias a todas las entidades que estuvieron presentes en esta acci\u00f3n\u201d. Mientras que Martha Rico manifest\u00f3 que \u201cel espacio estaba bien y feo y con esta limpieza la comunidad se siente mejor\u201d.<\/p>\n\n\n\n<div class=\"wp-block-media-text is-stacked-on-mobile\"><figure class=\"wp-block-media-text__media\"><img decoding=\"async\" width=\"1024\" height=\"768\" src=\"https:\/\/edumas.gov.co\/wp-content\/uploads\/2026\/09\/WhatsApp-Image-2026-08-28-at-11.16.04-AM-1024x768.jpeg\" alt=\"\" class=\"wp-image-9401 size-full\" srcset=\"https:\/\/edumas.gov.co\/wp-content\/uploads\/2026\/09\/WhatsApp-Image-2026-08-28-at-11.16.04-AM-1024x768.jpeg 1024w, https:\/\/edumas.gov.co\/wp-content\/uploads\/2026\/09\/WhatsApp-Image-2026-08-28-at-11.16.04-AM-768x576.jpeg 768w, https:\/\/edumas.gov.co\/wp-content\/uploads\/2026\/09\/WhatsApp-Image-2026-08-28-at-11.16.04-AM-300x225.jpeg 300w, https:\/\/edumas.gov.co\/wp-content\/uploads\/2026\/09\/WhatsApp-Image-2026-08-28-at-11.16.04-AM.jpeg 1280w\" sizes=\"(max-width: 1024px) 100vw, 1024px\" \/><\/figure><div class=\"wp-block-media-text__content\">\n<p class=\"wp-block-paragraph\">Con la demolici\u00f3n de la estructura se avanza en la recuperaci\u00f3n y preservaci\u00f3n del espacio p\u00fablico, eliminando un punto que se encontraba en condiciones inadecuadas y favoreciendo la generaci\u00f3n de un entorno m\u00e1s organizado para los habitantes del sector. La intervenci\u00f3n tambi\u00e9n abre la posibilidad de desarrollar futuras acciones de mejoramiento urbano en este punto, de acuerdo con las necesidades de la comunidad.<\/p>\n<\/div><\/div>\n\n\n\n<p class=\"wp-block-paragraph\">Estas acciones se desarrollan de manera articulada con la Alcald\u00eda de Soledad, bajo el liderazgo de la alcaldesa Alcira Sandoval Ib\u00e1\u00f1ez, como parte del trabajo institucional orientado a atender las solicitudes ciudadanas, mejorar las condiciones de los espacios p\u00fablicos y contribuir al bienestar de las comunidades.<\/p>\n\n\n\n<p class=\"wp-block-paragraph\">El Edumas, junto con las autoridades competentes, continuar\u00e1 adelantando intervenciones en diferentes sectores del municipio, priorizando aquellos puntos que requieren acciones de recuperaci\u00f3n ambiental, urbana y de espacio p\u00fablico para garantizar entornos adecuados para los solede\u00f1os.<\/p>\n\n\n\n<figure class=\"wp-block-gallery has-nested-images columns-default is-cropped wp-block-gallery-1 is-layout-flex wp-block-gallery-is-layout-flex\">\n<figure class=\"wp-block-image size-large\"><img decoding=\"async\" width=\"1024\" height=\"768\" data-id=\"9403\" src=\"https:\/\/edumas.gov.co\/wp-content\/uploads\/2026\/09\/WhatsApp-Image-2026-08-28-at-11.16.04-AM-1-1024x768.jpeg\" alt=\"\" class=\"wp-image-9403\" srcset=\"https:\/\/edumas.gov.co\/wp-content\/uploads\/2026\/09\/WhatsApp-Image-2026-08-28-at-11.16.04-AM-1-1024x768.jpeg 1024w, https:\/\/edumas.gov.co\/wp-content\/uploads\/2026\/09\/WhatsApp-Image-2026-08-28-at-11.16.04-AM-1-300x225.jpeg 300w, https:\/\/edumas.gov.co\/wp-content\/uploads\/2026\/09\/WhatsApp-Image-2026-08-28-at-11.16.04-AM-1-768x576.jpeg 768w, https:\/\/edumas.gov.co\/wp-content\/uploads\/2026\/09\/WhatsApp-Image-2026-08-28-at-11.16.04-AM-1.jpeg 1280w\" sizes=\"(max-width: 1024px) 100vw, 1024px\" \/><\/figure>\n\n\n\n<figure class=\"wp-block-image size-large\"><img loading=\"lazy\" decoding=\"async\" width=\"1024\" height=\"768\" data-id=\"9402\" src=\"https:\/\/edumas.gov.co\/wp-content\/uploads\/2026\/09\/WhatsApp-Image-2026-08-28-at-11.16.04-AM-2-1024x768.jpeg\" alt=\"\" class=\"wp-image-9402\" srcset=\"https:\/\/edumas.gov.co\/wp-content\/uploads\/2026\/09\/WhatsApp-Image-2026-08-28-at-11.16.04-AM-2-1024x768.jpeg 1024w, https:\/\/edumas.gov.co\/wp-content\/uploads\/2026\/09\/WhatsApp-Image-2026-08-28-at-11.16.04-AM-2-300x225.jpeg 300w, https:\/\/edumas.gov.co\/wp-content\/uploads\/2026\/09\/WhatsApp-Image-2026-08-28-at-11.16.04-AM-2-768x576.jpeg 768w, https:\/\/edumas.gov.co\/wp-content\/uploads\/2026\/09\/WhatsApp-Image-2026-08-28-at-11.16.04-AM-2.jpeg 1280w\" sizes=\"(max-width: 1024px) 100vw, 1024px\" \/><\/figure>\n\n\n\n<figure class=\"wp-block-image size-large\"><img loading=\"lazy\" decoding=\"async\" width=\"1024\" height=\"768\" data-id=\"9404\" src=\"https:\/\/edumas.gov.co\/wp-content\/uploads\/2026\/09\/WhatsApp-Image-2026-08-28-at-11.16.04-AM-3-1024x768.jpeg\" alt=\"\" class=\"wp-image-9404\" srcset=\"https:\/\/edumas.gov.co\/wp-content\/uploads\/2026\/09\/WhatsApp-Image-2026-08-28-at-11.16.04-AM-3-1024x768.jpeg 1024w, https:\/\/edumas.gov.co\/wp-content\/uploads\/2026\/09\/WhatsApp-Image-2026-08-28-at-11.16.04-AM-3-300x225.jpeg 300w, https:\/\/edumas.gov.co\/wp-content\/uploads\/2026\/09\/WhatsApp-Image-2026-08-28-at-11.16.04-AM-3-768x576.jpeg 768w, https:\/\/edumas.gov.co\/wp-content\/uploads\/2026\/09\/WhatsApp-Image-2026-08-28-at-11.16.04-AM-3.jpeg 1280w\" sizes=\"(max-width: 1024px) 100vw, 1024px\" \/><\/figure>\n\n\n\n<figure class=\"wp-block-image size-large\"><img loading=\"lazy\" decoding=\"async\" width=\"768\" height=\"1024\" data-id=\"9406\" src=\"https:\/\/edumas.gov.co\/wp-content\/uploads\/2026\/09\/WhatsApp-Image-2026-08-28-at-11.16.05-AM-1-768x1024-1.jpeg\" alt=\"\" class=\"wp-image-9406\" srcset=\"https:\/\/edumas.gov.co\/wp-content\/uploads\/2026\/09\/WhatsApp-Image-2026-08-28-at-11.16.05-AM-1-768x1024-1.jpeg 768w, https:\/\/edumas.gov.co\/wp-content\/uploads\/2026\/09\/WhatsApp-Image-2026-08-28-at-11.16.05-AM-1-225x300.jpeg 225w, https:\/\/edumas.gov.co\/wp-content\/uploads\/2026\/09\/WhatsApp-Image-2026-08-28-at-11.16.05-AM-1.jpeg 960w\" sizes=\"(max-width: 768px) 100vw, 768px\" \/><\/figure>\n\n\n\n<figure class=\"wp-block-image size-large\"><img loading=\"lazy\" decoding=\"async\" width=\"1024\" height=\"768\" data-id=\"9405\" src=\"https:\/\/edumas.gov.co\/wp-content\/uploads\/2026\/09\/WhatsApp-Image-2026-08-28-at-11.16.05-AM-2-1024x768.jpeg\" alt=\"\" class=\"wp-image-9405\" srcset=\"https:\/\/edumas.gov.co\/wp-content\/uploads\/2026\/09\/WhatsApp-Image-2026-08-28-at-11.16.05-AM-2-1024x768.jpeg 1024w, https:\/\/edumas.gov.co\/wp-content\/uploads\/2026\/09\/WhatsApp-Image-2026-08-28-at-11.16.05-AM-2-300x225.jpeg 300w, https:\/\/edumas.gov.co\/wp-content\/uploads\/2026\/09\/WhatsApp-Image-2026-08-28-at-11.16.05-AM-2-768x576.jpeg 768w, https:\/\/edumas.gov.co\/wp-content\/uploads\/2026\/09\/WhatsApp-Image-2026-08-28-at-11.16.05-AM-2.jpeg 1280w\" sizes=\"(max-width: 1024px) 100vw, 1024px\" \/><\/figure>\n\n\n\n<figure class=\"wp-block-image size-large\"><img loading=\"lazy\" decoding=\"async\" width=\"1024\" height=\"768\" data-id=\"9408\" src=\"https:\/\/edumas.gov.co\/wp-content\/uploads\/2026\/09\/WhatsApp-Image-2026-08-28-at-11.16.05-AM-1024x768.jpeg\" alt=\"\" class=\"wp-image-9408\" srcset=\"https:\/\/edumas.gov.co\/wp-content\/uploads\/2026\/09\/WhatsApp-Image-2026-08-28-at-11.16.05-AM-1024x768.jpeg 1024w, https:\/\/edumas.gov.co\/wp-content\/uploads\/2026\/09\/WhatsApp-Image-2026-08-28-at-11.16.05-AM-300x225.jpeg 300w, https:\/\/edumas.gov.co\/wp-content\/uploads\/2026\/09\/WhatsApp-Image-2026-08-28-at-11.16.05-AM-768x576.jpeg 768w, https:\/\/edumas.gov.co\/wp-content\/uploads\/2026\/09\/WhatsApp-Image-2026-08-28-at-11.16.05-AM.jpeg 1280w\" sizes=\"(max-width: 1024px) 100vw, 1024px\" \/><\/figure>\n\n\n\n<figure class=\"wp-block-image size-large\"><img loading=\"lazy\" decoding=\"async\" width=\"1024\" height=\"768\" data-id=\"9407\" src=\"https:\/\/edumas.gov.co\/wp-content\/uploads\/2026\/09\/WhatsApp-Image-2026-08-28-at-11.16.06-AM-1-1024x768.jpeg\" alt=\"\" class=\"wp-image-9407\" srcset=\"https:\/\/edumas.gov.co\/wp-content\/uploads\/2026\/09\/WhatsApp-Image-2026-08-28-at-11.16.06-AM-1-1024x768.jpeg 1024w, https:\/\/edumas.gov.co\/wp-content\/uploads\/2026\/09\/WhatsApp-Image-2026-08-28-at-11.16.06-AM-1-300x225.jpeg 300w, https:\/\/edumas.gov.co\/wp-content\/uploads\/2026\/09\/WhatsApp-Image-2026-08-28-at-11.16.06-AM-1-768x576.jpeg 768w, https:\/\/edumas.gov.co\/wp-content\/uploads\/2026\/09\/WhatsApp-Image-2026-08-28-at-11.16.06-AM-1.jpeg 1280w\" sizes=\"(max-width: 1024px) 100vw, 1024px\" \/><\/figure>\n\n\n\n<figure class=\"wp-block-image size-large\"><img loading=\"lazy\" decoding=\"async\" width=\"1024\" height=\"768\" data-id=\"9409\" src=\"https:\/\/edumas.gov.co\/wp-content\/uploads\/2026\/09\/WhatsApp-Image-2026-08-28-at-11.16.06-AM-2-1024x768.jpeg\" alt=\"\" class=\"wp-image-9409\" srcset=\"https:\/\/edumas.gov.co\/wp-content\/uploads\/2026\/09\/WhatsApp-Image-2026-08-28-at-11.16.06-AM-2-1024x768.jpeg 1024w, https:\/\/edumas.gov.co\/wp-content\/uploads\/2026\/09\/WhatsApp-Image-2026-08-28-at-11.16.06-AM-2-300x225.jpeg 300w, https:\/\/edumas.gov.co\/wp-content\/uploads\/2026\/09\/WhatsApp-Image-2026-08-28-at-11.16.06-AM-2-768x576.jpeg 768w, https:\/\/edumas.gov.co\/wp-content\/uploads\/2026\/09\/WhatsApp-Image-2026-08-28-at-11.16.06-AM-2.jpeg 1280w\" sizes=\"(max-width: 1024px) 100vw, 1024px\" \/><\/figure>\n<\/figure>\n\n\n\n<ul class=\"wp-block-social-links is-layout-flex wp-block-social-links-is-layout-flex\"><li class=\"wp-social-link wp-social-link-facebook wp-block-social-link\"><a href=\"https:\/\/www.facebook.com\/share\/r\/1DMGvctADf\/\" class=\"wp-block-social-link-anchor\"><svg width=\"24\" height=\"24\" viewBox=\"0 0 24 24\" version=\"1.1\" xmlns=\"http:\/\/www.w3.org\/2000\/svg\" aria-hidden=\"true\" focusable=\"false\"><path d=\"M12 2C6.5 2 2 6.5 2 12c0 5 3.7 9.1 8.4 9.9v-7H7.9V12h2.5V9.8c0-2.5 1.5-3.9 3.8-3.9 1.1 0 2.2.2 2.2.2v2.5h-1.3c-1.2 0-1.6.8-1.6 1.6V12h2.8l-.4 2.9h-2.3v7C18.3 21.1 22 17 22 12c0-5.5-4.5-10-10-10z\"><\/path><\/svg><span class=\"wp-block-social-link-label screen-reader-text\">Facebook<\/span><\/a><\/li>\n\n<li class=\"wp-social-link wp-social-link-instagram wp-block-social-link\"><a href=\"https:\/\/www.instagram.com\/p\/Dcyz8KHCKCs\/?hl=es-es\" class=\"wp-block-social-link-anchor\"><svg width=\"24\" height=\"24\" viewBox=\"0 0 24 24\" version=\"1.1\" xmlns=\"http:\/\/www.w3.org\/2000\/svg\" aria-hidden=\"true\" focusable=\"false\"><path d=\"M12,4.622c2.403,0,2.688,0.009,3.637,0.052c0.877,0.04,1.354,0.187,1.671,0.31c0.42,0.163,0.72,0.358,1.035,0.673 c0.315,0.315,0.51,0.615,0.673,1.035c0.123,0.317,0.27,0.794,0.31,1.671c0.043,0.949,0.052,1.234,0.052,3.637 s-0.009,2.688-0.052,3.637c-0.04,0.877-0.187,1.354-0.31,1.671c-0.163,0.42-0.358,0.72-0.673,1.035 c-0.315,0.315-0.615,0.51-1.035,0.673c-0.317,0.123-0.794,0.27-1.671,0.31c-0.949,0.043-1.233,0.052-3.637,0.052 s-2.688-0.009-3.637-0.052c-0.877-0.04-1.354-0.187-1.671-0.31c-0.42-0.163-0.72-0.358-1.035-0.673 c-0.315-0.315-0.51-0.615-0.673-1.035c-0.123-0.317-0.27-0.794-0.31-1.671C4.631,14.688,4.622,14.403,4.622,12 s0.009-2.688,0.052-3.637c0.04-0.877,0.187-1.354,0.31-1.671c0.163-0.42,0.358-0.72,0.673-1.035 c0.315-0.315,0.615-0.51,1.035-0.673c0.317-0.123,0.794-0.27,1.671-0.31C9.312,4.631,9.597,4.622,12,4.622 M12,3 C9.556,3,9.249,3.01,8.289,3.054C7.331,3.098,6.677,3.25,6.105,3.472C5.513,3.702,5.011,4.01,4.511,4.511 c-0.5,0.5-0.808,1.002-1.038,1.594C3.25,6.677,3.098,7.331,3.054,8.289C3.01,9.249,3,9.556,3,12c0,2.444,0.01,2.751,0.054,3.711 c0.044,0.958,0.196,1.612,0.418,2.185c0.23,0.592,0.538,1.094,1.038,1.594c0.5,0.5,1.002,0.808,1.594,1.038 c0.572,0.222,1.227,0.375,2.185,0.418C9.249,20.99,9.556,21,12,21s2.751-0.01,3.711-0.054c0.958-0.044,1.612-0.196,2.185-0.418 c0.592-0.23,1.094-0.538,1.594-1.038c0.5-0.5,0.808-1.002,1.038-1.594c0.222-0.572,0.375-1.227,0.418-2.185 C20.99,14.751,21,14.444,21,12s-0.01-2.751-0.054-3.711c-0.044-0.958-0.196-1.612-0.418-2.185c-0.23-0.592-0.538-1.094-1.038-1.594 c-0.5-0.5-1.002-0.808-1.594-1.038c-0.572-0.222-1.227-0.375-2.185-0.418C14.751,3.01,14.444,3,12,3L12,3z M12,7.378 c-2.552,0-4.622,2.069-4.622,4.622S9.448,16.622,12,16.622s4.622-2.069,4.622-4.622S14.552,7.378,12,7.378z M12,15 c-1.657,0-3-1.343-3-3s1.343-3,3-3s3,1.343,3,3S13.657,15,12,15z M16.804,6.116c-0.596,0-1.08,0.484-1.08,1.08 s0.484,1.08,1.08,1.08c0.596,0,1.08-0.484,1.08-1.08S17.401,6.116,16.804,6.116z\"><\/path><\/svg><span class=\"wp-block-social-link-label screen-reader-text\">Instagram<\/span><\/a><\/li>\n\n<li class=\"wp-social-link wp-social-link-x wp-block-social-link\"><a href=\"https:\/\/x.com\/Edumas_soledad\/status\/2095208122151309528?s=20\" class=\"wp-block-social-link-anchor\"><svg width=\"24\" height=\"24\" viewBox=\"0 0 24 24\" version=\"1.1\" xmlns=\"http:\/\/www.w3.org\/2000\/svg\" aria-hidden=\"true\" focusable=\"false\"><path d=\"M13.982 10.622 20.54 3h-1.554l-5.693 6.618L8.745 3H3.5l6.876 10.007L3.5 21h1.554l6.012-6.989L15.868 21h5.245l-7.131-10.378Zm-2.128 2.474-.697-.997-5.543-7.93H8l4.474 6.4.697.996 5.815 8.318h-2.387l-4.745-6.787Z\" \/><\/svg><span class=\"wp-block-social-link-label screen-reader-text\">X<\/span><\/a><\/li>\n\n<li class=\"wp-social-link wp-social-link-threads wp-block-social-link\"><a href=\"https:\/\/www.threads.com\/share\/D2M-c1K5t\/\" class=\"wp-block-social-link-anchor\"><svg width=\"24\" height=\"24\" viewBox=\"0 0 24 24\" version=\"1.1\" xmlns=\"http:\/\/www.w3.org\/2000\/svg\" aria-hidden=\"true\" focusable=\"false\"><path d=\"M16.3 11.3c-.1 0-.2-.1-.2-.1-.1-2.6-1.5-4-3.9-4-1.4 0-2.6.6-3.3 1.7l1.3.9c.5-.8 1.4-1 2-1 .8 0 1.4.2 1.7.7.3.3.5.8.5 1.3-.7-.1-1.4-.2-2.2-.1-2.2.1-3.7 1.4-3.6 3.2 0 .9.5 1.7 1.3 2.2.7.4 1.5.6 2.4.6 1.2-.1 2.1-.5 2.7-1.3.5-.6.8-1.4.9-2.4.6.3 1 .8 1.2 1.3.4.9.4 2.4-.8 3.6-1.1 1.1-2.3 1.5-4.3 1.5-2.1 0-3.8-.7-4.8-2S5.7 14.3 5.7 12c0-2.3.5-4.1 1.5-5.4 1.1-1.3 2.7-2 4.8-2 2.2 0 3.8.7 4.9 2 .5.7.9 1.5 1.2 2.5l1.5-.4c-.3-1.2-.8-2.2-1.5-3.1-1.3-1.7-3.3-2.6-6-2.6-2.6 0-4.7.9-6 2.6C4.9 7.2 4.3 9.3 4.3 12s.6 4.8 1.9 6.4c1.4 1.7 3.4 2.6 6 2.6 2.3 0 4-.6 5.3-2 1.8-1.8 1.7-4 1.1-5.4-.4-.9-1.2-1.7-2.3-2.3zm-4 3.8c-1 .1-2-.4-2-1.3 0-.7.5-1.5 2.1-1.6h.5c.6 0 1.1.1 1.6.2-.2 2.3-1.3 2.7-2.2 2.7z\"\/><\/svg><span class=\"wp-block-social-link-label screen-reader-text\">Threads<\/span><\/a><\/li>\n\n<li class=\"wp-social-link wp-social-link-tiktok wp-block-social-link\"><a href=\"https:\/\/www.tiktok.com\/@edumassoledad\/video\/7680998344080051477?is_from_webapp=1&#038;sender_device=pc\" class=\"wp-block-social-link-anchor\"><svg width=\"24\" height=\"24\" viewBox=\"0 0 32 32\" version=\"1.1\" xmlns=\"http:\/\/www.w3.org\/2000\/svg\" aria-hidden=\"true\" focusable=\"false\"><path d=\"M16.708 0.027c1.745-0.027 3.48-0.011 5.213-0.027 0.105 2.041 0.839 4.12 2.333 5.563 1.491 1.479 3.6 2.156 5.652 2.385v5.369c-1.923-0.063-3.855-0.463-5.6-1.291-0.76-0.344-1.468-0.787-2.161-1.24-0.009 3.896 0.016 7.787-0.025 11.667-0.104 1.864-0.719 3.719-1.803 5.255-1.744 2.557-4.771 4.224-7.88 4.276-1.907 0.109-3.812-0.411-5.437-1.369-2.693-1.588-4.588-4.495-4.864-7.615-0.032-0.667-0.043-1.333-0.016-1.984 0.24-2.537 1.495-4.964 3.443-6.615 2.208-1.923 5.301-2.839 8.197-2.297 0.027 1.975-0.052 3.948-0.052 5.923-1.323-0.428-2.869-0.308-4.025 0.495-0.844 0.547-1.485 1.385-1.819 2.333-0.276 0.676-0.197 1.427-0.181 2.145 0.317 2.188 2.421 4.027 4.667 3.828 1.489-0.016 2.916-0.88 3.692-2.145 0.251-0.443 0.532-0.896 0.547-1.417 0.131-2.385 0.079-4.76 0.095-7.145 0.011-5.375-0.016-10.735 0.025-16.093z\" \/><\/svg><span class=\"wp-block-social-link-label screen-reader-text\">TikTok<\/span><\/a><\/li><\/ul>\n\n\n\n<p class=\"wp-block-paragraph\"><\/p>\n","protected":false},"excerpt":{"rendered":"<p>Atendiendo las solicitudes de la comunidad, el Establecimiento de Desarrollo Urbano y Medio Ambiente de Soledad &#8211; Edumas, en articulaci\u00f3n con la Secretar\u00eda de Gobierno, realiz\u00f3 la demolici\u00f3n de una infraestructura abandonada ubicada en la carrera 20A con calle 81A, en el barrio Los Almendros, a pocos metros de un parque del sector. La estructura, [&hellip;]<\/p>\n","protected":false},"author":1,"featured_media":9409,"comment_status":"open","ping_status":"open","sticky":false,"template":"","format":"standard","meta":{"footnotes":""},"categories":[26],"tags":[204],"class_list":["post-9399","post","type-post","status-publish","format-standard","has-post-thumbnail","hentry","category-noticias","tag-espacio-publico-2"],"yoast_head":"<!-- This site is optimized with the Yoast SEO plugin v27.4 - https:\/\/yoast.com\/product\/yoast-seo-wordpress\/ -->\n<title>El Edumas y Secretar\u00eda de Gobierno recuperan espacio mal utilizado en un parque en Los Almendros - Edumas<\/title>\n<meta name=\"robots\" content=\"index, follow, max-snippet:-1, max-image-preview:large, max-video-preview:-1\" \/>\n<link rel=\"canonical\" href=\"https:\/\/edumas.gov.co\/inicio\/2026\/09\/02\/el-edumas-y-secretaria-de-gobierno-recuperan-espacio-mal-utilizado-en-un-parque-en-los-almendros\/\" \/>\n<meta property=\"og:locale\" content=\"es_ES\" \/>\n<meta property=\"og:type\" content=\"article\" \/>\n<meta property=\"og:title\" content=\"El Edumas y Secretar\u00eda de Gobierno recuperan espacio mal utilizado en un parque en Los Almendros - Edumas\" \/>\n<meta property=\"og:description\" content=\"Atendiendo las solicitudes de la comunidad, el Establecimiento de Desarrollo Urbano y Medio Ambiente de Soledad &#8211; Edumas, en articulaci\u00f3n con la Secretar\u00eda de Gobierno, realiz\u00f3 la demolici\u00f3n de una infraestructura abandonada ubicada en la carrera 20A con calle 81A, en el barrio Los Almendros, a pocos metros de un parque del sector. La estructura, [&hellip;]\" \/>\n<meta property=\"og:url\" content=\"https:\/\/edumas.gov.co\/inicio\/2026\/09\/02\/el-edumas-y-secretaria-de-gobierno-recuperan-espacio-mal-utilizado-en-un-parque-en-los-almendros\/\" \/>\n<meta property=\"og:site_name\" content=\"Edumas\" \/>\n<meta property=\"article:published_time\" content=\"2026-09-02T14:42:52+00:00\" \/>\n<meta property=\"article:modified_time\" content=\"2026-09-02T19:54:26+00:00\" \/>\n<meta property=\"og:image\" content=\"https:\/\/edumas.gov.co\/wp-content\/uploads\/2026\/09\/WhatsApp-Image-2026-08-28-at-11.16.06-AM-2.jpeg\" \/>\n\t<meta property=\"og:image:width\" content=\"1280\" \/>\n\t<meta property=\"og:image:height\" content=\"960\" \/>\n\t<meta property=\"og:image:type\" content=\"image\/jpeg\" \/>\n<meta name=\"author\" content=\"edumas\" \/>\n<meta name=\"twitter:card\" content=\"summary_large_image\" \/>\n<meta name=\"twitter:label1\" content=\"Escrito por\" \/>\n\t<meta name=\"twitter:data1\" content=\"edumas\" \/>\n\t<meta name=\"twitter:label2\" content=\"Tiempo de lectura\" \/>\n\t<meta name=\"twitter:data2\" content=\"4 minutos\" \/>\n<script type=\"application\/ld+json\" class=\"yoast-schema-graph\">{\"@context\":\"https:\\\/\\\/schema.org\",\"@graph\":[{\"@type\":\"Article\",\"@id\":\"https:\\\/\\\/edumas.gov.co\\\/inicio\\\/2026\\\/09\\\/02\\\/el-edumas-y-secretaria-de-gobierno-recuperan-espacio-mal-utilizado-en-un-parque-en-los-almendros\\\/#article\",\"isPartOf\":{\"@id\":\"https:\\\/\\\/edumas.gov.co\\\/inicio\\\/2026\\\/09\\\/02\\\/el-edumas-y-secretaria-de-gobierno-recuperan-espacio-mal-utilizado-en-un-parque-en-los-almendros\\\/\"},\"author\":{\"name\":\"edumas\",\"@id\":\"https:\\\/\\\/edumas.gov.co\\\/inicio\\\/#\\\/schema\\\/person\\\/e2e82a662fd06864325b88811079b05a\"},\"headline\":\"El Edumas y Secretar\u00eda de Gobierno recuperan espacio mal utilizado en un parque en Los Almendros\",\"datePublished\":\"2026-09-02T14:42:52+00:00\",\"dateModified\":\"2026-09-02T19:54:26+00:00\",\"mainEntityOfPage\":{\"@id\":\"https:\\\/\\\/edumas.gov.co\\\/inicio\\\/2026\\\/09\\\/02\\\/el-edumas-y-secretaria-de-gobierno-recuperan-espacio-mal-utilizado-en-un-parque-en-los-almendros\\\/\"},\"wordCount\":432,\"commentCount\":0,\"publisher\":{\"@id\":\"https:\\\/\\\/edumas.gov.co\\\/inicio\\\/#organization\"},\"image\":{\"@id\":\"https:\\\/\\\/edumas.gov.co\\\/inicio\\\/2026\\\/09\\\/02\\\/el-edumas-y-secretaria-de-gobierno-recuperan-espacio-mal-utilizado-en-un-parque-en-los-almendros\\\/#primaryimage\"},\"thumbnailUrl\":\"https:\\\/\\\/edumas.gov.co\\\/wp-content\\\/uploads\\\/2026\\\/09\\\/WhatsApp-Image-2026-08-28-at-11.16.06-AM-2.jpeg\",\"keywords\":[\"espacio p\u00fablico\"],\"articleSection\":[\"noticias\"],\"inLanguage\":\"es\",\"potentialAction\":[{\"@type\":\"CommentAction\",\"name\":\"Comment\",\"target\":[\"https:\\\/\\\/edumas.gov.co\\\/inicio\\\/2026\\\/09\\\/02\\\/el-edumas-y-secretaria-de-gobierno-recuperan-espacio-mal-utilizado-en-un-parque-en-los-almendros\\\/#respond\"]}]},{\"@type\":\"WebPage\",\"@id\":\"https:\\\/\\\/edumas.gov.co\\\/inicio\\\/2026\\\/09\\\/02\\\/el-edumas-y-secretaria-de-gobierno-recuperan-espacio-mal-utilizado-en-un-parque-en-los-almendros\\\/\",\"url\":\"https:\\\/\\\/edumas.gov.co\\\/inicio\\\/2026\\\/09\\\/02\\\/el-edumas-y-secretaria-de-gobierno-recuperan-espacio-mal-utilizado-en-un-parque-en-los-almendros\\\/\",\"name\":\"El Edumas y Secretar\u00eda de Gobierno recuperan espacio mal utilizado en un parque en Los Almendros - Edumas\",\"isPartOf\":{\"@id\":\"https:\\\/\\\/edumas.gov.co\\\/inicio\\\/#website\"},\"primaryImageOfPage\":{\"@id\":\"https:\\\/\\\/edumas.gov.co\\\/inicio\\\/2026\\\/09\\\/02\\\/el-edumas-y-secretaria-de-gobierno-recuperan-espacio-mal-utilizado-en-un-parque-en-los-almendros\\\/#primaryimage\"},\"image\":{\"@id\":\"https:\\\/\\\/edumas.gov.co\\\/inicio\\\/2026\\\/09\\\/02\\\/el-edumas-y-secretaria-de-gobierno-recuperan-espacio-mal-utilizado-en-un-parque-en-los-almendros\\\/#primaryimage\"},\"thumbnailUrl\":\"https:\\\/\\\/edumas.gov.co\\\/wp-content\\\/uploads\\\/2026\\\/09\\\/WhatsApp-Image-2026-08-28-at-11.16.06-AM-2.jpeg\",\"datePublished\":\"2026-09-02T14:42:52+00:00\",\"dateModified\":\"2026-09-02T19:54:26+00:00\",\"breadcrumb\":{\"@id\":\"https:\\\/\\\/edumas.gov.co\\\/inicio\\\/2026\\\/09\\\/02\\\/el-edumas-y-secretaria-de-gobierno-recuperan-espacio-mal-utilizado-en-un-parque-en-los-almendros\\\/#breadcrumb\"},\"inLanguage\":\"es\",\"potentialAction\":[{\"@type\":\"ReadAction\",\"target\":[\"https:\\\/\\\/edumas.gov.co\\\/inicio\\\/2026\\\/09\\\/02\\\/el-edumas-y-secretaria-de-gobierno-recuperan-espacio-mal-utilizado-en-un-parque-en-los-almendros\\\/\"]}]},{\"@type\":\"ImageObject\",\"inLanguage\":\"es\",\"@id\":\"https:\\\/\\\/edumas.gov.co\\\/inicio\\\/2026\\\/09\\\/02\\\/el-edumas-y-secretaria-de-gobierno-recuperan-espacio-mal-utilizado-en-un-parque-en-los-almendros\\\/#primaryimage\",\"url\":\"https:\\\/\\\/edumas.gov.co\\\/wp-content\\\/uploads\\\/2026\\\/09\\\/WhatsApp-Image-2026-08-28-at-11.16.06-AM-2.jpeg\",\"contentUrl\":\"https:\\\/\\\/edumas.gov.co\\\/wp-content\\\/uploads\\\/2026\\\/09\\\/WhatsApp-Image-2026-08-28-at-11.16.06-AM-2.jpeg\",\"width\":1280,\"height\":960},{\"@type\":\"BreadcrumbList\",\"@id\":\"https:\\\/\\\/edumas.gov.co\\\/inicio\\\/2026\\\/09\\\/02\\\/el-edumas-y-secretaria-de-gobierno-recuperan-espacio-mal-utilizado-en-un-parque-en-los-almendros\\\/#breadcrumb\",\"itemListElement\":[{\"@type\":\"ListItem\",\"position\":1,\"name\":\"Portada\",\"item\":\"https:\\\/\\\/edumas.gov.co\\\/inicio\\\/\"},{\"@type\":\"ListItem\",\"position\":2,\"name\":\"El Edumas y Secretar\u00eda de Gobierno recuperan espacio mal utilizado en un parque en Los Almendros\"}]},{\"@type\":\"WebSite\",\"@id\":\"https:\\\/\\\/edumas.gov.co\\\/inicio\\\/#website\",\"url\":\"https:\\\/\\\/edumas.gov.co\\\/inicio\\\/\",\"name\":\"Edumas\",\"description\":\"Edumas\",\"publisher\":{\"@id\":\"https:\\\/\\\/edumas.gov.co\\\/inicio\\\/#organization\"},\"potentialAction\":[{\"@type\":\"SearchAction\",\"target\":{\"@type\":\"EntryPoint\",\"urlTemplate\":\"https:\\\/\\\/edumas.gov.co\\\/inicio\\\/?s={search_term_string}\"},\"query-input\":{\"@type\":\"PropertyValueSpecification\",\"valueRequired\":true,\"valueName\":\"search_term_string\"}}],\"inLanguage\":\"es\"},{\"@type\":\"Organization\",\"@id\":\"https:\\\/\\\/edumas.gov.co\\\/inicio\\\/#organization\",\"name\":\"Edumas\",\"url\":\"https:\\\/\\\/edumas.gov.co\\\/inicio\\\/\",\"logo\":{\"@type\":\"ImageObject\",\"inLanguage\":\"es\",\"@id\":\"https:\\\/\\\/edumas.gov.co\\\/inicio\\\/#\\\/schema\\\/logo\\\/image\\\/\",\"url\":\"https:\\\/\\\/edumas.gov.co\\\/wp-content\\\/uploads\\\/2024\\\/10\\\/Perfil-Instagram-PhotoRoom.png-PhotoRoom.png\",\"contentUrl\":\"https:\\\/\\\/edumas.gov.co\\\/wp-content\\\/uploads\\\/2024\\\/10\\\/Perfil-Instagram-PhotoRoom.png-PhotoRoom.png\",\"width\":648,\"height\":233,\"caption\":\"Edumas\"},\"image\":{\"@id\":\"https:\\\/\\\/edumas.gov.co\\\/inicio\\\/#\\\/schema\\\/logo\\\/image\\\/\"}},{\"@type\":\"Person\",\"@id\":\"https:\\\/\\\/edumas.gov.co\\\/inicio\\\/#\\\/schema\\\/person\\\/e2e82a662fd06864325b88811079b05a\",\"name\":\"edumas\",\"image\":{\"@type\":\"ImageObject\",\"inLanguage\":\"es\",\"@id\":\"https:\\\/\\\/edumas.gov.co\\\/wp-content\\\/uploads\\\/2025\\\/03\\\/WhatsApp-Image-2025-03-06-at-12.44.58-PM-150x150.jpeg\",\"url\":\"https:\\\/\\\/edumas.gov.co\\\/wp-content\\\/uploads\\\/2025\\\/03\\\/WhatsApp-Image-2025-03-06-at-12.44.58-PM-150x150.jpeg\",\"contentUrl\":\"https:\\\/\\\/edumas.gov.co\\\/wp-content\\\/uploads\\\/2025\\\/03\\\/WhatsApp-Image-2025-03-06-at-12.44.58-PM-150x150.jpeg\",\"caption\":\"edumas\"},\"sameAs\":[\"https:\\\/\\\/test.edumas.gov.co\"],\"url\":\"https:\\\/\\\/edumas.gov.co\\\/inicio\\\/author\\\/edumas\\\/\"}]}<\/script>\n<!-- \/ Yoast SEO plugin. -->","yoast_head_json":{"title":"El Edumas y Secretar\u00eda de Gobierno recuperan espacio mal utilizado en un parque en Los Almendros - Edumas","robots":{"index":"index","follow":"follow","max-snippet":"max-snippet:-1","max-image-preview":"max-image-preview:large","max-video-preview":"max-video-preview:-1"},"canonical":"https:\/\/edumas.gov.co\/inicio\/2026\/09\/02\/el-edumas-y-secretaria-de-gobierno-recuperan-espacio-mal-utilizado-en-un-parque-en-los-almendros\/","og_locale":"es_ES","og_type":"article","og_title":"El Edumas y Secretar\u00eda de Gobierno recuperan espacio mal utilizado en un parque en Los Almendros - Edumas","og_description":"Atendiendo las solicitudes de la comunidad, el Establecimiento de Desarrollo Urbano y Medio Ambiente de Soledad &#8211; Edumas, en articulaci\u00f3n con la Secretar\u00eda de Gobierno, realiz\u00f3 la demolici\u00f3n de una infraestructura abandonada ubicada en la carrera 20A con calle 81A, en el barrio Los Almendros, a pocos metros de un parque del sector. La estructura, [&hellip;]","og_url":"https:\/\/edumas.gov.co\/inicio\/2026\/09\/02\/el-edumas-y-secretaria-de-gobierno-recuperan-espacio-mal-utilizado-en-un-parque-en-los-almendros\/","og_site_name":"Edumas","article_published_time":"2026-09-02T14:42:52+00:00","article_modified_time":"2026-09-02T19:54:26+00:00","og_image":[{"width":1280,"height":960,"url":"https:\/\/edumas.gov.co\/wp-content\/uploads\/2026\/09\/WhatsApp-Image-2026-08-28-at-11.16.06-AM-2.jpeg","type":"image\/jpeg"}],"author":"edumas","twitter_card":"summary_large_image","twitter_misc":{"Escrito por":"edumas","Tiempo de lectura":"4 minutos"},"schema":{"@context":"https:\/\/schema.org","@graph":[{"@type":"Article","@id":"https:\/\/edumas.gov.co\/inicio\/2026\/09\/02\/el-edumas-y-secretaria-de-gobierno-recuperan-espacio-mal-utilizado-en-un-parque-en-los-almendros\/#article","isPartOf":{"@id":"https:\/\/edumas.gov.co\/inicio\/2026\/09\/02\/el-edumas-y-secretaria-de-gobierno-recuperan-espacio-mal-utilizado-en-un-parque-en-los-almendros\/"},"author":{"name":"edumas","@id":"https:\/\/edumas.gov.co\/inicio\/#\/schema\/person\/e2e82a662fd06864325b88811079b05a"},"headline":"El Edumas y Secretar\u00eda de Gobierno recuperan espacio mal utilizado en un parque en Los Almendros","datePublished":"2026-09-02T14:42:52+00:00","dateModified":"2026-09-02T19:54:26+00:00","mainEntityOfPage":{"@id":"https:\/\/edumas.gov.co\/inicio\/2026\/09\/02\/el-edumas-y-secretaria-de-gobierno-recuperan-espacio-mal-utilizado-en-un-parque-en-los-almendros\/"},"wordCount":432,"commentCount":0,"publisher":{"@id":"https:\/\/edumas.gov.co\/inicio\/#organization"},"image":{"@id":"https:\/\/edumas.gov.co\/inicio\/2026\/09\/02\/el-edumas-y-secretaria-de-gobierno-recuperan-espacio-mal-utilizado-en-un-parque-en-los-almendros\/#primaryimage"},"thumbnailUrl":"https:\/\/edumas.gov.co\/wp-content\/uploads\/2026\/09\/WhatsApp-Image-2026-08-28-at-11.16.06-AM-2.jpeg","keywords":["espacio p\u00fablico"],"articleSection":["noticias"],"inLanguage":"es","potentialAction":[{"@type":"CommentAction","name":"Comment","target":["https:\/\/edumas.gov.co\/inicio\/2026\/09\/02\/el-edumas-y-secretaria-de-gobierno-recuperan-espacio-mal-utilizado-en-un-parque-en-los-almendros\/#respond"]}]},{"@type":"WebPage","@id":"https:\/\/edumas.gov.co\/inicio\/2026\/09\/02\/el-edumas-y-secretaria-de-gobierno-recuperan-espacio-mal-utilizado-en-un-parque-en-los-almendros\/","url":"https:\/\/edumas.gov.co\/inicio\/2026\/09\/02\/el-edumas-y-secretaria-de-gobierno-recuperan-espacio-mal-utilizado-en-un-parque-en-los-almendros\/","name":"El Edumas y Secretar\u00eda de Gobierno recuperan espacio mal utilizado en un parque en Los Almendros - Edumas","isPartOf":{"@id":"https:\/\/edumas.gov.co\/inicio\/#website"},"primaryImageOfPage":{"@id":"https:\/\/edumas.gov.co\/inicio\/2026\/09\/02\/el-edumas-y-secretaria-de-gobierno-recuperan-espacio-mal-utilizado-en-un-parque-en-los-almendros\/#primaryimage"},"image":{"@id":"https:\/\/edumas.gov.co\/inicio\/2026\/09\/02\/el-edumas-y-secretaria-de-gobierno-recuperan-espacio-mal-utilizado-en-un-parque-en-los-almendros\/#primaryimage"},"thumbnailUrl":"https:\/\/edumas.gov.co\/wp-content\/uploads\/2026\/09\/WhatsApp-Image-2026-08-28-at-11.16.06-AM-2.jpeg","datePublished":"2026-09-02T14:42:52+00:00","dateModified":"2026-09-02T19:54:26+00:00","breadcrumb":{"@id":"https:\/\/edumas.gov.co\/inicio\/2026\/09\/02\/el-edumas-y-secretaria-de-gobierno-recuperan-espacio-mal-utilizado-en-un-parque-en-los-almendros\/#breadcrumb"},"inLanguage":"es","potentialAction":[{"@type":"ReadAction","target":["https:\/\/edumas.gov.co\/inicio\/2026\/09\/02\/el-edumas-y-secretaria-de-gobierno-recuperan-espacio-mal-utilizado-en-un-parque-en-los-almendros\/"]}]},{"@type":"ImageObject","inLanguage":"es","@id":"https:\/\/edumas.gov.co\/inicio\/2026\/09\/02\/el-edumas-y-secretaria-de-gobierno-recuperan-espacio-mal-utilizado-en-un-parque-en-los-almendros\/#primaryimage","url":"https:\/\/edumas.gov.co\/wp-content\/uploads\/2026\/09\/WhatsApp-Image-2026-08-28-at-11.16.06-AM-2.jpeg","contentUrl":"https:\/\/edumas.gov.co\/wp-content\/uploads\/2026\/09\/WhatsApp-Image-2026-08-28-at-11.16.06-AM-2.jpeg","width":1280,"height":960},{"@type":"BreadcrumbList","@id":"https:\/\/edumas.gov.co\/inicio\/2026\/09\/02\/el-edumas-y-secretaria-de-gobierno-recuperan-espacio-mal-utilizado-en-un-parque-en-los-almendros\/#breadcrumb","itemListElement":[{"@type":"ListItem","position":1,"name":"Portada","item":"https:\/\/edumas.gov.co\/inicio\/"},{"@type":"ListItem","position":2,"name":"El Edumas y Secretar\u00eda de Gobierno recuperan espacio mal utilizado en un parque en Los Almendros"}]},{"@type":"WebSite","@id":"https:\/\/edumas.gov.co\/inicio\/#website","url":"https:\/\/edumas.gov.co\/inicio\/","name":"Edumas","description":"Edumas","publisher":{"@id":"https:\/\/edumas.gov.co\/inicio\/#organization"},"potentialAction":[{"@type":"SearchAction","target":{"@type":"EntryPoint","urlTemplate":"https:\/\/edumas.gov.co\/inicio\/?s={search_term_string}"},"query-input":{"@type":"PropertyValueSpecification","valueRequired":true,"valueName":"search_term_string"}}],"inLanguage":"es"},{"@type":"Organization","@id":"https:\/\/edumas.gov.co\/inicio\/#organization","name":"Edumas","url":"https:\/\/edumas.gov.co\/inicio\/","logo":{"@type":"ImageObject","inLanguage":"es","@id":"https:\/\/edumas.gov.co\/inicio\/#\/schema\/logo\/image\/","url":"https:\/\/edumas.gov.co\/wp-content\/uploads\/2024\/10\/Perfil-Instagram-PhotoRoom.png-PhotoRoom.png","contentUrl":"https:\/\/edumas.gov.co\/wp-content\/uploads\/2024\/10\/Perfil-Instagram-PhotoRoom.png-PhotoRoom.png","width":648,"height":233,"caption":"Edumas"},"image":{"@id":"https:\/\/edumas.gov.co\/inicio\/#\/schema\/logo\/image\/"}},{"@type":"Person","@id":"https:\/\/edumas.gov.co\/inicio\/#\/schema\/person\/e2e82a662fd06864325b88811079b05a","name":"edumas","image":{"@type":"ImageObject","inLanguage":"es","@id":"https:\/\/edumas.gov.co\/wp-content\/uploads\/2025\/03\/WhatsApp-Image-2025-03-06-at-12.44.58-PM-150x150.jpeg","url":"https:\/\/edumas.gov.co\/wp-content\/uploads\/2025\/03\/WhatsApp-Image-2025-03-06-at-12.44.58-PM-150x150.jpeg","contentUrl":"https:\/\/edumas.gov.co\/wp-content\/uploads\/2025\/03\/WhatsApp-Image-2025-03-06-at-12.44.58-PM-150x150.jpeg","caption":"edumas"},"sameAs":["https:\/\/test.edumas.gov.co"],"url":"https:\/\/edumas.gov.co\/inicio\/author\/edumas\/"}]}},"_links":{"self":[{"href":"https:\/\/edumas.gov.co\/inicio\/wp-json\/wp\/v2\/posts\/9399","targetHints":{"allow":["GET"]}}],"collection":[{"href":"https:\/\/edumas.gov.co\/inicio\/wp-json\/wp\/v2\/posts"}],"about":[{"href":"https:\/\/edumas.gov.co\/inicio\/wp-json\/wp\/v2\/types\/post"}],"author":[{"embeddable":true,"href":"https:\/\/edumas.gov.co\/inicio\/wp-json\/wp\/v2\/users\/1"}],"replies":[{"embeddable":true,"href":"https:\/\/edumas.gov.co\/inicio\/wp-json\/wp\/v2\/comments?post=9399"}],"version-history":[{"count":2,"href":"https:\/\/edumas.gov.co\/inicio\/wp-json\/wp\/v2\/posts\/9399\/revisions"}],"predecessor-version":[{"id":9412,"href":"https:\/\/edumas.gov.co\/inicio\/wp-json\/wp\/v2\/posts\/9399\/revisions\/9412"}],"wp:featuredmedia":[{"embeddable":true,"href":"https:\/\/edumas.gov.co\/inicio\/wp-json\/wp\/v2\/media\/9409"}],"wp:attachment":[{"href":"https:\/\/edumas.gov.co\/inicio\/wp-json\/wp\/v2\/media?parent=9399"}],"wp:term":[{"taxonomy":"category","embeddable":true,"href":"https:\/\/edumas.gov.co\/inicio\/wp-json\/wp\/v2\/categories?post=9399"},{"taxonomy":"post_tag","embeddable":true,"href":"https:\/\/edumas.gov.co\/inicio\/wp-json\/wp\/v2\/tags?post=9399"}],"curies":[{"name":"wp","href":"https:\/\/api.w.org\/{rel}","templated":true}]}}