{"id":942,"date":"2020-08-06T21:12:00","date_gmt":"2020-08-06T21:12:00","guid":{"rendered":"https:\/\/test.edumas.gov.co\/?p=942"},"modified":"2023-10-17T21:15:06","modified_gmt":"2023-10-17T21:15:06","slug":"edumas-inicia-ciclo-de-mesas-de-trabajo-remotas-para-la-participacion-ciudadana","status":"publish","type":"post","link":"https:\/\/edumas.gov.co\/inicio\/2020\/08\/06\/edumas-inicia-ciclo-de-mesas-de-trabajo-remotas-para-la-participacion-ciudadana\/","title":{"rendered":"Edumas inicia ciclo de mesas de trabajo remotas para la participaci\u00f3n ciudadana"},"content":{"rendered":"\n<p class=\"wp-block-paragraph\">Dado el distanciamiento social y respetando las medidas impuestas por el Gobierno Nacional, el Edumas ide\u00f3 las Mesas Ambientales Comunitarias, M.A.C, con el objetivo de enlazar las comunidades del municipio con la Entidad y de esta manera continuar con los trabajos que se ven\u00edan realizando. Las mesas estar\u00e1n integradas por el gerente Carlos Consuegra; la subgerente ambiental, Clerck Pertuz; el director de Control Urbano, Carlos G\u00f3mez y todo el equipo de comunicaciones del Edumas, quienes trabajar\u00e1n de manera conjunta con los l\u00edderes de las Juntas de Acci\u00f3n Comunal (JAC) de Soledad.<\/p>\n\n\n\n<p class=\"wp-block-paragraph\">El gerente Carlos Consuegra, indic\u00f3 que esta iniciativa coadyuvar\u00e1 a que las comunidades y l\u00edderes comunitarios de los diferentes barrios de Soledad no pierdan el hilo conductual con que se ven\u00eda trabajando fuertemente antes de que la pandemia tomar\u00e1 fuerza en el municipio.<\/p>\n\n\n\n<p class=\"wp-block-paragraph\">Seg\u00fan lo previsto, se estima que el n\u00famero de participantes por mesas sea de entre 20 a 30 l\u00edderes representantes comunales, esto con el fin de brindar la oportunidad a que puedan compartir sus necesidades en materia de limpieza, basuras, cultura ciudadana, arborizaci\u00f3n y espacio p\u00fablico entre otras competencias correspondiente al Edumas.<\/p>\n\n\n\n<p class=\"wp-block-paragraph\">\u201cLa metodolog\u00eda de las mesas est\u00e1 estructurada en tres fases y para unos tres meses de trabajo, donde hoy se comienza con una mesa piloto y en la medida en que tengamos un manejo adecuado de las solicitudes, el tiempo y el orden con que se manejen respecto a sus participantes, estaremos incrementando nuestro trabajo para atender a todos los sectores que hoy padecen alguna necesidad\u201d, asegur\u00f3 Consuegra Primo.<\/p>\n","protected":false},"excerpt":{"rendered":"<p>Dado el distanciamiento social y respetando las medidas impuestas por el Gobierno Nacional, el Edumas ide\u00f3 las Mesas Ambientales Comunitarias, M.A.C, con el objetivo de enlazar las comunidades del municipio con la Entidad y de esta manera continuar con los trabajos que se ven\u00edan realizando. Las mesas estar\u00e1n integradas por el gerente Carlos Consuegra; la [&hellip;]<\/p>\n","protected":false},"author":1,"featured_media":943,"comment_status":"open","ping_status":"open","sticky":false,"template":"","format":"standard","meta":{"footnotes":""},"categories":[26],"tags":[],"class_list":["post-942","post","type-post","status-publish","format-standard","has-post-thumbnail","hentry","category-noticias"],"yoast_head":"<!-- This site is optimized with the Yoast SEO plugin v27.4 - https:\/\/yoast.com\/product\/yoast-seo-wordpress\/ -->\n<title>Edumas inicia ciclo de mesas de trabajo remotas para la participaci\u00f3n ciudadana - Edumas<\/title>\n<meta name=\"robots\" content=\"index, follow, max-snippet:-1, max-image-preview:large, max-video-preview:-1\" \/>\n<link rel=\"canonical\" href=\"https:\/\/edumas.gov.co\/inicio\/2020\/08\/06\/edumas-inicia-ciclo-de-mesas-de-trabajo-remotas-para-la-participacion-ciudadana\/\" \/>\n<meta property=\"og:locale\" content=\"es_ES\" \/>\n<meta property=\"og:type\" content=\"article\" \/>\n<meta property=\"og:title\" content=\"Edumas inicia ciclo de mesas de trabajo remotas para la participaci\u00f3n ciudadana - Edumas\" \/>\n<meta property=\"og:description\" content=\"Dado el distanciamiento social y respetando las medidas impuestas por el Gobierno Nacional, el Edumas ide\u00f3 las Mesas Ambientales Comunitarias, M.A.C, con el objetivo de enlazar las comunidades del municipio con la Entidad y de esta manera continuar con los trabajos que se ven\u00edan realizando. Las mesas estar\u00e1n integradas por el gerente Carlos Consuegra; la [&hellip;]\" \/>\n<meta property=\"og:url\" content=\"https:\/\/edumas.gov.co\/inicio\/2020\/08\/06\/edumas-inicia-ciclo-de-mesas-de-trabajo-remotas-para-la-participacion-ciudadana\/\" \/>\n<meta property=\"og:site_name\" content=\"Edumas\" \/>\n<meta property=\"article:published_time\" content=\"2020-08-06T21:12:00+00:00\" \/>\n<meta property=\"article:modified_time\" content=\"2023-10-17T21:15:06+00:00\" \/>\n<meta property=\"og:image\" content=\"https:\/\/edumas.gov.co\/wp-content\/uploads\/2023\/10\/Edumas-inicia-ciclo-de-mesas-de-trabajo-remotas-para-la-participacion-ciudadana.jpeg\" \/>\n\t<meta property=\"og:image:width\" content=\"1280\" \/>\n\t<meta property=\"og:image:height\" content=\"853\" \/>\n\t<meta property=\"og:image:type\" content=\"image\/jpeg\" \/>\n<meta name=\"author\" content=\"edumas\" \/>\n<meta name=\"twitter:card\" content=\"summary_large_image\" \/>\n<meta name=\"twitter:label1\" content=\"Escrito por\" \/>\n\t<meta name=\"twitter:data1\" content=\"edumas\" \/>\n\t<meta name=\"twitter:label2\" content=\"Tiempo de lectura\" \/>\n\t<meta name=\"twitter:data2\" content=\"1 minuto\" \/>\n<script type=\"application\/ld+json\" class=\"yoast-schema-graph\">{\"@context\":\"https:\\\/\\\/schema.org\",\"@graph\":[{\"@type\":\"Article\",\"@id\":\"https:\\\/\\\/edumas.gov.co\\\/inicio\\\/2020\\\/08\\\/06\\\/edumas-inicia-ciclo-de-mesas-de-trabajo-remotas-para-la-participacion-ciudadana\\\/#article\",\"isPartOf\":{\"@id\":\"https:\\\/\\\/edumas.gov.co\\\/inicio\\\/2020\\\/08\\\/06\\\/edumas-inicia-ciclo-de-mesas-de-trabajo-remotas-para-la-participacion-ciudadana\\\/\"},\"author\":{\"name\":\"edumas\",\"@id\":\"https:\\\/\\\/edumas.gov.co\\\/inicio\\\/#\\\/schema\\\/person\\\/e2e82a662fd06864325b88811079b05a\"},\"headline\":\"Edumas inicia ciclo de mesas de trabajo remotas para la participaci\u00f3n ciudadana\",\"datePublished\":\"2020-08-06T21:12:00+00:00\",\"dateModified\":\"2023-10-17T21:15:06+00:00\",\"mainEntityOfPage\":{\"@id\":\"https:\\\/\\\/edumas.gov.co\\\/inicio\\\/2020\\\/08\\\/06\\\/edumas-inicia-ciclo-de-mesas-de-trabajo-remotas-para-la-participacion-ciudadana\\\/\"},\"wordCount\":282,\"commentCount\":0,\"publisher\":{\"@id\":\"https:\\\/\\\/edumas.gov.co\\\/inicio\\\/#organization\"},\"image\":{\"@id\":\"https:\\\/\\\/edumas.gov.co\\\/inicio\\\/2020\\\/08\\\/06\\\/edumas-inicia-ciclo-de-mesas-de-trabajo-remotas-para-la-participacion-ciudadana\\\/#primaryimage\"},\"thumbnailUrl\":\"https:\\\/\\\/edumas.gov.co\\\/wp-content\\\/uploads\\\/2023\\\/10\\\/Edumas-inicia-ciclo-de-mesas-de-trabajo-remotas-para-la-participacion-ciudadana.jpeg\",\"articleSection\":[\"noticias\"],\"inLanguage\":\"es\",\"potentialAction\":[{\"@type\":\"CommentAction\",\"name\":\"Comment\",\"target\":[\"https:\\\/\\\/edumas.gov.co\\\/inicio\\\/2020\\\/08\\\/06\\\/edumas-inicia-ciclo-de-mesas-de-trabajo-remotas-para-la-participacion-ciudadana\\\/#respond\"]}]},{\"@type\":\"WebPage\",\"@id\":\"https:\\\/\\\/edumas.gov.co\\\/inicio\\\/2020\\\/08\\\/06\\\/edumas-inicia-ciclo-de-mesas-de-trabajo-remotas-para-la-participacion-ciudadana\\\/\",\"url\":\"https:\\\/\\\/edumas.gov.co\\\/inicio\\\/2020\\\/08\\\/06\\\/edumas-inicia-ciclo-de-mesas-de-trabajo-remotas-para-la-participacion-ciudadana\\\/\",\"name\":\"Edumas inicia ciclo de mesas de trabajo remotas para la participaci\u00f3n ciudadana - Edumas\",\"isPartOf\":{\"@id\":\"https:\\\/\\\/edumas.gov.co\\\/inicio\\\/#website\"},\"primaryImageOfPage\":{\"@id\":\"https:\\\/\\\/edumas.gov.co\\\/inicio\\\/2020\\\/08\\\/06\\\/edumas-inicia-ciclo-de-mesas-de-trabajo-remotas-para-la-participacion-ciudadana\\\/#primaryimage\"},\"image\":{\"@id\":\"https:\\\/\\\/edumas.gov.co\\\/inicio\\\/2020\\\/08\\\/06\\\/edumas-inicia-ciclo-de-mesas-de-trabajo-remotas-para-la-participacion-ciudadana\\\/#primaryimage\"},\"thumbnailUrl\":\"https:\\\/\\\/edumas.gov.co\\\/wp-content\\\/uploads\\\/2023\\\/10\\\/Edumas-inicia-ciclo-de-mesas-de-trabajo-remotas-para-la-participacion-ciudadana.jpeg\",\"datePublished\":\"2020-08-06T21:12:00+00:00\",\"dateModified\":\"2023-10-17T21:15:06+00:00\",\"breadcrumb\":{\"@id\":\"https:\\\/\\\/edumas.gov.co\\\/inicio\\\/2020\\\/08\\\/06\\\/edumas-inicia-ciclo-de-mesas-de-trabajo-remotas-para-la-participacion-ciudadana\\\/#breadcrumb\"},\"inLanguage\":\"es\",\"potentialAction\":[{\"@type\":\"ReadAction\",\"target\":[\"https:\\\/\\\/edumas.gov.co\\\/inicio\\\/2020\\\/08\\\/06\\\/edumas-inicia-ciclo-de-mesas-de-trabajo-remotas-para-la-participacion-ciudadana\\\/\"]}]},{\"@type\":\"ImageObject\",\"inLanguage\":\"es\",\"@id\":\"https:\\\/\\\/edumas.gov.co\\\/inicio\\\/2020\\\/08\\\/06\\\/edumas-inicia-ciclo-de-mesas-de-trabajo-remotas-para-la-participacion-ciudadana\\\/#primaryimage\",\"url\":\"https:\\\/\\\/edumas.gov.co\\\/wp-content\\\/uploads\\\/2023\\\/10\\\/Edumas-inicia-ciclo-de-mesas-de-trabajo-remotas-para-la-participacion-ciudadana.jpeg\",\"contentUrl\":\"https:\\\/\\\/edumas.gov.co\\\/wp-content\\\/uploads\\\/2023\\\/10\\\/Edumas-inicia-ciclo-de-mesas-de-trabajo-remotas-para-la-participacion-ciudadana.jpeg\",\"width\":1280,\"height\":853},{\"@type\":\"BreadcrumbList\",\"@id\":\"https:\\\/\\\/edumas.gov.co\\\/inicio\\\/2020\\\/08\\\/06\\\/edumas-inicia-ciclo-de-mesas-de-trabajo-remotas-para-la-participacion-ciudadana\\\/#breadcrumb\",\"itemListElement\":[{\"@type\":\"ListItem\",\"position\":1,\"name\":\"Portada\",\"item\":\"https:\\\/\\\/edumas.gov.co\\\/inicio\\\/\"},{\"@type\":\"ListItem\",\"position\":2,\"name\":\"Edumas inicia ciclo de mesas de trabajo remotas para la participaci\u00f3n ciudadana\"}]},{\"@type\":\"WebSite\",\"@id\":\"https:\\\/\\\/edumas.gov.co\\\/inicio\\\/#website\",\"url\":\"https:\\\/\\\/edumas.gov.co\\\/inicio\\\/\",\"name\":\"Edumas\",\"description\":\"Edumas\",\"publisher\":{\"@id\":\"https:\\\/\\\/edumas.gov.co\\\/inicio\\\/#organization\"},\"potentialAction\":[{\"@type\":\"SearchAction\",\"target\":{\"@type\":\"EntryPoint\",\"urlTemplate\":\"https:\\\/\\\/edumas.gov.co\\\/inicio\\\/?s={search_term_string}\"},\"query-input\":{\"@type\":\"PropertyValueSpecification\",\"valueRequired\":true,\"valueName\":\"search_term_string\"}}],\"inLanguage\":\"es\"},{\"@type\":\"Organization\",\"@id\":\"https:\\\/\\\/edumas.gov.co\\\/inicio\\\/#organization\",\"name\":\"Edumas\",\"url\":\"https:\\\/\\\/edumas.gov.co\\\/inicio\\\/\",\"logo\":{\"@type\":\"ImageObject\",\"inLanguage\":\"es\",\"@id\":\"https:\\\/\\\/edumas.gov.co\\\/inicio\\\/#\\\/schema\\\/logo\\\/image\\\/\",\"url\":\"https:\\\/\\\/edumas.gov.co\\\/wp-content\\\/uploads\\\/2024\\\/10\\\/Perfil-Instagram-PhotoRoom.png-PhotoRoom.png\",\"contentUrl\":\"https:\\\/\\\/edumas.gov.co\\\/wp-content\\\/uploads\\\/2024\\\/10\\\/Perfil-Instagram-PhotoRoom.png-PhotoRoom.png\",\"width\":648,\"height\":233,\"caption\":\"Edumas\"},\"image\":{\"@id\":\"https:\\\/\\\/edumas.gov.co\\\/inicio\\\/#\\\/schema\\\/logo\\\/image\\\/\"}},{\"@type\":\"Person\",\"@id\":\"https:\\\/\\\/edumas.gov.co\\\/inicio\\\/#\\\/schema\\\/person\\\/e2e82a662fd06864325b88811079b05a\",\"name\":\"edumas\",\"image\":{\"@type\":\"ImageObject\",\"inLanguage\":\"es\",\"@id\":\"https:\\\/\\\/edumas.gov.co\\\/wp-content\\\/uploads\\\/2025\\\/03\\\/WhatsApp-Image-2025-03-06-at-12.44.58-PM-150x150.jpeg\",\"url\":\"https:\\\/\\\/edumas.gov.co\\\/wp-content\\\/uploads\\\/2025\\\/03\\\/WhatsApp-Image-2025-03-06-at-12.44.58-PM-150x150.jpeg\",\"contentUrl\":\"https:\\\/\\\/edumas.gov.co\\\/wp-content\\\/uploads\\\/2025\\\/03\\\/WhatsApp-Image-2025-03-06-at-12.44.58-PM-150x150.jpeg\",\"caption\":\"edumas\"},\"sameAs\":[\"https:\\\/\\\/test.edumas.gov.co\"],\"url\":\"https:\\\/\\\/edumas.gov.co\\\/inicio\\\/author\\\/edumas\\\/\"}]}<\/script>\n<!-- \/ Yoast SEO plugin. -->","yoast_head_json":{"title":"Edumas inicia ciclo de mesas de trabajo remotas para la participaci\u00f3n ciudadana - Edumas","robots":{"index":"index","follow":"follow","max-snippet":"max-snippet:-1","max-image-preview":"max-image-preview:large","max-video-preview":"max-video-preview:-1"},"canonical":"https:\/\/edumas.gov.co\/inicio\/2020\/08\/06\/edumas-inicia-ciclo-de-mesas-de-trabajo-remotas-para-la-participacion-ciudadana\/","og_locale":"es_ES","og_type":"article","og_title":"Edumas inicia ciclo de mesas de trabajo remotas para la participaci\u00f3n ciudadana - Edumas","og_description":"Dado el distanciamiento social y respetando las medidas impuestas por el Gobierno Nacional, el Edumas ide\u00f3 las Mesas Ambientales Comunitarias, M.A.C, con el objetivo de enlazar las comunidades del municipio con la Entidad y de esta manera continuar con los trabajos que se ven\u00edan realizando. Las mesas estar\u00e1n integradas por el gerente Carlos Consuegra; la [&hellip;]","og_url":"https:\/\/edumas.gov.co\/inicio\/2020\/08\/06\/edumas-inicia-ciclo-de-mesas-de-trabajo-remotas-para-la-participacion-ciudadana\/","og_site_name":"Edumas","article_published_time":"2020-08-06T21:12:00+00:00","article_modified_time":"2023-10-17T21:15:06+00:00","og_image":[{"width":1280,"height":853,"url":"https:\/\/edumas.gov.co\/wp-content\/uploads\/2023\/10\/Edumas-inicia-ciclo-de-mesas-de-trabajo-remotas-para-la-participacion-ciudadana.jpeg","type":"image\/jpeg"}],"author":"edumas","twitter_card":"summary_large_image","twitter_misc":{"Escrito por":"edumas","Tiempo de lectura":"1 minuto"},"schema":{"@context":"https:\/\/schema.org","@graph":[{"@type":"Article","@id":"https:\/\/edumas.gov.co\/inicio\/2020\/08\/06\/edumas-inicia-ciclo-de-mesas-de-trabajo-remotas-para-la-participacion-ciudadana\/#article","isPartOf":{"@id":"https:\/\/edumas.gov.co\/inicio\/2020\/08\/06\/edumas-inicia-ciclo-de-mesas-de-trabajo-remotas-para-la-participacion-ciudadana\/"},"author":{"name":"edumas","@id":"https:\/\/edumas.gov.co\/inicio\/#\/schema\/person\/e2e82a662fd06864325b88811079b05a"},"headline":"Edumas inicia ciclo de mesas de trabajo remotas para la participaci\u00f3n ciudadana","datePublished":"2020-08-06T21:12:00+00:00","dateModified":"2023-10-17T21:15:06+00:00","mainEntityOfPage":{"@id":"https:\/\/edumas.gov.co\/inicio\/2020\/08\/06\/edumas-inicia-ciclo-de-mesas-de-trabajo-remotas-para-la-participacion-ciudadana\/"},"wordCount":282,"commentCount":0,"publisher":{"@id":"https:\/\/edumas.gov.co\/inicio\/#organization"},"image":{"@id":"https:\/\/edumas.gov.co\/inicio\/2020\/08\/06\/edumas-inicia-ciclo-de-mesas-de-trabajo-remotas-para-la-participacion-ciudadana\/#primaryimage"},"thumbnailUrl":"https:\/\/edumas.gov.co\/wp-content\/uploads\/2023\/10\/Edumas-inicia-ciclo-de-mesas-de-trabajo-remotas-para-la-participacion-ciudadana.jpeg","articleSection":["noticias"],"inLanguage":"es","potentialAction":[{"@type":"CommentAction","name":"Comment","target":["https:\/\/edumas.gov.co\/inicio\/2020\/08\/06\/edumas-inicia-ciclo-de-mesas-de-trabajo-remotas-para-la-participacion-ciudadana\/#respond"]}]},{"@type":"WebPage","@id":"https:\/\/edumas.gov.co\/inicio\/2020\/08\/06\/edumas-inicia-ciclo-de-mesas-de-trabajo-remotas-para-la-participacion-ciudadana\/","url":"https:\/\/edumas.gov.co\/inicio\/2020\/08\/06\/edumas-inicia-ciclo-de-mesas-de-trabajo-remotas-para-la-participacion-ciudadana\/","name":"Edumas inicia ciclo de mesas de trabajo remotas para la participaci\u00f3n ciudadana - Edumas","isPartOf":{"@id":"https:\/\/edumas.gov.co\/inicio\/#website"},"primaryImageOfPage":{"@id":"https:\/\/edumas.gov.co\/inicio\/2020\/08\/06\/edumas-inicia-ciclo-de-mesas-de-trabajo-remotas-para-la-participacion-ciudadana\/#primaryimage"},"image":{"@id":"https:\/\/edumas.gov.co\/inicio\/2020\/08\/06\/edumas-inicia-ciclo-de-mesas-de-trabajo-remotas-para-la-participacion-ciudadana\/#primaryimage"},"thumbnailUrl":"https:\/\/edumas.gov.co\/wp-content\/uploads\/2023\/10\/Edumas-inicia-ciclo-de-mesas-de-trabajo-remotas-para-la-participacion-ciudadana.jpeg","datePublished":"2020-08-06T21:12:00+00:00","dateModified":"2023-10-17T21:15:06+00:00","breadcrumb":{"@id":"https:\/\/edumas.gov.co\/inicio\/2020\/08\/06\/edumas-inicia-ciclo-de-mesas-de-trabajo-remotas-para-la-participacion-ciudadana\/#breadcrumb"},"inLanguage":"es","potentialAction":[{"@type":"ReadAction","target":["https:\/\/edumas.gov.co\/inicio\/2020\/08\/06\/edumas-inicia-ciclo-de-mesas-de-trabajo-remotas-para-la-participacion-ciudadana\/"]}]},{"@type":"ImageObject","inLanguage":"es","@id":"https:\/\/edumas.gov.co\/inicio\/2020\/08\/06\/edumas-inicia-ciclo-de-mesas-de-trabajo-remotas-para-la-participacion-ciudadana\/#primaryimage","url":"https:\/\/edumas.gov.co\/wp-content\/uploads\/2023\/10\/Edumas-inicia-ciclo-de-mesas-de-trabajo-remotas-para-la-participacion-ciudadana.jpeg","contentUrl":"https:\/\/edumas.gov.co\/wp-content\/uploads\/2023\/10\/Edumas-inicia-ciclo-de-mesas-de-trabajo-remotas-para-la-participacion-ciudadana.jpeg","width":1280,"height":853},{"@type":"BreadcrumbList","@id":"https:\/\/edumas.gov.co\/inicio\/2020\/08\/06\/edumas-inicia-ciclo-de-mesas-de-trabajo-remotas-para-la-participacion-ciudadana\/#breadcrumb","itemListElement":[{"@type":"ListItem","position":1,"name":"Portada","item":"https:\/\/edumas.gov.co\/inicio\/"},{"@type":"ListItem","position":2,"name":"Edumas inicia ciclo de mesas de trabajo remotas para la participaci\u00f3n ciudadana"}]},{"@type":"WebSite","@id":"https:\/\/edumas.gov.co\/inicio\/#website","url":"https:\/\/edumas.gov.co\/inicio\/","name":"Edumas","description":"Edumas","publisher":{"@id":"https:\/\/edumas.gov.co\/inicio\/#organization"},"potentialAction":[{"@type":"SearchAction","target":{"@type":"EntryPoint","urlTemplate":"https:\/\/edumas.gov.co\/inicio\/?s={search_term_string}"},"query-input":{"@type":"PropertyValueSpecification","valueRequired":true,"valueName":"search_term_string"}}],"inLanguage":"es"},{"@type":"Organization","@id":"https:\/\/edumas.gov.co\/inicio\/#organization","name":"Edumas","url":"https:\/\/edumas.gov.co\/inicio\/","logo":{"@type":"ImageObject","inLanguage":"es","@id":"https:\/\/edumas.gov.co\/inicio\/#\/schema\/logo\/image\/","url":"https:\/\/edumas.gov.co\/wp-content\/uploads\/2024\/10\/Perfil-Instagram-PhotoRoom.png-PhotoRoom.png","contentUrl":"https:\/\/edumas.gov.co\/wp-content\/uploads\/2024\/10\/Perfil-Instagram-PhotoRoom.png-PhotoRoom.png","width":648,"height":233,"caption":"Edumas"},"image":{"@id":"https:\/\/edumas.gov.co\/inicio\/#\/schema\/logo\/image\/"}},{"@type":"Person","@id":"https:\/\/edumas.gov.co\/inicio\/#\/schema\/person\/e2e82a662fd06864325b88811079b05a","name":"edumas","image":{"@type":"ImageObject","inLanguage":"es","@id":"https:\/\/edumas.gov.co\/wp-content\/uploads\/2025\/03\/WhatsApp-Image-2025-03-06-at-12.44.58-PM-150x150.jpeg","url":"https:\/\/edumas.gov.co\/wp-content\/uploads\/2025\/03\/WhatsApp-Image-2025-03-06-at-12.44.58-PM-150x150.jpeg","contentUrl":"https:\/\/edumas.gov.co\/wp-content\/uploads\/2025\/03\/WhatsApp-Image-2025-03-06-at-12.44.58-PM-150x150.jpeg","caption":"edumas"},"sameAs":["https:\/\/test.edumas.gov.co"],"url":"https:\/\/edumas.gov.co\/inicio\/author\/edumas\/"}]}},"_links":{"self":[{"href":"https:\/\/edumas.gov.co\/inicio\/wp-json\/wp\/v2\/posts\/942","targetHints":{"allow":["GET"]}}],"collection":[{"href":"https:\/\/edumas.gov.co\/inicio\/wp-json\/wp\/v2\/posts"}],"about":[{"href":"https:\/\/edumas.gov.co\/inicio\/wp-json\/wp\/v2\/types\/post"}],"author":[{"embeddable":true,"href":"https:\/\/edumas.gov.co\/inicio\/wp-json\/wp\/v2\/users\/1"}],"replies":[{"embeddable":true,"href":"https:\/\/edumas.gov.co\/inicio\/wp-json\/wp\/v2\/comments?post=942"}],"version-history":[{"count":1,"href":"https:\/\/edumas.gov.co\/inicio\/wp-json\/wp\/v2\/posts\/942\/revisions"}],"predecessor-version":[{"id":944,"href":"https:\/\/edumas.gov.co\/inicio\/wp-json\/wp\/v2\/posts\/942\/revisions\/944"}],"wp:featuredmedia":[{"embeddable":true,"href":"https:\/\/edumas.gov.co\/inicio\/wp-json\/wp\/v2\/media\/943"}],"wp:attachment":[{"href":"https:\/\/edumas.gov.co\/inicio\/wp-json\/wp\/v2\/media?parent=942"}],"wp:term":[{"taxonomy":"category","embeddable":true,"href":"https:\/\/edumas.gov.co\/inicio\/wp-json\/wp\/v2\/categories?post=942"},{"taxonomy":"post_tag","embeddable":true,"href":"https:\/\/edumas.gov.co\/inicio\/wp-json\/wp\/v2\/tags?post=942"}],"curies":[{"name":"wp","href":"https:\/\/api.w.org\/{rel}","templated":true}]}}