{"id":976,"date":"2020-10-06T21:48:00","date_gmt":"2020-10-06T21:48:00","guid":{"rendered":"https:\/\/test.edumas.gov.co\/?p=976"},"modified":"2023-10-17T21:49:59","modified_gmt":"2023-10-17T21:49:59","slug":"edumas-hace-presencia-en-zonas-de-invasion-de-predios-con-el-apoyo-de-la-policia-militar-del-ejercito-nacional","status":"publish","type":"post","link":"https:\/\/edumas.gov.co\/inicio\/2020\/10\/06\/edumas-hace-presencia-en-zonas-de-invasion-de-predios-con-el-apoyo-de-la-policia-militar-del-ejercito-nacional\/","title":{"rendered":"Edumas hace presencia en zonas de invasi\u00f3n de predios con el apoyo de la Polic\u00eda Militar del Ej\u00e9rcito Nacional"},"content":{"rendered":"\n<p class=\"wp-block-paragraph\">Edumas, atendiendo el llamado de la ciudadan\u00eda dio inicio a la estrategia de recuperaci\u00f3n y la implementaci\u00f3n del orden en el espacio p\u00fablico y el medio ambiente del municipio, realizando de esta manera la primera intervenci\u00f3n denominada Plan Ori\u00f3n Verde, en compa\u00f1\u00eda del convoy de la Polic\u00eda Militar del Ej\u00e9rcito Nacional en diferentes sectores de Soledad donde se ven\u00edan presentando apropiaci\u00f3n del bien p\u00fablico de manera clandestina por particulares.<\/p>\n\n\n\n<p class=\"wp-block-paragraph\">La queja la realiz\u00f3 la ciudadan\u00eda como medida para prevenir que estas personas inescrupulosas tomen posesi\u00f3n de estos terrenos y los conviertan en zona de invasi\u00f3n. Carlos Consuegra, gerente del Edumas tom\u00f3 cartas en el asunto y con el apoyo de la fuerza p\u00fablica, en cabeza del Sargento Mayor de la Polic\u00eda Militar, Carlos Alvarado, llegaron a hacerle frente a la situaci\u00f3n. \u201cEl prop\u00f3sito de esta alianza estrat\u00e9gica con el Ej\u00e9rcito Nacional y la Polic\u00eda Militar, es restablecer y recuperar los espacios p\u00fablicos que han sido tomados de manera irregular por particulares\u201d, apunt\u00f3 el gerente quien adem\u00e1s se mostr\u00f3 satisfecho con la presencia de la Polic\u00eda Militar como pieza clave para impartir respeto y seguridad en cada una de estos operativos que se seguir\u00e1n realizando.<\/p>\n\n\n\n<p class=\"wp-block-paragraph\">Los circunvecinos aleda\u00f1os a estas invasiones se mostraron agradecidos con la gesti\u00f3n de la Entidad ya que para ellos esto \u201cpuede resultar un problema a futuro ya que muchas de estas familias pueden ser de dudosa procedencia y en lo que terminan estas invasiones es en el deterioro social de los barrios vecinos\u201d, indic\u00f3 Iveth Camacho, residente del sector.<\/p>\n\n\n\n<p class=\"wp-block-paragraph\">Edumas seguir\u00e1 creando estrategias como estas con la finalidad de coadyuvar a que Soledad se muestre cada d\u00eda m\u00e1s como una ciudad competitiva y organizada.<\/p>\n","protected":false},"excerpt":{"rendered":"<p>Edumas, atendiendo el llamado de la ciudadan\u00eda dio inicio a la estrategia de recuperaci\u00f3n y la implementaci\u00f3n del orden en el espacio p\u00fablico y el medio ambiente del municipio, realizando de esta manera la primera intervenci\u00f3n denominada Plan Ori\u00f3n Verde, en compa\u00f1\u00eda del convoy de la Polic\u00eda Militar del Ej\u00e9rcito Nacional en diferentes sectores de [&hellip;]<\/p>\n","protected":false},"author":1,"featured_media":0,"comment_status":"open","ping_status":"open","sticky":false,"template":"","format":"standard","meta":{"footnotes":""},"categories":[26],"tags":[],"class_list":["post-976","post","type-post","status-publish","format-standard","hentry","category-noticias"],"yoast_head":"<!-- This site is optimized with the Yoast SEO plugin v27.4 - https:\/\/yoast.com\/product\/yoast-seo-wordpress\/ -->\n<title>Edumas hace presencia en zonas de invasi\u00f3n de predios con el apoyo de la Polic\u00eda Militar del Ej\u00e9rcito Nacional - Edumas<\/title>\n<meta name=\"robots\" content=\"index, follow, max-snippet:-1, max-image-preview:large, max-video-preview:-1\" \/>\n<link rel=\"canonical\" href=\"https:\/\/edumas.gov.co\/inicio\/2020\/10\/06\/edumas-hace-presencia-en-zonas-de-invasion-de-predios-con-el-apoyo-de-la-policia-militar-del-ejercito-nacional\/\" \/>\n<meta property=\"og:locale\" content=\"es_ES\" \/>\n<meta property=\"og:type\" content=\"article\" \/>\n<meta property=\"og:title\" content=\"Edumas hace presencia en zonas de invasi\u00f3n de predios con el apoyo de la Polic\u00eda Militar del Ej\u00e9rcito Nacional - Edumas\" \/>\n<meta property=\"og:description\" content=\"Edumas, atendiendo el llamado de la ciudadan\u00eda dio inicio a la estrategia de recuperaci\u00f3n y la implementaci\u00f3n del orden en el espacio p\u00fablico y el medio ambiente del municipio, realizando de esta manera la primera intervenci\u00f3n denominada Plan Ori\u00f3n Verde, en compa\u00f1\u00eda del convoy de la Polic\u00eda Militar del Ej\u00e9rcito Nacional en diferentes sectores de [&hellip;]\" \/>\n<meta property=\"og:url\" content=\"https:\/\/edumas.gov.co\/inicio\/2020\/10\/06\/edumas-hace-presencia-en-zonas-de-invasion-de-predios-con-el-apoyo-de-la-policia-militar-del-ejercito-nacional\/\" \/>\n<meta property=\"og:site_name\" content=\"Edumas\" \/>\n<meta property=\"article:published_time\" content=\"2020-10-06T21:48:00+00:00\" \/>\n<meta property=\"article:modified_time\" content=\"2023-10-17T21:49:59+00:00\" \/>\n<meta name=\"author\" content=\"edumas\" \/>\n<meta name=\"twitter:card\" content=\"summary_large_image\" \/>\n<meta name=\"twitter:label1\" content=\"Escrito por\" \/>\n\t<meta name=\"twitter:data1\" content=\"edumas\" \/>\n\t<meta name=\"twitter:label2\" content=\"Tiempo de lectura\" \/>\n\t<meta name=\"twitter:data2\" content=\"2 minutos\" \/>\n<script type=\"application\/ld+json\" class=\"yoast-schema-graph\">{\"@context\":\"https:\\\/\\\/schema.org\",\"@graph\":[{\"@type\":\"Article\",\"@id\":\"https:\\\/\\\/edumas.gov.co\\\/inicio\\\/2020\\\/10\\\/06\\\/edumas-hace-presencia-en-zonas-de-invasion-de-predios-con-el-apoyo-de-la-policia-militar-del-ejercito-nacional\\\/#article\",\"isPartOf\":{\"@id\":\"https:\\\/\\\/edumas.gov.co\\\/inicio\\\/2020\\\/10\\\/06\\\/edumas-hace-presencia-en-zonas-de-invasion-de-predios-con-el-apoyo-de-la-policia-militar-del-ejercito-nacional\\\/\"},\"author\":{\"name\":\"edumas\",\"@id\":\"https:\\\/\\\/edumas.gov.co\\\/inicio\\\/#\\\/schema\\\/person\\\/e2e82a662fd06864325b88811079b05a\"},\"headline\":\"Edumas hace presencia en zonas de invasi\u00f3n de predios con el apoyo de la Polic\u00eda Militar del Ej\u00e9rcito Nacional\",\"datePublished\":\"2020-10-06T21:48:00+00:00\",\"dateModified\":\"2023-10-17T21:49:59+00:00\",\"mainEntityOfPage\":{\"@id\":\"https:\\\/\\\/edumas.gov.co\\\/inicio\\\/2020\\\/10\\\/06\\\/edumas-hace-presencia-en-zonas-de-invasion-de-predios-con-el-apoyo-de-la-policia-militar-del-ejercito-nacional\\\/\"},\"wordCount\":330,\"commentCount\":0,\"publisher\":{\"@id\":\"https:\\\/\\\/edumas.gov.co\\\/inicio\\\/#organization\"},\"articleSection\":[\"noticias\"],\"inLanguage\":\"es\",\"potentialAction\":[{\"@type\":\"CommentAction\",\"name\":\"Comment\",\"target\":[\"https:\\\/\\\/edumas.gov.co\\\/inicio\\\/2020\\\/10\\\/06\\\/edumas-hace-presencia-en-zonas-de-invasion-de-predios-con-el-apoyo-de-la-policia-militar-del-ejercito-nacional\\\/#respond\"]}]},{\"@type\":\"WebPage\",\"@id\":\"https:\\\/\\\/edumas.gov.co\\\/inicio\\\/2020\\\/10\\\/06\\\/edumas-hace-presencia-en-zonas-de-invasion-de-predios-con-el-apoyo-de-la-policia-militar-del-ejercito-nacional\\\/\",\"url\":\"https:\\\/\\\/edumas.gov.co\\\/inicio\\\/2020\\\/10\\\/06\\\/edumas-hace-presencia-en-zonas-de-invasion-de-predios-con-el-apoyo-de-la-policia-militar-del-ejercito-nacional\\\/\",\"name\":\"Edumas hace presencia en zonas de invasi\u00f3n de predios con el apoyo de la Polic\u00eda Militar del Ej\u00e9rcito Nacional - Edumas\",\"isPartOf\":{\"@id\":\"https:\\\/\\\/edumas.gov.co\\\/inicio\\\/#website\"},\"datePublished\":\"2020-10-06T21:48:00+00:00\",\"dateModified\":\"2023-10-17T21:49:59+00:00\",\"breadcrumb\":{\"@id\":\"https:\\\/\\\/edumas.gov.co\\\/inicio\\\/2020\\\/10\\\/06\\\/edumas-hace-presencia-en-zonas-de-invasion-de-predios-con-el-apoyo-de-la-policia-militar-del-ejercito-nacional\\\/#breadcrumb\"},\"inLanguage\":\"es\",\"potentialAction\":[{\"@type\":\"ReadAction\",\"target\":[\"https:\\\/\\\/edumas.gov.co\\\/inicio\\\/2020\\\/10\\\/06\\\/edumas-hace-presencia-en-zonas-de-invasion-de-predios-con-el-apoyo-de-la-policia-militar-del-ejercito-nacional\\\/\"]}]},{\"@type\":\"BreadcrumbList\",\"@id\":\"https:\\\/\\\/edumas.gov.co\\\/inicio\\\/2020\\\/10\\\/06\\\/edumas-hace-presencia-en-zonas-de-invasion-de-predios-con-el-apoyo-de-la-policia-militar-del-ejercito-nacional\\\/#breadcrumb\",\"itemListElement\":[{\"@type\":\"ListItem\",\"position\":1,\"name\":\"Portada\",\"item\":\"https:\\\/\\\/edumas.gov.co\\\/inicio\\\/\"},{\"@type\":\"ListItem\",\"position\":2,\"name\":\"Edumas hace presencia en zonas de invasi\u00f3n de predios con el apoyo de la Polic\u00eda Militar del Ej\u00e9rcito Nacional\"}]},{\"@type\":\"WebSite\",\"@id\":\"https:\\\/\\\/edumas.gov.co\\\/inicio\\\/#website\",\"url\":\"https:\\\/\\\/edumas.gov.co\\\/inicio\\\/\",\"name\":\"Edumas\",\"description\":\"Edumas\",\"publisher\":{\"@id\":\"https:\\\/\\\/edumas.gov.co\\\/inicio\\\/#organization\"},\"potentialAction\":[{\"@type\":\"SearchAction\",\"target\":{\"@type\":\"EntryPoint\",\"urlTemplate\":\"https:\\\/\\\/edumas.gov.co\\\/inicio\\\/?s={search_term_string}\"},\"query-input\":{\"@type\":\"PropertyValueSpecification\",\"valueRequired\":true,\"valueName\":\"search_term_string\"}}],\"inLanguage\":\"es\"},{\"@type\":\"Organization\",\"@id\":\"https:\\\/\\\/edumas.gov.co\\\/inicio\\\/#organization\",\"name\":\"Edumas\",\"url\":\"https:\\\/\\\/edumas.gov.co\\\/inicio\\\/\",\"logo\":{\"@type\":\"ImageObject\",\"inLanguage\":\"es\",\"@id\":\"https:\\\/\\\/edumas.gov.co\\\/inicio\\\/#\\\/schema\\\/logo\\\/image\\\/\",\"url\":\"https:\\\/\\\/edumas.gov.co\\\/wp-content\\\/uploads\\\/2024\\\/10\\\/Perfil-Instagram-PhotoRoom.png-PhotoRoom.png\",\"contentUrl\":\"https:\\\/\\\/edumas.gov.co\\\/wp-content\\\/uploads\\\/2024\\\/10\\\/Perfil-Instagram-PhotoRoom.png-PhotoRoom.png\",\"width\":648,\"height\":233,\"caption\":\"Edumas\"},\"image\":{\"@id\":\"https:\\\/\\\/edumas.gov.co\\\/inicio\\\/#\\\/schema\\\/logo\\\/image\\\/\"}},{\"@type\":\"Person\",\"@id\":\"https:\\\/\\\/edumas.gov.co\\\/inicio\\\/#\\\/schema\\\/person\\\/e2e82a662fd06864325b88811079b05a\",\"name\":\"edumas\",\"image\":{\"@type\":\"ImageObject\",\"inLanguage\":\"es\",\"@id\":\"https:\\\/\\\/edumas.gov.co\\\/wp-content\\\/uploads\\\/2025\\\/03\\\/WhatsApp-Image-2025-03-06-at-12.44.58-PM-150x150.jpeg\",\"url\":\"https:\\\/\\\/edumas.gov.co\\\/wp-content\\\/uploads\\\/2025\\\/03\\\/WhatsApp-Image-2025-03-06-at-12.44.58-PM-150x150.jpeg\",\"contentUrl\":\"https:\\\/\\\/edumas.gov.co\\\/wp-content\\\/uploads\\\/2025\\\/03\\\/WhatsApp-Image-2025-03-06-at-12.44.58-PM-150x150.jpeg\",\"caption\":\"edumas\"},\"sameAs\":[\"https:\\\/\\\/test.edumas.gov.co\"],\"url\":\"https:\\\/\\\/edumas.gov.co\\\/inicio\\\/author\\\/edumas\\\/\"}]}<\/script>\n<!-- \/ Yoast SEO plugin. -->","yoast_head_json":{"title":"Edumas hace presencia en zonas de invasi\u00f3n de predios con el apoyo de la Polic\u00eda Militar del Ej\u00e9rcito Nacional - Edumas","robots":{"index":"index","follow":"follow","max-snippet":"max-snippet:-1","max-image-preview":"max-image-preview:large","max-video-preview":"max-video-preview:-1"},"canonical":"https:\/\/edumas.gov.co\/inicio\/2020\/10\/06\/edumas-hace-presencia-en-zonas-de-invasion-de-predios-con-el-apoyo-de-la-policia-militar-del-ejercito-nacional\/","og_locale":"es_ES","og_type":"article","og_title":"Edumas hace presencia en zonas de invasi\u00f3n de predios con el apoyo de la Polic\u00eda Militar del Ej\u00e9rcito Nacional - Edumas","og_description":"Edumas, atendiendo el llamado de la ciudadan\u00eda dio inicio a la estrategia de recuperaci\u00f3n y la implementaci\u00f3n del orden en el espacio p\u00fablico y el medio ambiente del municipio, realizando de esta manera la primera intervenci\u00f3n denominada Plan Ori\u00f3n Verde, en compa\u00f1\u00eda del convoy de la Polic\u00eda Militar del Ej\u00e9rcito Nacional en diferentes sectores de [&hellip;]","og_url":"https:\/\/edumas.gov.co\/inicio\/2020\/10\/06\/edumas-hace-presencia-en-zonas-de-invasion-de-predios-con-el-apoyo-de-la-policia-militar-del-ejercito-nacional\/","og_site_name":"Edumas","article_published_time":"2020-10-06T21:48:00+00:00","article_modified_time":"2023-10-17T21:49:59+00:00","author":"edumas","twitter_card":"summary_large_image","twitter_misc":{"Escrito por":"edumas","Tiempo de lectura":"2 minutos"},"schema":{"@context":"https:\/\/schema.org","@graph":[{"@type":"Article","@id":"https:\/\/edumas.gov.co\/inicio\/2020\/10\/06\/edumas-hace-presencia-en-zonas-de-invasion-de-predios-con-el-apoyo-de-la-policia-militar-del-ejercito-nacional\/#article","isPartOf":{"@id":"https:\/\/edumas.gov.co\/inicio\/2020\/10\/06\/edumas-hace-presencia-en-zonas-de-invasion-de-predios-con-el-apoyo-de-la-policia-militar-del-ejercito-nacional\/"},"author":{"name":"edumas","@id":"https:\/\/edumas.gov.co\/inicio\/#\/schema\/person\/e2e82a662fd06864325b88811079b05a"},"headline":"Edumas hace presencia en zonas de invasi\u00f3n de predios con el apoyo de la Polic\u00eda Militar del Ej\u00e9rcito Nacional","datePublished":"2020-10-06T21:48:00+00:00","dateModified":"2023-10-17T21:49:59+00:00","mainEntityOfPage":{"@id":"https:\/\/edumas.gov.co\/inicio\/2020\/10\/06\/edumas-hace-presencia-en-zonas-de-invasion-de-predios-con-el-apoyo-de-la-policia-militar-del-ejercito-nacional\/"},"wordCount":330,"commentCount":0,"publisher":{"@id":"https:\/\/edumas.gov.co\/inicio\/#organization"},"articleSection":["noticias"],"inLanguage":"es","potentialAction":[{"@type":"CommentAction","name":"Comment","target":["https:\/\/edumas.gov.co\/inicio\/2020\/10\/06\/edumas-hace-presencia-en-zonas-de-invasion-de-predios-con-el-apoyo-de-la-policia-militar-del-ejercito-nacional\/#respond"]}]},{"@type":"WebPage","@id":"https:\/\/edumas.gov.co\/inicio\/2020\/10\/06\/edumas-hace-presencia-en-zonas-de-invasion-de-predios-con-el-apoyo-de-la-policia-militar-del-ejercito-nacional\/","url":"https:\/\/edumas.gov.co\/inicio\/2020\/10\/06\/edumas-hace-presencia-en-zonas-de-invasion-de-predios-con-el-apoyo-de-la-policia-militar-del-ejercito-nacional\/","name":"Edumas hace presencia en zonas de invasi\u00f3n de predios con el apoyo de la Polic\u00eda Militar del Ej\u00e9rcito Nacional - Edumas","isPartOf":{"@id":"https:\/\/edumas.gov.co\/inicio\/#website"},"datePublished":"2020-10-06T21:48:00+00:00","dateModified":"2023-10-17T21:49:59+00:00","breadcrumb":{"@id":"https:\/\/edumas.gov.co\/inicio\/2020\/10\/06\/edumas-hace-presencia-en-zonas-de-invasion-de-predios-con-el-apoyo-de-la-policia-militar-del-ejercito-nacional\/#breadcrumb"},"inLanguage":"es","potentialAction":[{"@type":"ReadAction","target":["https:\/\/edumas.gov.co\/inicio\/2020\/10\/06\/edumas-hace-presencia-en-zonas-de-invasion-de-predios-con-el-apoyo-de-la-policia-militar-del-ejercito-nacional\/"]}]},{"@type":"BreadcrumbList","@id":"https:\/\/edumas.gov.co\/inicio\/2020\/10\/06\/edumas-hace-presencia-en-zonas-de-invasion-de-predios-con-el-apoyo-de-la-policia-militar-del-ejercito-nacional\/#breadcrumb","itemListElement":[{"@type":"ListItem","position":1,"name":"Portada","item":"https:\/\/edumas.gov.co\/inicio\/"},{"@type":"ListItem","position":2,"name":"Edumas hace presencia en zonas de invasi\u00f3n de predios con el apoyo de la Polic\u00eda Militar del Ej\u00e9rcito Nacional"}]},{"@type":"WebSite","@id":"https:\/\/edumas.gov.co\/inicio\/#website","url":"https:\/\/edumas.gov.co\/inicio\/","name":"Edumas","description":"Edumas","publisher":{"@id":"https:\/\/edumas.gov.co\/inicio\/#organization"},"potentialAction":[{"@type":"SearchAction","target":{"@type":"EntryPoint","urlTemplate":"https:\/\/edumas.gov.co\/inicio\/?s={search_term_string}"},"query-input":{"@type":"PropertyValueSpecification","valueRequired":true,"valueName":"search_term_string"}}],"inLanguage":"es"},{"@type":"Organization","@id":"https:\/\/edumas.gov.co\/inicio\/#organization","name":"Edumas","url":"https:\/\/edumas.gov.co\/inicio\/","logo":{"@type":"ImageObject","inLanguage":"es","@id":"https:\/\/edumas.gov.co\/inicio\/#\/schema\/logo\/image\/","url":"https:\/\/edumas.gov.co\/wp-content\/uploads\/2024\/10\/Perfil-Instagram-PhotoRoom.png-PhotoRoom.png","contentUrl":"https:\/\/edumas.gov.co\/wp-content\/uploads\/2024\/10\/Perfil-Instagram-PhotoRoom.png-PhotoRoom.png","width":648,"height":233,"caption":"Edumas"},"image":{"@id":"https:\/\/edumas.gov.co\/inicio\/#\/schema\/logo\/image\/"}},{"@type":"Person","@id":"https:\/\/edumas.gov.co\/inicio\/#\/schema\/person\/e2e82a662fd06864325b88811079b05a","name":"edumas","image":{"@type":"ImageObject","inLanguage":"es","@id":"https:\/\/edumas.gov.co\/wp-content\/uploads\/2025\/03\/WhatsApp-Image-2025-03-06-at-12.44.58-PM-150x150.jpeg","url":"https:\/\/edumas.gov.co\/wp-content\/uploads\/2025\/03\/WhatsApp-Image-2025-03-06-at-12.44.58-PM-150x150.jpeg","contentUrl":"https:\/\/edumas.gov.co\/wp-content\/uploads\/2025\/03\/WhatsApp-Image-2025-03-06-at-12.44.58-PM-150x150.jpeg","caption":"edumas"},"sameAs":["https:\/\/test.edumas.gov.co"],"url":"https:\/\/edumas.gov.co\/inicio\/author\/edumas\/"}]}},"_links":{"self":[{"href":"https:\/\/edumas.gov.co\/inicio\/wp-json\/wp\/v2\/posts\/976","targetHints":{"allow":["GET"]}}],"collection":[{"href":"https:\/\/edumas.gov.co\/inicio\/wp-json\/wp\/v2\/posts"}],"about":[{"href":"https:\/\/edumas.gov.co\/inicio\/wp-json\/wp\/v2\/types\/post"}],"author":[{"embeddable":true,"href":"https:\/\/edumas.gov.co\/inicio\/wp-json\/wp\/v2\/users\/1"}],"replies":[{"embeddable":true,"href":"https:\/\/edumas.gov.co\/inicio\/wp-json\/wp\/v2\/comments?post=976"}],"version-history":[{"count":1,"href":"https:\/\/edumas.gov.co\/inicio\/wp-json\/wp\/v2\/posts\/976\/revisions"}],"predecessor-version":[{"id":977,"href":"https:\/\/edumas.gov.co\/inicio\/wp-json\/wp\/v2\/posts\/976\/revisions\/977"}],"wp:attachment":[{"href":"https:\/\/edumas.gov.co\/inicio\/wp-json\/wp\/v2\/media?parent=976"}],"wp:term":[{"taxonomy":"category","embeddable":true,"href":"https:\/\/edumas.gov.co\/inicio\/wp-json\/wp\/v2\/categories?post=976"},{"taxonomy":"post_tag","embeddable":true,"href":"https:\/\/edumas.gov.co\/inicio\/wp-json\/wp\/v2\/tags?post=976"}],"curies":[{"name":"wp","href":"https:\/\/api.w.org\/{rel}","templated":true}]}}