{"id":978,"date":"2020-10-16T21:50:00","date_gmt":"2020-10-16T21:50:00","guid":{"rendered":"https:\/\/test.edumas.gov.co\/?p=978"},"modified":"2023-10-17T21:51:36","modified_gmt":"2023-10-17T21:51:36","slug":"unidad-medica-del-hospital-materno-infantil-de-soledad-realizo-pruebas-del-covid-19-a-trabajadores-de-edumas","status":"publish","type":"post","link":"https:\/\/edumas.gov.co\/inicio\/2020\/10\/16\/unidad-medica-del-hospital-materno-infantil-de-soledad-realizo-pruebas-del-covid-19-a-trabajadores-de-edumas\/","title":{"rendered":"Unidad m\u00e9dica del Hospital Materno Infantil de Soledad realiz\u00f3 pruebas del Covid-19 a trabajadores de Edumas"},"content":{"rendered":"\n<p class=\"wp-block-paragraph\">Como medidas para evitar la propagaci\u00f3n de virus Covid-19 el Edumas, en un acto de responsabilidad social y contribuyendo con la reducci\u00f3n del margen de contagios sigue a cabalidad los lineamientos del Ministerio de Salud haciendo las respectivas pruebas peri\u00f3dicas a todos los empleados y contratistas que d\u00eda a d\u00eda salen a las calles de Soledad cumplir con sus deberes. Nuestro compromiso es con la salud de todos y es por ello que en el d\u00eda de ayer la unidad m\u00e9dica del Hospital Materno Infantil coordinada por la Secretar\u00eda de Salud de Soledad se traslad\u00f3 hasta las instalaciones de la Entidad para realizar las pruebas pertinentes.<\/p>\n","protected":false},"excerpt":{"rendered":"<p>Como medidas para evitar la propagaci\u00f3n de virus Covid-19 el Edumas, en un acto de responsabilidad social y contribuyendo con la reducci\u00f3n del margen de contagios sigue a cabalidad los lineamientos del Ministerio de Salud haciendo las respectivas pruebas peri\u00f3dicas a todos los empleados y contratistas que d\u00eda a d\u00eda salen a las calles de [&hellip;]<\/p>\n","protected":false},"author":1,"featured_media":979,"comment_status":"open","ping_status":"open","sticky":false,"template":"","format":"standard","meta":{"footnotes":""},"categories":[26],"tags":[],"class_list":["post-978","post","type-post","status-publish","format-standard","has-post-thumbnail","hentry","category-noticias"],"yoast_head":"<!-- This site is optimized with the Yoast SEO plugin v27.4 - https:\/\/yoast.com\/product\/yoast-seo-wordpress\/ -->\n<title>Unidad m\u00e9dica del Hospital Materno Infantil de Soledad realiz\u00f3 pruebas del Covid-19 a trabajadores de Edumas - Edumas<\/title>\n<meta name=\"robots\" content=\"index, follow, max-snippet:-1, max-image-preview:large, max-video-preview:-1\" \/>\n<link rel=\"canonical\" href=\"https:\/\/edumas.gov.co\/inicio\/2020\/10\/16\/unidad-medica-del-hospital-materno-infantil-de-soledad-realizo-pruebas-del-covid-19-a-trabajadores-de-edumas\/\" \/>\n<meta property=\"og:locale\" content=\"es_ES\" \/>\n<meta property=\"og:type\" content=\"article\" \/>\n<meta property=\"og:title\" content=\"Unidad m\u00e9dica del Hospital Materno Infantil de Soledad realiz\u00f3 pruebas del Covid-19 a trabajadores de Edumas - Edumas\" \/>\n<meta property=\"og:description\" content=\"Como medidas para evitar la propagaci\u00f3n de virus Covid-19 el Edumas, en un acto de responsabilidad social y contribuyendo con la reducci\u00f3n del margen de contagios sigue a cabalidad los lineamientos del Ministerio de Salud haciendo las respectivas pruebas peri\u00f3dicas a todos los empleados y contratistas que d\u00eda a d\u00eda salen a las calles de [&hellip;]\" \/>\n<meta property=\"og:url\" content=\"https:\/\/edumas.gov.co\/inicio\/2020\/10\/16\/unidad-medica-del-hospital-materno-infantil-de-soledad-realizo-pruebas-del-covid-19-a-trabajadores-de-edumas\/\" \/>\n<meta property=\"og:site_name\" content=\"Edumas\" \/>\n<meta property=\"article:published_time\" content=\"2020-10-16T21:50:00+00:00\" \/>\n<meta property=\"article:modified_time\" content=\"2023-10-17T21:51:36+00:00\" \/>\n<meta property=\"og:image\" content=\"https:\/\/edumas.gov.co\/wp-content\/uploads\/2023\/10\/Unidad-medica-del-hospital-materno-infantil-de-soledad.jpg\" \/>\n\t<meta property=\"og:image:width\" content=\"1280\" \/>\n\t<meta property=\"og:image:height\" content=\"1008\" \/>\n\t<meta property=\"og:image:type\" content=\"image\/jpeg\" \/>\n<meta name=\"author\" content=\"edumas\" \/>\n<meta name=\"twitter:card\" content=\"summary_large_image\" \/>\n<meta name=\"twitter:label1\" content=\"Escrito por\" \/>\n\t<meta name=\"twitter:data1\" content=\"edumas\" \/>\n\t<meta name=\"twitter:label2\" content=\"Tiempo de lectura\" \/>\n\t<meta name=\"twitter:data2\" content=\"1 minuto\" \/>\n<script type=\"application\/ld+json\" class=\"yoast-schema-graph\">{\"@context\":\"https:\\\/\\\/schema.org\",\"@graph\":[{\"@type\":\"Article\",\"@id\":\"https:\\\/\\\/edumas.gov.co\\\/inicio\\\/2020\\\/10\\\/16\\\/unidad-medica-del-hospital-materno-infantil-de-soledad-realizo-pruebas-del-covid-19-a-trabajadores-de-edumas\\\/#article\",\"isPartOf\":{\"@id\":\"https:\\\/\\\/edumas.gov.co\\\/inicio\\\/2020\\\/10\\\/16\\\/unidad-medica-del-hospital-materno-infantil-de-soledad-realizo-pruebas-del-covid-19-a-trabajadores-de-edumas\\\/\"},\"author\":{\"name\":\"edumas\",\"@id\":\"https:\\\/\\\/edumas.gov.co\\\/inicio\\\/#\\\/schema\\\/person\\\/e2e82a662fd06864325b88811079b05a\"},\"headline\":\"Unidad m\u00e9dica del Hospital Materno Infantil de Soledad realiz\u00f3 pruebas del Covid-19 a trabajadores de Edumas\",\"datePublished\":\"2020-10-16T21:50:00+00:00\",\"dateModified\":\"2023-10-17T21:51:36+00:00\",\"mainEntityOfPage\":{\"@id\":\"https:\\\/\\\/edumas.gov.co\\\/inicio\\\/2020\\\/10\\\/16\\\/unidad-medica-del-hospital-materno-infantil-de-soledad-realizo-pruebas-del-covid-19-a-trabajadores-de-edumas\\\/\"},\"wordCount\":131,\"commentCount\":0,\"publisher\":{\"@id\":\"https:\\\/\\\/edumas.gov.co\\\/inicio\\\/#organization\"},\"image\":{\"@id\":\"https:\\\/\\\/edumas.gov.co\\\/inicio\\\/2020\\\/10\\\/16\\\/unidad-medica-del-hospital-materno-infantil-de-soledad-realizo-pruebas-del-covid-19-a-trabajadores-de-edumas\\\/#primaryimage\"},\"thumbnailUrl\":\"https:\\\/\\\/edumas.gov.co\\\/wp-content\\\/uploads\\\/2023\\\/10\\\/Unidad-medica-del-hospital-materno-infantil-de-soledad.jpg\",\"articleSection\":[\"noticias\"],\"inLanguage\":\"es\",\"potentialAction\":[{\"@type\":\"CommentAction\",\"name\":\"Comment\",\"target\":[\"https:\\\/\\\/edumas.gov.co\\\/inicio\\\/2020\\\/10\\\/16\\\/unidad-medica-del-hospital-materno-infantil-de-soledad-realizo-pruebas-del-covid-19-a-trabajadores-de-edumas\\\/#respond\"]}]},{\"@type\":\"WebPage\",\"@id\":\"https:\\\/\\\/edumas.gov.co\\\/inicio\\\/2020\\\/10\\\/16\\\/unidad-medica-del-hospital-materno-infantil-de-soledad-realizo-pruebas-del-covid-19-a-trabajadores-de-edumas\\\/\",\"url\":\"https:\\\/\\\/edumas.gov.co\\\/inicio\\\/2020\\\/10\\\/16\\\/unidad-medica-del-hospital-materno-infantil-de-soledad-realizo-pruebas-del-covid-19-a-trabajadores-de-edumas\\\/\",\"name\":\"Unidad m\u00e9dica del Hospital Materno Infantil de Soledad realiz\u00f3 pruebas del Covid-19 a trabajadores de Edumas - Edumas\",\"isPartOf\":{\"@id\":\"https:\\\/\\\/edumas.gov.co\\\/inicio\\\/#website\"},\"primaryImageOfPage\":{\"@id\":\"https:\\\/\\\/edumas.gov.co\\\/inicio\\\/2020\\\/10\\\/16\\\/unidad-medica-del-hospital-materno-infantil-de-soledad-realizo-pruebas-del-covid-19-a-trabajadores-de-edumas\\\/#primaryimage\"},\"image\":{\"@id\":\"https:\\\/\\\/edumas.gov.co\\\/inicio\\\/2020\\\/10\\\/16\\\/unidad-medica-del-hospital-materno-infantil-de-soledad-realizo-pruebas-del-covid-19-a-trabajadores-de-edumas\\\/#primaryimage\"},\"thumbnailUrl\":\"https:\\\/\\\/edumas.gov.co\\\/wp-content\\\/uploads\\\/2023\\\/10\\\/Unidad-medica-del-hospital-materno-infantil-de-soledad.jpg\",\"datePublished\":\"2020-10-16T21:50:00+00:00\",\"dateModified\":\"2023-10-17T21:51:36+00:00\",\"breadcrumb\":{\"@id\":\"https:\\\/\\\/edumas.gov.co\\\/inicio\\\/2020\\\/10\\\/16\\\/unidad-medica-del-hospital-materno-infantil-de-soledad-realizo-pruebas-del-covid-19-a-trabajadores-de-edumas\\\/#breadcrumb\"},\"inLanguage\":\"es\",\"potentialAction\":[{\"@type\":\"ReadAction\",\"target\":[\"https:\\\/\\\/edumas.gov.co\\\/inicio\\\/2020\\\/10\\\/16\\\/unidad-medica-del-hospital-materno-infantil-de-soledad-realizo-pruebas-del-covid-19-a-trabajadores-de-edumas\\\/\"]}]},{\"@type\":\"ImageObject\",\"inLanguage\":\"es\",\"@id\":\"https:\\\/\\\/edumas.gov.co\\\/inicio\\\/2020\\\/10\\\/16\\\/unidad-medica-del-hospital-materno-infantil-de-soledad-realizo-pruebas-del-covid-19-a-trabajadores-de-edumas\\\/#primaryimage\",\"url\":\"https:\\\/\\\/edumas.gov.co\\\/wp-content\\\/uploads\\\/2023\\\/10\\\/Unidad-medica-del-hospital-materno-infantil-de-soledad.jpg\",\"contentUrl\":\"https:\\\/\\\/edumas.gov.co\\\/wp-content\\\/uploads\\\/2023\\\/10\\\/Unidad-medica-del-hospital-materno-infantil-de-soledad.jpg\",\"width\":1280,\"height\":1008},{\"@type\":\"BreadcrumbList\",\"@id\":\"https:\\\/\\\/edumas.gov.co\\\/inicio\\\/2020\\\/10\\\/16\\\/unidad-medica-del-hospital-materno-infantil-de-soledad-realizo-pruebas-del-covid-19-a-trabajadores-de-edumas\\\/#breadcrumb\",\"itemListElement\":[{\"@type\":\"ListItem\",\"position\":1,\"name\":\"Portada\",\"item\":\"https:\\\/\\\/edumas.gov.co\\\/inicio\\\/\"},{\"@type\":\"ListItem\",\"position\":2,\"name\":\"Unidad m\u00e9dica del Hospital Materno Infantil de Soledad realiz\u00f3 pruebas del Covid-19 a trabajadores de Edumas\"}]},{\"@type\":\"WebSite\",\"@id\":\"https:\\\/\\\/edumas.gov.co\\\/inicio\\\/#website\",\"url\":\"https:\\\/\\\/edumas.gov.co\\\/inicio\\\/\",\"name\":\"Edumas\",\"description\":\"Edumas\",\"publisher\":{\"@id\":\"https:\\\/\\\/edumas.gov.co\\\/inicio\\\/#organization\"},\"potentialAction\":[{\"@type\":\"SearchAction\",\"target\":{\"@type\":\"EntryPoint\",\"urlTemplate\":\"https:\\\/\\\/edumas.gov.co\\\/inicio\\\/?s={search_term_string}\"},\"query-input\":{\"@type\":\"PropertyValueSpecification\",\"valueRequired\":true,\"valueName\":\"search_term_string\"}}],\"inLanguage\":\"es\"},{\"@type\":\"Organization\",\"@id\":\"https:\\\/\\\/edumas.gov.co\\\/inicio\\\/#organization\",\"name\":\"Edumas\",\"url\":\"https:\\\/\\\/edumas.gov.co\\\/inicio\\\/\",\"logo\":{\"@type\":\"ImageObject\",\"inLanguage\":\"es\",\"@id\":\"https:\\\/\\\/edumas.gov.co\\\/inicio\\\/#\\\/schema\\\/logo\\\/image\\\/\",\"url\":\"https:\\\/\\\/edumas.gov.co\\\/wp-content\\\/uploads\\\/2024\\\/10\\\/Perfil-Instagram-PhotoRoom.png-PhotoRoom.png\",\"contentUrl\":\"https:\\\/\\\/edumas.gov.co\\\/wp-content\\\/uploads\\\/2024\\\/10\\\/Perfil-Instagram-PhotoRoom.png-PhotoRoom.png\",\"width\":648,\"height\":233,\"caption\":\"Edumas\"},\"image\":{\"@id\":\"https:\\\/\\\/edumas.gov.co\\\/inicio\\\/#\\\/schema\\\/logo\\\/image\\\/\"}},{\"@type\":\"Person\",\"@id\":\"https:\\\/\\\/edumas.gov.co\\\/inicio\\\/#\\\/schema\\\/person\\\/e2e82a662fd06864325b88811079b05a\",\"name\":\"edumas\",\"image\":{\"@type\":\"ImageObject\",\"inLanguage\":\"es\",\"@id\":\"https:\\\/\\\/edumas.gov.co\\\/wp-content\\\/uploads\\\/2025\\\/03\\\/WhatsApp-Image-2025-03-06-at-12.44.58-PM-150x150.jpeg\",\"url\":\"https:\\\/\\\/edumas.gov.co\\\/wp-content\\\/uploads\\\/2025\\\/03\\\/WhatsApp-Image-2025-03-06-at-12.44.58-PM-150x150.jpeg\",\"contentUrl\":\"https:\\\/\\\/edumas.gov.co\\\/wp-content\\\/uploads\\\/2025\\\/03\\\/WhatsApp-Image-2025-03-06-at-12.44.58-PM-150x150.jpeg\",\"caption\":\"edumas\"},\"sameAs\":[\"https:\\\/\\\/test.edumas.gov.co\"],\"url\":\"https:\\\/\\\/edumas.gov.co\\\/inicio\\\/author\\\/edumas\\\/\"}]}<\/script>\n<!-- \/ Yoast SEO plugin. -->","yoast_head_json":{"title":"Unidad m\u00e9dica del Hospital Materno Infantil de Soledad realiz\u00f3 pruebas del Covid-19 a trabajadores de Edumas - Edumas","robots":{"index":"index","follow":"follow","max-snippet":"max-snippet:-1","max-image-preview":"max-image-preview:large","max-video-preview":"max-video-preview:-1"},"canonical":"https:\/\/edumas.gov.co\/inicio\/2020\/10\/16\/unidad-medica-del-hospital-materno-infantil-de-soledad-realizo-pruebas-del-covid-19-a-trabajadores-de-edumas\/","og_locale":"es_ES","og_type":"article","og_title":"Unidad m\u00e9dica del Hospital Materno Infantil de Soledad realiz\u00f3 pruebas del Covid-19 a trabajadores de Edumas - Edumas","og_description":"Como medidas para evitar la propagaci\u00f3n de virus Covid-19 el Edumas, en un acto de responsabilidad social y contribuyendo con la reducci\u00f3n del margen de contagios sigue a cabalidad los lineamientos del Ministerio de Salud haciendo las respectivas pruebas peri\u00f3dicas a todos los empleados y contratistas que d\u00eda a d\u00eda salen a las calles de [&hellip;]","og_url":"https:\/\/edumas.gov.co\/inicio\/2020\/10\/16\/unidad-medica-del-hospital-materno-infantil-de-soledad-realizo-pruebas-del-covid-19-a-trabajadores-de-edumas\/","og_site_name":"Edumas","article_published_time":"2020-10-16T21:50:00+00:00","article_modified_time":"2023-10-17T21:51:36+00:00","og_image":[{"width":1280,"height":1008,"url":"https:\/\/edumas.gov.co\/wp-content\/uploads\/2023\/10\/Unidad-medica-del-hospital-materno-infantil-de-soledad.jpg","type":"image\/jpeg"}],"author":"edumas","twitter_card":"summary_large_image","twitter_misc":{"Escrito por":"edumas","Tiempo de lectura":"1 minuto"},"schema":{"@context":"https:\/\/schema.org","@graph":[{"@type":"Article","@id":"https:\/\/edumas.gov.co\/inicio\/2020\/10\/16\/unidad-medica-del-hospital-materno-infantil-de-soledad-realizo-pruebas-del-covid-19-a-trabajadores-de-edumas\/#article","isPartOf":{"@id":"https:\/\/edumas.gov.co\/inicio\/2020\/10\/16\/unidad-medica-del-hospital-materno-infantil-de-soledad-realizo-pruebas-del-covid-19-a-trabajadores-de-edumas\/"},"author":{"name":"edumas","@id":"https:\/\/edumas.gov.co\/inicio\/#\/schema\/person\/e2e82a662fd06864325b88811079b05a"},"headline":"Unidad m\u00e9dica del Hospital Materno Infantil de Soledad realiz\u00f3 pruebas del Covid-19 a trabajadores de Edumas","datePublished":"2020-10-16T21:50:00+00:00","dateModified":"2023-10-17T21:51:36+00:00","mainEntityOfPage":{"@id":"https:\/\/edumas.gov.co\/inicio\/2020\/10\/16\/unidad-medica-del-hospital-materno-infantil-de-soledad-realizo-pruebas-del-covid-19-a-trabajadores-de-edumas\/"},"wordCount":131,"commentCount":0,"publisher":{"@id":"https:\/\/edumas.gov.co\/inicio\/#organization"},"image":{"@id":"https:\/\/edumas.gov.co\/inicio\/2020\/10\/16\/unidad-medica-del-hospital-materno-infantil-de-soledad-realizo-pruebas-del-covid-19-a-trabajadores-de-edumas\/#primaryimage"},"thumbnailUrl":"https:\/\/edumas.gov.co\/wp-content\/uploads\/2023\/10\/Unidad-medica-del-hospital-materno-infantil-de-soledad.jpg","articleSection":["noticias"],"inLanguage":"es","potentialAction":[{"@type":"CommentAction","name":"Comment","target":["https:\/\/edumas.gov.co\/inicio\/2020\/10\/16\/unidad-medica-del-hospital-materno-infantil-de-soledad-realizo-pruebas-del-covid-19-a-trabajadores-de-edumas\/#respond"]}]},{"@type":"WebPage","@id":"https:\/\/edumas.gov.co\/inicio\/2020\/10\/16\/unidad-medica-del-hospital-materno-infantil-de-soledad-realizo-pruebas-del-covid-19-a-trabajadores-de-edumas\/","url":"https:\/\/edumas.gov.co\/inicio\/2020\/10\/16\/unidad-medica-del-hospital-materno-infantil-de-soledad-realizo-pruebas-del-covid-19-a-trabajadores-de-edumas\/","name":"Unidad m\u00e9dica del Hospital Materno Infantil de Soledad realiz\u00f3 pruebas del Covid-19 a trabajadores de Edumas - Edumas","isPartOf":{"@id":"https:\/\/edumas.gov.co\/inicio\/#website"},"primaryImageOfPage":{"@id":"https:\/\/edumas.gov.co\/inicio\/2020\/10\/16\/unidad-medica-del-hospital-materno-infantil-de-soledad-realizo-pruebas-del-covid-19-a-trabajadores-de-edumas\/#primaryimage"},"image":{"@id":"https:\/\/edumas.gov.co\/inicio\/2020\/10\/16\/unidad-medica-del-hospital-materno-infantil-de-soledad-realizo-pruebas-del-covid-19-a-trabajadores-de-edumas\/#primaryimage"},"thumbnailUrl":"https:\/\/edumas.gov.co\/wp-content\/uploads\/2023\/10\/Unidad-medica-del-hospital-materno-infantil-de-soledad.jpg","datePublished":"2020-10-16T21:50:00+00:00","dateModified":"2023-10-17T21:51:36+00:00","breadcrumb":{"@id":"https:\/\/edumas.gov.co\/inicio\/2020\/10\/16\/unidad-medica-del-hospital-materno-infantil-de-soledad-realizo-pruebas-del-covid-19-a-trabajadores-de-edumas\/#breadcrumb"},"inLanguage":"es","potentialAction":[{"@type":"ReadAction","target":["https:\/\/edumas.gov.co\/inicio\/2020\/10\/16\/unidad-medica-del-hospital-materno-infantil-de-soledad-realizo-pruebas-del-covid-19-a-trabajadores-de-edumas\/"]}]},{"@type":"ImageObject","inLanguage":"es","@id":"https:\/\/edumas.gov.co\/inicio\/2020\/10\/16\/unidad-medica-del-hospital-materno-infantil-de-soledad-realizo-pruebas-del-covid-19-a-trabajadores-de-edumas\/#primaryimage","url":"https:\/\/edumas.gov.co\/wp-content\/uploads\/2023\/10\/Unidad-medica-del-hospital-materno-infantil-de-soledad.jpg","contentUrl":"https:\/\/edumas.gov.co\/wp-content\/uploads\/2023\/10\/Unidad-medica-del-hospital-materno-infantil-de-soledad.jpg","width":1280,"height":1008},{"@type":"BreadcrumbList","@id":"https:\/\/edumas.gov.co\/inicio\/2020\/10\/16\/unidad-medica-del-hospital-materno-infantil-de-soledad-realizo-pruebas-del-covid-19-a-trabajadores-de-edumas\/#breadcrumb","itemListElement":[{"@type":"ListItem","position":1,"name":"Portada","item":"https:\/\/edumas.gov.co\/inicio\/"},{"@type":"ListItem","position":2,"name":"Unidad m\u00e9dica del Hospital Materno Infantil de Soledad realiz\u00f3 pruebas del Covid-19 a trabajadores de Edumas"}]},{"@type":"WebSite","@id":"https:\/\/edumas.gov.co\/inicio\/#website","url":"https:\/\/edumas.gov.co\/inicio\/","name":"Edumas","description":"Edumas","publisher":{"@id":"https:\/\/edumas.gov.co\/inicio\/#organization"},"potentialAction":[{"@type":"SearchAction","target":{"@type":"EntryPoint","urlTemplate":"https:\/\/edumas.gov.co\/inicio\/?s={search_term_string}"},"query-input":{"@type":"PropertyValueSpecification","valueRequired":true,"valueName":"search_term_string"}}],"inLanguage":"es"},{"@type":"Organization","@id":"https:\/\/edumas.gov.co\/inicio\/#organization","name":"Edumas","url":"https:\/\/edumas.gov.co\/inicio\/","logo":{"@type":"ImageObject","inLanguage":"es","@id":"https:\/\/edumas.gov.co\/inicio\/#\/schema\/logo\/image\/","url":"https:\/\/edumas.gov.co\/wp-content\/uploads\/2024\/10\/Perfil-Instagram-PhotoRoom.png-PhotoRoom.png","contentUrl":"https:\/\/edumas.gov.co\/wp-content\/uploads\/2024\/10\/Perfil-Instagram-PhotoRoom.png-PhotoRoom.png","width":648,"height":233,"caption":"Edumas"},"image":{"@id":"https:\/\/edumas.gov.co\/inicio\/#\/schema\/logo\/image\/"}},{"@type":"Person","@id":"https:\/\/edumas.gov.co\/inicio\/#\/schema\/person\/e2e82a662fd06864325b88811079b05a","name":"edumas","image":{"@type":"ImageObject","inLanguage":"es","@id":"https:\/\/edumas.gov.co\/wp-content\/uploads\/2025\/03\/WhatsApp-Image-2025-03-06-at-12.44.58-PM-150x150.jpeg","url":"https:\/\/edumas.gov.co\/wp-content\/uploads\/2025\/03\/WhatsApp-Image-2025-03-06-at-12.44.58-PM-150x150.jpeg","contentUrl":"https:\/\/edumas.gov.co\/wp-content\/uploads\/2025\/03\/WhatsApp-Image-2025-03-06-at-12.44.58-PM-150x150.jpeg","caption":"edumas"},"sameAs":["https:\/\/test.edumas.gov.co"],"url":"https:\/\/edumas.gov.co\/inicio\/author\/edumas\/"}]}},"_links":{"self":[{"href":"https:\/\/edumas.gov.co\/inicio\/wp-json\/wp\/v2\/posts\/978","targetHints":{"allow":["GET"]}}],"collection":[{"href":"https:\/\/edumas.gov.co\/inicio\/wp-json\/wp\/v2\/posts"}],"about":[{"href":"https:\/\/edumas.gov.co\/inicio\/wp-json\/wp\/v2\/types\/post"}],"author":[{"embeddable":true,"href":"https:\/\/edumas.gov.co\/inicio\/wp-json\/wp\/v2\/users\/1"}],"replies":[{"embeddable":true,"href":"https:\/\/edumas.gov.co\/inicio\/wp-json\/wp\/v2\/comments?post=978"}],"version-history":[{"count":1,"href":"https:\/\/edumas.gov.co\/inicio\/wp-json\/wp\/v2\/posts\/978\/revisions"}],"predecessor-version":[{"id":980,"href":"https:\/\/edumas.gov.co\/inicio\/wp-json\/wp\/v2\/posts\/978\/revisions\/980"}],"wp:featuredmedia":[{"embeddable":true,"href":"https:\/\/edumas.gov.co\/inicio\/wp-json\/wp\/v2\/media\/979"}],"wp:attachment":[{"href":"https:\/\/edumas.gov.co\/inicio\/wp-json\/wp\/v2\/media?parent=978"}],"wp:term":[{"taxonomy":"category","embeddable":true,"href":"https:\/\/edumas.gov.co\/inicio\/wp-json\/wp\/v2\/categories?post=978"},{"taxonomy":"post_tag","embeddable":true,"href":"https:\/\/edumas.gov.co\/inicio\/wp-json\/wp\/v2\/tags?post=978"}],"curies":[{"name":"wp","href":"https:\/\/api.w.org\/{rel}","templated":true}]}}