{"id":988,"date":"2020-11-04T21:56:00","date_gmt":"2020-11-04T21:56:00","guid":{"rendered":"https:\/\/test.edumas.gov.co\/?p=988"},"modified":"2023-10-17T21:58:24","modified_gmt":"2023-10-17T21:58:24","slug":"edumas-atiende-solicitudes-de-barrios-vecinos-al-aeropuerto","status":"publish","type":"post","link":"https:\/\/edumas.gov.co\/inicio\/2020\/11\/04\/edumas-atiende-solicitudes-de-barrios-vecinos-al-aeropuerto\/","title":{"rendered":"Edumas atiende solicitudes de barrios vecinos al aeropuerto"},"content":{"rendered":"\n<p class=\"wp-block-paragraph\">En el d\u00eda de hoy el Edumas en alianza con Interaseo y el equipo de Gesti\u00f3n Social del aeropuerto Ernesto Cortissoz llev\u00f3 a cabo un recorrido por los puntos m\u00e1s cr\u00edticos de los barrios Vi\u00f1a del Rey, Renacer y Ciudad Para\u00edso, con el objetivo de contrarrestar las acumulaciones de basuras que se originan en esos sectores los cuales son zonas de influencia directa del aeropuerto y que ponen en riesgo la seguridad del mismo. Lo anterior obedece a que los desechos acumulados sirven como focos de concentraci\u00f3n de animales terrestres y aves que sobrevuelan las instalaciones poniendo en riesgo la operaci\u00f3n a\u00e9rea.<\/p>\n\n\n\n<p class=\"wp-block-paragraph\">Edumas, atendiendo las solicitudes de la misma comunidad, puso en marcha su equipo ambiental en cabeza de la subgerente Clerk Pertuz, quien en compa\u00f1\u00eda de los l\u00edderes comunales de los barrios antes mencionados, recorri\u00f3 punto por punto acordando soluciones que contribuyan a la seguridad operativa de la terminal a\u00e9rea y a su vez conocer de primera mano las necesidades de estos sectores y as\u00ed idear posibles soluciones que conlleven a mejorar la calidad de vida de estas personas.<\/p>\n\n\n\n<p class=\"wp-block-paragraph\">En los recorridos hechos por los barrios se evidenciaron problemas sanitarios que fueron expuestos por los l\u00edderes comunales de cada sector. \u201cLe pedimos al Edumas una pronta intervenci\u00f3n en nuestros barrios. Necesitamos una soluci\u00f3n urgente a nuestras necesidades; los botaderos de basuras y las aguas residuales nos afectan mucho\u201d, expres\u00f3 Elvis Rodr\u00edguez residente del barrio Vi\u00f1a del Rey.<\/p>\n\n\n\n<p class=\"wp-block-paragraph\">El equipo ambiental del Edumas hizo la respectiva inspecci\u00f3n ocular para luego entrar en la etapa de socializaci\u00f3n de cada una de estas. \u201cHaremos una limpieza programada para reducir el impacto que puedan generar los residuos s\u00f3lidos depositados inadecuadamente en los sectores aleda\u00f1os al aeropuerto\u201d, expres\u00f3 Clerck Pertuz, subgerente ambiental del Edumas, quien prioriz\u00f3 la situaci\u00f3n al realizar hoy la primera mesa de trabajo con los l\u00edderes y recolectores de basuras de estos barrios abordando temas como el acceso de la empresa de servicio de aseo a estos sectores, la adecuaci\u00f3n de sus puntos cr\u00edticos y la socializaci\u00f3n y posteriormente sanci\u00f3n a los infractores ambientales.<\/p>\n\n\n\n<p class=\"wp-block-paragraph\">\u201cSe prev\u00e9 hacer una extracci\u00f3n de residuos contaminantes del arroyo Platanal que atraviesa estos barrios. Con la ayuda de Interaseo sacaremos estos desechos y buscaremos disminuir las concentraciones de basuras y de esta manera mermar la presencia de las aves que son potenciales causantes de accidentes a\u00e9reos\u201d, concluy\u00f3.<\/p>\n\n\n\n<p class=\"wp-block-paragraph\">Edumas sigue contribuyendo a mejorar la calidad de vida de los sectores menos favorecidos de Soledad. Desde la gerencia, la entidad est\u00e1 ideando propuestas que apunten al logro de este objetivo desde la competencia ambiental y urbana, y que transformen de fondo las problem\u00e1ticas sociales del municipio.<\/p>\n","protected":false},"excerpt":{"rendered":"<p>En el d\u00eda de hoy el Edumas en alianza con Interaseo y el equipo de Gesti\u00f3n Social del aeropuerto Ernesto Cortissoz llev\u00f3 a cabo un recorrido por los puntos m\u00e1s cr\u00edticos de los barrios Vi\u00f1a del Rey, Renacer y Ciudad Para\u00edso, con el objetivo de contrarrestar las acumulaciones de basuras que se originan en esos [&hellip;]<\/p>\n","protected":false},"author":1,"featured_media":989,"comment_status":"open","ping_status":"open","sticky":false,"template":"","format":"standard","meta":{"footnotes":""},"categories":[26],"tags":[],"class_list":["post-988","post","type-post","status-publish","format-standard","has-post-thumbnail","hentry","category-noticias"],"yoast_head":"<!-- This site is optimized with the Yoast SEO plugin v27.4 - https:\/\/yoast.com\/product\/yoast-seo-wordpress\/ -->\n<title>Edumas atiende solicitudes de barrios vecinos al aeropuerto - Edumas<\/title>\n<meta name=\"robots\" content=\"index, follow, max-snippet:-1, max-image-preview:large, max-video-preview:-1\" \/>\n<link rel=\"canonical\" href=\"https:\/\/edumas.gov.co\/inicio\/2020\/11\/04\/edumas-atiende-solicitudes-de-barrios-vecinos-al-aeropuerto\/\" \/>\n<meta property=\"og:locale\" content=\"es_ES\" \/>\n<meta property=\"og:type\" content=\"article\" \/>\n<meta property=\"og:title\" content=\"Edumas atiende solicitudes de barrios vecinos al aeropuerto - Edumas\" \/>\n<meta property=\"og:description\" content=\"En el d\u00eda de hoy el Edumas en alianza con Interaseo y el equipo de Gesti\u00f3n Social del aeropuerto Ernesto Cortissoz llev\u00f3 a cabo un recorrido por los puntos m\u00e1s cr\u00edticos de los barrios Vi\u00f1a del Rey, Renacer y Ciudad Para\u00edso, con el objetivo de contrarrestar las acumulaciones de basuras que se originan en esos [&hellip;]\" \/>\n<meta property=\"og:url\" content=\"https:\/\/edumas.gov.co\/inicio\/2020\/11\/04\/edumas-atiende-solicitudes-de-barrios-vecinos-al-aeropuerto\/\" \/>\n<meta property=\"og:site_name\" content=\"Edumas\" \/>\n<meta property=\"article:published_time\" content=\"2020-11-04T21:56:00+00:00\" \/>\n<meta property=\"article:modified_time\" content=\"2023-10-17T21:58:24+00:00\" \/>\n<meta property=\"og:image\" content=\"https:\/\/edumas.gov.co\/wp-content\/uploads\/2023\/10\/Edumas-atiende-solicitudes-de-barrios-vecinos-al-aeropuerto.jpeg\" \/>\n\t<meta property=\"og:image:width\" content=\"1280\" \/>\n\t<meta property=\"og:image:height\" content=\"719\" \/>\n\t<meta property=\"og:image:type\" content=\"image\/jpeg\" \/>\n<meta name=\"author\" content=\"edumas\" \/>\n<meta name=\"twitter:card\" content=\"summary_large_image\" \/>\n<meta name=\"twitter:label1\" content=\"Escrito por\" \/>\n\t<meta name=\"twitter:data1\" content=\"edumas\" \/>\n\t<meta name=\"twitter:label2\" content=\"Tiempo de lectura\" \/>\n\t<meta name=\"twitter:data2\" content=\"2 minutos\" \/>\n<script type=\"application\/ld+json\" class=\"yoast-schema-graph\">{\"@context\":\"https:\\\/\\\/schema.org\",\"@graph\":[{\"@type\":\"Article\",\"@id\":\"https:\\\/\\\/edumas.gov.co\\\/inicio\\\/2020\\\/11\\\/04\\\/edumas-atiende-solicitudes-de-barrios-vecinos-al-aeropuerto\\\/#article\",\"isPartOf\":{\"@id\":\"https:\\\/\\\/edumas.gov.co\\\/inicio\\\/2020\\\/11\\\/04\\\/edumas-atiende-solicitudes-de-barrios-vecinos-al-aeropuerto\\\/\"},\"author\":{\"name\":\"edumas\",\"@id\":\"https:\\\/\\\/edumas.gov.co\\\/inicio\\\/#\\\/schema\\\/person\\\/e2e82a662fd06864325b88811079b05a\"},\"headline\":\"Edumas atiende solicitudes de barrios vecinos al aeropuerto\",\"datePublished\":\"2020-11-04T21:56:00+00:00\",\"dateModified\":\"2023-10-17T21:58:24+00:00\",\"mainEntityOfPage\":{\"@id\":\"https:\\\/\\\/edumas.gov.co\\\/inicio\\\/2020\\\/11\\\/04\\\/edumas-atiende-solicitudes-de-barrios-vecinos-al-aeropuerto\\\/\"},\"wordCount\":476,\"commentCount\":0,\"publisher\":{\"@id\":\"https:\\\/\\\/edumas.gov.co\\\/inicio\\\/#organization\"},\"image\":{\"@id\":\"https:\\\/\\\/edumas.gov.co\\\/inicio\\\/2020\\\/11\\\/04\\\/edumas-atiende-solicitudes-de-barrios-vecinos-al-aeropuerto\\\/#primaryimage\"},\"thumbnailUrl\":\"https:\\\/\\\/edumas.gov.co\\\/wp-content\\\/uploads\\\/2023\\\/10\\\/Edumas-atiende-solicitudes-de-barrios-vecinos-al-aeropuerto.jpeg\",\"articleSection\":[\"noticias\"],\"inLanguage\":\"es\",\"potentialAction\":[{\"@type\":\"CommentAction\",\"name\":\"Comment\",\"target\":[\"https:\\\/\\\/edumas.gov.co\\\/inicio\\\/2020\\\/11\\\/04\\\/edumas-atiende-solicitudes-de-barrios-vecinos-al-aeropuerto\\\/#respond\"]}]},{\"@type\":\"WebPage\",\"@id\":\"https:\\\/\\\/edumas.gov.co\\\/inicio\\\/2020\\\/11\\\/04\\\/edumas-atiende-solicitudes-de-barrios-vecinos-al-aeropuerto\\\/\",\"url\":\"https:\\\/\\\/edumas.gov.co\\\/inicio\\\/2020\\\/11\\\/04\\\/edumas-atiende-solicitudes-de-barrios-vecinos-al-aeropuerto\\\/\",\"name\":\"Edumas atiende solicitudes de barrios vecinos al aeropuerto - Edumas\",\"isPartOf\":{\"@id\":\"https:\\\/\\\/edumas.gov.co\\\/inicio\\\/#website\"},\"primaryImageOfPage\":{\"@id\":\"https:\\\/\\\/edumas.gov.co\\\/inicio\\\/2020\\\/11\\\/04\\\/edumas-atiende-solicitudes-de-barrios-vecinos-al-aeropuerto\\\/#primaryimage\"},\"image\":{\"@id\":\"https:\\\/\\\/edumas.gov.co\\\/inicio\\\/2020\\\/11\\\/04\\\/edumas-atiende-solicitudes-de-barrios-vecinos-al-aeropuerto\\\/#primaryimage\"},\"thumbnailUrl\":\"https:\\\/\\\/edumas.gov.co\\\/wp-content\\\/uploads\\\/2023\\\/10\\\/Edumas-atiende-solicitudes-de-barrios-vecinos-al-aeropuerto.jpeg\",\"datePublished\":\"2020-11-04T21:56:00+00:00\",\"dateModified\":\"2023-10-17T21:58:24+00:00\",\"breadcrumb\":{\"@id\":\"https:\\\/\\\/edumas.gov.co\\\/inicio\\\/2020\\\/11\\\/04\\\/edumas-atiende-solicitudes-de-barrios-vecinos-al-aeropuerto\\\/#breadcrumb\"},\"inLanguage\":\"es\",\"potentialAction\":[{\"@type\":\"ReadAction\",\"target\":[\"https:\\\/\\\/edumas.gov.co\\\/inicio\\\/2020\\\/11\\\/04\\\/edumas-atiende-solicitudes-de-barrios-vecinos-al-aeropuerto\\\/\"]}]},{\"@type\":\"ImageObject\",\"inLanguage\":\"es\",\"@id\":\"https:\\\/\\\/edumas.gov.co\\\/inicio\\\/2020\\\/11\\\/04\\\/edumas-atiende-solicitudes-de-barrios-vecinos-al-aeropuerto\\\/#primaryimage\",\"url\":\"https:\\\/\\\/edumas.gov.co\\\/wp-content\\\/uploads\\\/2023\\\/10\\\/Edumas-atiende-solicitudes-de-barrios-vecinos-al-aeropuerto.jpeg\",\"contentUrl\":\"https:\\\/\\\/edumas.gov.co\\\/wp-content\\\/uploads\\\/2023\\\/10\\\/Edumas-atiende-solicitudes-de-barrios-vecinos-al-aeropuerto.jpeg\",\"width\":1280,\"height\":719},{\"@type\":\"BreadcrumbList\",\"@id\":\"https:\\\/\\\/edumas.gov.co\\\/inicio\\\/2020\\\/11\\\/04\\\/edumas-atiende-solicitudes-de-barrios-vecinos-al-aeropuerto\\\/#breadcrumb\",\"itemListElement\":[{\"@type\":\"ListItem\",\"position\":1,\"name\":\"Portada\",\"item\":\"https:\\\/\\\/edumas.gov.co\\\/inicio\\\/\"},{\"@type\":\"ListItem\",\"position\":2,\"name\":\"Edumas atiende solicitudes de barrios vecinos al aeropuerto\"}]},{\"@type\":\"WebSite\",\"@id\":\"https:\\\/\\\/edumas.gov.co\\\/inicio\\\/#website\",\"url\":\"https:\\\/\\\/edumas.gov.co\\\/inicio\\\/\",\"name\":\"Edumas\",\"description\":\"Edumas\",\"publisher\":{\"@id\":\"https:\\\/\\\/edumas.gov.co\\\/inicio\\\/#organization\"},\"potentialAction\":[{\"@type\":\"SearchAction\",\"target\":{\"@type\":\"EntryPoint\",\"urlTemplate\":\"https:\\\/\\\/edumas.gov.co\\\/inicio\\\/?s={search_term_string}\"},\"query-input\":{\"@type\":\"PropertyValueSpecification\",\"valueRequired\":true,\"valueName\":\"search_term_string\"}}],\"inLanguage\":\"es\"},{\"@type\":\"Organization\",\"@id\":\"https:\\\/\\\/edumas.gov.co\\\/inicio\\\/#organization\",\"name\":\"Edumas\",\"url\":\"https:\\\/\\\/edumas.gov.co\\\/inicio\\\/\",\"logo\":{\"@type\":\"ImageObject\",\"inLanguage\":\"es\",\"@id\":\"https:\\\/\\\/edumas.gov.co\\\/inicio\\\/#\\\/schema\\\/logo\\\/image\\\/\",\"url\":\"https:\\\/\\\/edumas.gov.co\\\/wp-content\\\/uploads\\\/2024\\\/10\\\/Perfil-Instagram-PhotoRoom.png-PhotoRoom.png\",\"contentUrl\":\"https:\\\/\\\/edumas.gov.co\\\/wp-content\\\/uploads\\\/2024\\\/10\\\/Perfil-Instagram-PhotoRoom.png-PhotoRoom.png\",\"width\":648,\"height\":233,\"caption\":\"Edumas\"},\"image\":{\"@id\":\"https:\\\/\\\/edumas.gov.co\\\/inicio\\\/#\\\/schema\\\/logo\\\/image\\\/\"}},{\"@type\":\"Person\",\"@id\":\"https:\\\/\\\/edumas.gov.co\\\/inicio\\\/#\\\/schema\\\/person\\\/e2e82a662fd06864325b88811079b05a\",\"name\":\"edumas\",\"image\":{\"@type\":\"ImageObject\",\"inLanguage\":\"es\",\"@id\":\"https:\\\/\\\/edumas.gov.co\\\/wp-content\\\/uploads\\\/2025\\\/03\\\/WhatsApp-Image-2025-03-06-at-12.44.58-PM-150x150.jpeg\",\"url\":\"https:\\\/\\\/edumas.gov.co\\\/wp-content\\\/uploads\\\/2025\\\/03\\\/WhatsApp-Image-2025-03-06-at-12.44.58-PM-150x150.jpeg\",\"contentUrl\":\"https:\\\/\\\/edumas.gov.co\\\/wp-content\\\/uploads\\\/2025\\\/03\\\/WhatsApp-Image-2025-03-06-at-12.44.58-PM-150x150.jpeg\",\"caption\":\"edumas\"},\"sameAs\":[\"https:\\\/\\\/test.edumas.gov.co\"],\"url\":\"https:\\\/\\\/edumas.gov.co\\\/inicio\\\/author\\\/edumas\\\/\"}]}<\/script>\n<!-- \/ Yoast SEO plugin. -->","yoast_head_json":{"title":"Edumas atiende solicitudes de barrios vecinos al aeropuerto - Edumas","robots":{"index":"index","follow":"follow","max-snippet":"max-snippet:-1","max-image-preview":"max-image-preview:large","max-video-preview":"max-video-preview:-1"},"canonical":"https:\/\/edumas.gov.co\/inicio\/2020\/11\/04\/edumas-atiende-solicitudes-de-barrios-vecinos-al-aeropuerto\/","og_locale":"es_ES","og_type":"article","og_title":"Edumas atiende solicitudes de barrios vecinos al aeropuerto - Edumas","og_description":"En el d\u00eda de hoy el Edumas en alianza con Interaseo y el equipo de Gesti\u00f3n Social del aeropuerto Ernesto Cortissoz llev\u00f3 a cabo un recorrido por los puntos m\u00e1s cr\u00edticos de los barrios Vi\u00f1a del Rey, Renacer y Ciudad Para\u00edso, con el objetivo de contrarrestar las acumulaciones de basuras que se originan en esos [&hellip;]","og_url":"https:\/\/edumas.gov.co\/inicio\/2020\/11\/04\/edumas-atiende-solicitudes-de-barrios-vecinos-al-aeropuerto\/","og_site_name":"Edumas","article_published_time":"2020-11-04T21:56:00+00:00","article_modified_time":"2023-10-17T21:58:24+00:00","og_image":[{"width":1280,"height":719,"url":"https:\/\/edumas.gov.co\/wp-content\/uploads\/2023\/10\/Edumas-atiende-solicitudes-de-barrios-vecinos-al-aeropuerto.jpeg","type":"image\/jpeg"}],"author":"edumas","twitter_card":"summary_large_image","twitter_misc":{"Escrito por":"edumas","Tiempo de lectura":"2 minutos"},"schema":{"@context":"https:\/\/schema.org","@graph":[{"@type":"Article","@id":"https:\/\/edumas.gov.co\/inicio\/2020\/11\/04\/edumas-atiende-solicitudes-de-barrios-vecinos-al-aeropuerto\/#article","isPartOf":{"@id":"https:\/\/edumas.gov.co\/inicio\/2020\/11\/04\/edumas-atiende-solicitudes-de-barrios-vecinos-al-aeropuerto\/"},"author":{"name":"edumas","@id":"https:\/\/edumas.gov.co\/inicio\/#\/schema\/person\/e2e82a662fd06864325b88811079b05a"},"headline":"Edumas atiende solicitudes de barrios vecinos al aeropuerto","datePublished":"2020-11-04T21:56:00+00:00","dateModified":"2023-10-17T21:58:24+00:00","mainEntityOfPage":{"@id":"https:\/\/edumas.gov.co\/inicio\/2020\/11\/04\/edumas-atiende-solicitudes-de-barrios-vecinos-al-aeropuerto\/"},"wordCount":476,"commentCount":0,"publisher":{"@id":"https:\/\/edumas.gov.co\/inicio\/#organization"},"image":{"@id":"https:\/\/edumas.gov.co\/inicio\/2020\/11\/04\/edumas-atiende-solicitudes-de-barrios-vecinos-al-aeropuerto\/#primaryimage"},"thumbnailUrl":"https:\/\/edumas.gov.co\/wp-content\/uploads\/2023\/10\/Edumas-atiende-solicitudes-de-barrios-vecinos-al-aeropuerto.jpeg","articleSection":["noticias"],"inLanguage":"es","potentialAction":[{"@type":"CommentAction","name":"Comment","target":["https:\/\/edumas.gov.co\/inicio\/2020\/11\/04\/edumas-atiende-solicitudes-de-barrios-vecinos-al-aeropuerto\/#respond"]}]},{"@type":"WebPage","@id":"https:\/\/edumas.gov.co\/inicio\/2020\/11\/04\/edumas-atiende-solicitudes-de-barrios-vecinos-al-aeropuerto\/","url":"https:\/\/edumas.gov.co\/inicio\/2020\/11\/04\/edumas-atiende-solicitudes-de-barrios-vecinos-al-aeropuerto\/","name":"Edumas atiende solicitudes de barrios vecinos al aeropuerto - Edumas","isPartOf":{"@id":"https:\/\/edumas.gov.co\/inicio\/#website"},"primaryImageOfPage":{"@id":"https:\/\/edumas.gov.co\/inicio\/2020\/11\/04\/edumas-atiende-solicitudes-de-barrios-vecinos-al-aeropuerto\/#primaryimage"},"image":{"@id":"https:\/\/edumas.gov.co\/inicio\/2020\/11\/04\/edumas-atiende-solicitudes-de-barrios-vecinos-al-aeropuerto\/#primaryimage"},"thumbnailUrl":"https:\/\/edumas.gov.co\/wp-content\/uploads\/2023\/10\/Edumas-atiende-solicitudes-de-barrios-vecinos-al-aeropuerto.jpeg","datePublished":"2020-11-04T21:56:00+00:00","dateModified":"2023-10-17T21:58:24+00:00","breadcrumb":{"@id":"https:\/\/edumas.gov.co\/inicio\/2020\/11\/04\/edumas-atiende-solicitudes-de-barrios-vecinos-al-aeropuerto\/#breadcrumb"},"inLanguage":"es","potentialAction":[{"@type":"ReadAction","target":["https:\/\/edumas.gov.co\/inicio\/2020\/11\/04\/edumas-atiende-solicitudes-de-barrios-vecinos-al-aeropuerto\/"]}]},{"@type":"ImageObject","inLanguage":"es","@id":"https:\/\/edumas.gov.co\/inicio\/2020\/11\/04\/edumas-atiende-solicitudes-de-barrios-vecinos-al-aeropuerto\/#primaryimage","url":"https:\/\/edumas.gov.co\/wp-content\/uploads\/2023\/10\/Edumas-atiende-solicitudes-de-barrios-vecinos-al-aeropuerto.jpeg","contentUrl":"https:\/\/edumas.gov.co\/wp-content\/uploads\/2023\/10\/Edumas-atiende-solicitudes-de-barrios-vecinos-al-aeropuerto.jpeg","width":1280,"height":719},{"@type":"BreadcrumbList","@id":"https:\/\/edumas.gov.co\/inicio\/2020\/11\/04\/edumas-atiende-solicitudes-de-barrios-vecinos-al-aeropuerto\/#breadcrumb","itemListElement":[{"@type":"ListItem","position":1,"name":"Portada","item":"https:\/\/edumas.gov.co\/inicio\/"},{"@type":"ListItem","position":2,"name":"Edumas atiende solicitudes de barrios vecinos al aeropuerto"}]},{"@type":"WebSite","@id":"https:\/\/edumas.gov.co\/inicio\/#website","url":"https:\/\/edumas.gov.co\/inicio\/","name":"Edumas","description":"Edumas","publisher":{"@id":"https:\/\/edumas.gov.co\/inicio\/#organization"},"potentialAction":[{"@type":"SearchAction","target":{"@type":"EntryPoint","urlTemplate":"https:\/\/edumas.gov.co\/inicio\/?s={search_term_string}"},"query-input":{"@type":"PropertyValueSpecification","valueRequired":true,"valueName":"search_term_string"}}],"inLanguage":"es"},{"@type":"Organization","@id":"https:\/\/edumas.gov.co\/inicio\/#organization","name":"Edumas","url":"https:\/\/edumas.gov.co\/inicio\/","logo":{"@type":"ImageObject","inLanguage":"es","@id":"https:\/\/edumas.gov.co\/inicio\/#\/schema\/logo\/image\/","url":"https:\/\/edumas.gov.co\/wp-content\/uploads\/2024\/10\/Perfil-Instagram-PhotoRoom.png-PhotoRoom.png","contentUrl":"https:\/\/edumas.gov.co\/wp-content\/uploads\/2024\/10\/Perfil-Instagram-PhotoRoom.png-PhotoRoom.png","width":648,"height":233,"caption":"Edumas"},"image":{"@id":"https:\/\/edumas.gov.co\/inicio\/#\/schema\/logo\/image\/"}},{"@type":"Person","@id":"https:\/\/edumas.gov.co\/inicio\/#\/schema\/person\/e2e82a662fd06864325b88811079b05a","name":"edumas","image":{"@type":"ImageObject","inLanguage":"es","@id":"https:\/\/edumas.gov.co\/wp-content\/uploads\/2025\/03\/WhatsApp-Image-2025-03-06-at-12.44.58-PM-150x150.jpeg","url":"https:\/\/edumas.gov.co\/wp-content\/uploads\/2025\/03\/WhatsApp-Image-2025-03-06-at-12.44.58-PM-150x150.jpeg","contentUrl":"https:\/\/edumas.gov.co\/wp-content\/uploads\/2025\/03\/WhatsApp-Image-2025-03-06-at-12.44.58-PM-150x150.jpeg","caption":"edumas"},"sameAs":["https:\/\/test.edumas.gov.co"],"url":"https:\/\/edumas.gov.co\/inicio\/author\/edumas\/"}]}},"_links":{"self":[{"href":"https:\/\/edumas.gov.co\/inicio\/wp-json\/wp\/v2\/posts\/988","targetHints":{"allow":["GET"]}}],"collection":[{"href":"https:\/\/edumas.gov.co\/inicio\/wp-json\/wp\/v2\/posts"}],"about":[{"href":"https:\/\/edumas.gov.co\/inicio\/wp-json\/wp\/v2\/types\/post"}],"author":[{"embeddable":true,"href":"https:\/\/edumas.gov.co\/inicio\/wp-json\/wp\/v2\/users\/1"}],"replies":[{"embeddable":true,"href":"https:\/\/edumas.gov.co\/inicio\/wp-json\/wp\/v2\/comments?post=988"}],"version-history":[{"count":1,"href":"https:\/\/edumas.gov.co\/inicio\/wp-json\/wp\/v2\/posts\/988\/revisions"}],"predecessor-version":[{"id":990,"href":"https:\/\/edumas.gov.co\/inicio\/wp-json\/wp\/v2\/posts\/988\/revisions\/990"}],"wp:featuredmedia":[{"embeddable":true,"href":"https:\/\/edumas.gov.co\/inicio\/wp-json\/wp\/v2\/media\/989"}],"wp:attachment":[{"href":"https:\/\/edumas.gov.co\/inicio\/wp-json\/wp\/v2\/media?parent=988"}],"wp:term":[{"taxonomy":"category","embeddable":true,"href":"https:\/\/edumas.gov.co\/inicio\/wp-json\/wp\/v2\/categories?post=988"},{"taxonomy":"post_tag","embeddable":true,"href":"https:\/\/edumas.gov.co\/inicio\/wp-json\/wp\/v2\/tags?post=988"}],"curies":[{"name":"wp","href":"https:\/\/api.w.org\/{rel}","templated":true}]}}