{"id":991,"date":"2020-11-10T21:58:00","date_gmt":"2020-11-10T21:58:00","guid":{"rendered":"https:\/\/test.edumas.gov.co\/?p=991"},"modified":"2023-10-17T21:59:38","modified_gmt":"2023-10-17T21:59:38","slug":"cuadrilla-de-limpieza-del-edumas-interviene-parque-en-abandono-del-barrio-vina-del-rey-de-soledad","status":"publish","type":"post","link":"https:\/\/edumas.gov.co\/inicio\/2020\/11\/10\/cuadrilla-de-limpieza-del-edumas-interviene-parque-en-abandono-del-barrio-vina-del-rey-de-soledad\/","title":{"rendered":"Cuadrilla de limpieza del Edumas interviene parque en abandono del barrio Vi\u00f1a del Rey de Soledad"},"content":{"rendered":"\n<p class=\"wp-block-paragraph\">Edumas contin\u00faa realizando las intervenciones necesarias para mejorar los entornos verdes del municipio de Soledad, esta ocasi\u00f3n bajo la direcci\u00f3n de la subgerente Clerck Pertuz, se llev\u00f3 a cabo una limpieza y recuperaci\u00f3n del parque del barrio Vi\u00f1a del Rey, el cual seg\u00fan la comunidad ha sido foco de delincuencia por mucho tiempo.<\/p>\n\n\n\n<p class=\"wp-block-paragraph\">La intervenci\u00f3n es consecuencia de visitas previas que el Edumas realiz\u00f3 en coordinaci\u00f3n con el grupo de Gesti\u00f3n Social del aeropuerto Ernesto Cortissoz en los barrios aleda\u00f1os como Renacer, Ciudad Para\u00edso y Vi\u00f1a del Rey con el objeto de intervenir los puntos m\u00e1s cr\u00edticos de basuras que atraen animales terrestres y aves; amenazando de esta manera, la seguridad de la operaci\u00f3n a\u00e9rea.<\/p>\n\n\n\n<p class=\"wp-block-paragraph\">En consecuencia con lo anterior y luego de que Edumas escuchara de primera mano las necesidades de los residentes de estos barrios, se llev\u00f3 a cabo la intervenci\u00f3n con la cuadrilla ambiental quienes dispusieron de maquinaria y trabajos manuales para erradicar la maleza y proliferaci\u00f3n de animales.<\/p>\n\n\n\n<p class=\"wp-block-paragraph\">Ante esta limpieza, la comunidad de Vi\u00f1a del Rey en cabeza de su l\u00edder comunal Elvis Rodr\u00edguez, expres\u00f3 que \u201cqueremos que los ni\u00f1os se recreen y que no se pierdan en las drogas. Un mill\u00f3n de gracias a Edumas (\u2026),&nbsp; esperamos que nos sigan visitando y esa cancha en un ma\u00f1ana sea un porvenir para la comunidad\u201d.<\/p>\n\n\n\n<p class=\"wp-block-paragraph\">Por su parte Clerk Pertuz, Subgerente Ambiental de la Entidad, vio positivo esta limpieza de este sector manifestando que era de suma urgencia y prioritario para sus habitantes. \u201cCon esta intervenci\u00f3n contribuimos al mejoramiento y la calidad de vida de estas personas; adem\u00e1s frenamos el riesgo inminente de cualquier enfermedad producto de las basuras y aguas servidas. Estamos respondiendo la solicitud que nos hizo el aeropuerto Ernesto Cortissoz de erradicar paulatinamente las acumulaciones de basuras que puedan generar la concentraci\u00f3n de aves que sobrevuelan los alrededores y as\u00ed evitar accidentes a\u00e9reos\u201d.<\/p>\n\n\n\n<p class=\"wp-block-paragraph\">Edumas sigue llegando a todos los rincones del municipio de Soledad escuchando las problem\u00e1ticas de los solede\u00f1os mediante su mecanismo de participaci\u00f3n ciudadana el cual ha brindado las herramientas necesarias para que la ciudadan\u00eda se exprese libremente.<\/p>\n","protected":false},"excerpt":{"rendered":"<p>Edumas contin\u00faa realizando las intervenciones necesarias para mejorar los entornos verdes del municipio de Soledad, esta ocasi\u00f3n bajo la direcci\u00f3n de la subgerente Clerck Pertuz, se llev\u00f3 a cabo una limpieza y recuperaci\u00f3n del parque del barrio Vi\u00f1a del Rey, el cual seg\u00fan la comunidad ha sido foco de delincuencia por mucho tiempo. La intervenci\u00f3n [&hellip;]<\/p>\n","protected":false},"author":1,"featured_media":0,"comment_status":"open","ping_status":"open","sticky":false,"template":"","format":"standard","meta":{"footnotes":""},"categories":[26],"tags":[],"class_list":["post-991","post","type-post","status-publish","format-standard","hentry","category-noticias"],"yoast_head":"<!-- This site is optimized with the Yoast SEO plugin v27.4 - https:\/\/yoast.com\/product\/yoast-seo-wordpress\/ -->\n<title>Cuadrilla de limpieza del Edumas interviene parque en abandono del barrio Vi\u00f1a del Rey de Soledad - Edumas<\/title>\n<meta name=\"robots\" content=\"index, follow, max-snippet:-1, max-image-preview:large, max-video-preview:-1\" \/>\n<link rel=\"canonical\" href=\"https:\/\/edumas.gov.co\/inicio\/2020\/11\/10\/cuadrilla-de-limpieza-del-edumas-interviene-parque-en-abandono-del-barrio-vina-del-rey-de-soledad\/\" \/>\n<meta property=\"og:locale\" content=\"es_ES\" \/>\n<meta property=\"og:type\" content=\"article\" \/>\n<meta property=\"og:title\" content=\"Cuadrilla de limpieza del Edumas interviene parque en abandono del barrio Vi\u00f1a del Rey de Soledad - Edumas\" \/>\n<meta property=\"og:description\" content=\"Edumas contin\u00faa realizando las intervenciones necesarias para mejorar los entornos verdes del municipio de Soledad, esta ocasi\u00f3n bajo la direcci\u00f3n de la subgerente Clerck Pertuz, se llev\u00f3 a cabo una limpieza y recuperaci\u00f3n del parque del barrio Vi\u00f1a del Rey, el cual seg\u00fan la comunidad ha sido foco de delincuencia por mucho tiempo. La intervenci\u00f3n [&hellip;]\" \/>\n<meta property=\"og:url\" content=\"https:\/\/edumas.gov.co\/inicio\/2020\/11\/10\/cuadrilla-de-limpieza-del-edumas-interviene-parque-en-abandono-del-barrio-vina-del-rey-de-soledad\/\" \/>\n<meta property=\"og:site_name\" content=\"Edumas\" \/>\n<meta property=\"article:published_time\" content=\"2020-11-10T21:58:00+00:00\" \/>\n<meta property=\"article:modified_time\" content=\"2023-10-17T21:59:38+00:00\" \/>\n<meta name=\"author\" content=\"edumas\" \/>\n<meta name=\"twitter:card\" content=\"summary_large_image\" \/>\n<meta name=\"twitter:label1\" content=\"Escrito por\" \/>\n\t<meta name=\"twitter:data1\" content=\"edumas\" \/>\n\t<meta name=\"twitter:label2\" content=\"Tiempo de lectura\" \/>\n\t<meta name=\"twitter:data2\" content=\"2 minutos\" \/>\n<script type=\"application\/ld+json\" class=\"yoast-schema-graph\">{\"@context\":\"https:\\\/\\\/schema.org\",\"@graph\":[{\"@type\":\"Article\",\"@id\":\"https:\\\/\\\/edumas.gov.co\\\/inicio\\\/2020\\\/11\\\/10\\\/cuadrilla-de-limpieza-del-edumas-interviene-parque-en-abandono-del-barrio-vina-del-rey-de-soledad\\\/#article\",\"isPartOf\":{\"@id\":\"https:\\\/\\\/edumas.gov.co\\\/inicio\\\/2020\\\/11\\\/10\\\/cuadrilla-de-limpieza-del-edumas-interviene-parque-en-abandono-del-barrio-vina-del-rey-de-soledad\\\/\"},\"author\":{\"name\":\"edumas\",\"@id\":\"https:\\\/\\\/edumas.gov.co\\\/inicio\\\/#\\\/schema\\\/person\\\/e2e82a662fd06864325b88811079b05a\"},\"headline\":\"Cuadrilla de limpieza del Edumas interviene parque en abandono del barrio Vi\u00f1a del Rey de Soledad\",\"datePublished\":\"2020-11-10T21:58:00+00:00\",\"dateModified\":\"2023-10-17T21:59:38+00:00\",\"mainEntityOfPage\":{\"@id\":\"https:\\\/\\\/edumas.gov.co\\\/inicio\\\/2020\\\/11\\\/10\\\/cuadrilla-de-limpieza-del-edumas-interviene-parque-en-abandono-del-barrio-vina-del-rey-de-soledad\\\/\"},\"wordCount\":396,\"commentCount\":0,\"publisher\":{\"@id\":\"https:\\\/\\\/edumas.gov.co\\\/inicio\\\/#organization\"},\"articleSection\":[\"noticias\"],\"inLanguage\":\"es\",\"potentialAction\":[{\"@type\":\"CommentAction\",\"name\":\"Comment\",\"target\":[\"https:\\\/\\\/edumas.gov.co\\\/inicio\\\/2020\\\/11\\\/10\\\/cuadrilla-de-limpieza-del-edumas-interviene-parque-en-abandono-del-barrio-vina-del-rey-de-soledad\\\/#respond\"]}]},{\"@type\":\"WebPage\",\"@id\":\"https:\\\/\\\/edumas.gov.co\\\/inicio\\\/2020\\\/11\\\/10\\\/cuadrilla-de-limpieza-del-edumas-interviene-parque-en-abandono-del-barrio-vina-del-rey-de-soledad\\\/\",\"url\":\"https:\\\/\\\/edumas.gov.co\\\/inicio\\\/2020\\\/11\\\/10\\\/cuadrilla-de-limpieza-del-edumas-interviene-parque-en-abandono-del-barrio-vina-del-rey-de-soledad\\\/\",\"name\":\"Cuadrilla de limpieza del Edumas interviene parque en abandono del barrio Vi\u00f1a del Rey de Soledad - Edumas\",\"isPartOf\":{\"@id\":\"https:\\\/\\\/edumas.gov.co\\\/inicio\\\/#website\"},\"datePublished\":\"2020-11-10T21:58:00+00:00\",\"dateModified\":\"2023-10-17T21:59:38+00:00\",\"breadcrumb\":{\"@id\":\"https:\\\/\\\/edumas.gov.co\\\/inicio\\\/2020\\\/11\\\/10\\\/cuadrilla-de-limpieza-del-edumas-interviene-parque-en-abandono-del-barrio-vina-del-rey-de-soledad\\\/#breadcrumb\"},\"inLanguage\":\"es\",\"potentialAction\":[{\"@type\":\"ReadAction\",\"target\":[\"https:\\\/\\\/edumas.gov.co\\\/inicio\\\/2020\\\/11\\\/10\\\/cuadrilla-de-limpieza-del-edumas-interviene-parque-en-abandono-del-barrio-vina-del-rey-de-soledad\\\/\"]}]},{\"@type\":\"BreadcrumbList\",\"@id\":\"https:\\\/\\\/edumas.gov.co\\\/inicio\\\/2020\\\/11\\\/10\\\/cuadrilla-de-limpieza-del-edumas-interviene-parque-en-abandono-del-barrio-vina-del-rey-de-soledad\\\/#breadcrumb\",\"itemListElement\":[{\"@type\":\"ListItem\",\"position\":1,\"name\":\"Portada\",\"item\":\"https:\\\/\\\/edumas.gov.co\\\/inicio\\\/\"},{\"@type\":\"ListItem\",\"position\":2,\"name\":\"Cuadrilla de limpieza del Edumas interviene parque en abandono del barrio Vi\u00f1a del Rey de Soledad\"}]},{\"@type\":\"WebSite\",\"@id\":\"https:\\\/\\\/edumas.gov.co\\\/inicio\\\/#website\",\"url\":\"https:\\\/\\\/edumas.gov.co\\\/inicio\\\/\",\"name\":\"Edumas\",\"description\":\"Edumas\",\"publisher\":{\"@id\":\"https:\\\/\\\/edumas.gov.co\\\/inicio\\\/#organization\"},\"potentialAction\":[{\"@type\":\"SearchAction\",\"target\":{\"@type\":\"EntryPoint\",\"urlTemplate\":\"https:\\\/\\\/edumas.gov.co\\\/inicio\\\/?s={search_term_string}\"},\"query-input\":{\"@type\":\"PropertyValueSpecification\",\"valueRequired\":true,\"valueName\":\"search_term_string\"}}],\"inLanguage\":\"es\"},{\"@type\":\"Organization\",\"@id\":\"https:\\\/\\\/edumas.gov.co\\\/inicio\\\/#organization\",\"name\":\"Edumas\",\"url\":\"https:\\\/\\\/edumas.gov.co\\\/inicio\\\/\",\"logo\":{\"@type\":\"ImageObject\",\"inLanguage\":\"es\",\"@id\":\"https:\\\/\\\/edumas.gov.co\\\/inicio\\\/#\\\/schema\\\/logo\\\/image\\\/\",\"url\":\"https:\\\/\\\/edumas.gov.co\\\/wp-content\\\/uploads\\\/2024\\\/10\\\/Perfil-Instagram-PhotoRoom.png-PhotoRoom.png\",\"contentUrl\":\"https:\\\/\\\/edumas.gov.co\\\/wp-content\\\/uploads\\\/2024\\\/10\\\/Perfil-Instagram-PhotoRoom.png-PhotoRoom.png\",\"width\":648,\"height\":233,\"caption\":\"Edumas\"},\"image\":{\"@id\":\"https:\\\/\\\/edumas.gov.co\\\/inicio\\\/#\\\/schema\\\/logo\\\/image\\\/\"}},{\"@type\":\"Person\",\"@id\":\"https:\\\/\\\/edumas.gov.co\\\/inicio\\\/#\\\/schema\\\/person\\\/e2e82a662fd06864325b88811079b05a\",\"name\":\"edumas\",\"image\":{\"@type\":\"ImageObject\",\"inLanguage\":\"es\",\"@id\":\"https:\\\/\\\/edumas.gov.co\\\/wp-content\\\/uploads\\\/2025\\\/03\\\/WhatsApp-Image-2025-03-06-at-12.44.58-PM-150x150.jpeg\",\"url\":\"https:\\\/\\\/edumas.gov.co\\\/wp-content\\\/uploads\\\/2025\\\/03\\\/WhatsApp-Image-2025-03-06-at-12.44.58-PM-150x150.jpeg\",\"contentUrl\":\"https:\\\/\\\/edumas.gov.co\\\/wp-content\\\/uploads\\\/2025\\\/03\\\/WhatsApp-Image-2025-03-06-at-12.44.58-PM-150x150.jpeg\",\"caption\":\"edumas\"},\"sameAs\":[\"https:\\\/\\\/test.edumas.gov.co\"],\"url\":\"https:\\\/\\\/edumas.gov.co\\\/inicio\\\/author\\\/edumas\\\/\"}]}<\/script>\n<!-- \/ Yoast SEO plugin. -->","yoast_head_json":{"title":"Cuadrilla de limpieza del Edumas interviene parque en abandono del barrio Vi\u00f1a del Rey de Soledad - Edumas","robots":{"index":"index","follow":"follow","max-snippet":"max-snippet:-1","max-image-preview":"max-image-preview:large","max-video-preview":"max-video-preview:-1"},"canonical":"https:\/\/edumas.gov.co\/inicio\/2020\/11\/10\/cuadrilla-de-limpieza-del-edumas-interviene-parque-en-abandono-del-barrio-vina-del-rey-de-soledad\/","og_locale":"es_ES","og_type":"article","og_title":"Cuadrilla de limpieza del Edumas interviene parque en abandono del barrio Vi\u00f1a del Rey de Soledad - Edumas","og_description":"Edumas contin\u00faa realizando las intervenciones necesarias para mejorar los entornos verdes del municipio de Soledad, esta ocasi\u00f3n bajo la direcci\u00f3n de la subgerente Clerck Pertuz, se llev\u00f3 a cabo una limpieza y recuperaci\u00f3n del parque del barrio Vi\u00f1a del Rey, el cual seg\u00fan la comunidad ha sido foco de delincuencia por mucho tiempo. La intervenci\u00f3n [&hellip;]","og_url":"https:\/\/edumas.gov.co\/inicio\/2020\/11\/10\/cuadrilla-de-limpieza-del-edumas-interviene-parque-en-abandono-del-barrio-vina-del-rey-de-soledad\/","og_site_name":"Edumas","article_published_time":"2020-11-10T21:58:00+00:00","article_modified_time":"2023-10-17T21:59:38+00:00","author":"edumas","twitter_card":"summary_large_image","twitter_misc":{"Escrito por":"edumas","Tiempo de lectura":"2 minutos"},"schema":{"@context":"https:\/\/schema.org","@graph":[{"@type":"Article","@id":"https:\/\/edumas.gov.co\/inicio\/2020\/11\/10\/cuadrilla-de-limpieza-del-edumas-interviene-parque-en-abandono-del-barrio-vina-del-rey-de-soledad\/#article","isPartOf":{"@id":"https:\/\/edumas.gov.co\/inicio\/2020\/11\/10\/cuadrilla-de-limpieza-del-edumas-interviene-parque-en-abandono-del-barrio-vina-del-rey-de-soledad\/"},"author":{"name":"edumas","@id":"https:\/\/edumas.gov.co\/inicio\/#\/schema\/person\/e2e82a662fd06864325b88811079b05a"},"headline":"Cuadrilla de limpieza del Edumas interviene parque en abandono del barrio Vi\u00f1a del Rey de Soledad","datePublished":"2020-11-10T21:58:00+00:00","dateModified":"2023-10-17T21:59:38+00:00","mainEntityOfPage":{"@id":"https:\/\/edumas.gov.co\/inicio\/2020\/11\/10\/cuadrilla-de-limpieza-del-edumas-interviene-parque-en-abandono-del-barrio-vina-del-rey-de-soledad\/"},"wordCount":396,"commentCount":0,"publisher":{"@id":"https:\/\/edumas.gov.co\/inicio\/#organization"},"articleSection":["noticias"],"inLanguage":"es","potentialAction":[{"@type":"CommentAction","name":"Comment","target":["https:\/\/edumas.gov.co\/inicio\/2020\/11\/10\/cuadrilla-de-limpieza-del-edumas-interviene-parque-en-abandono-del-barrio-vina-del-rey-de-soledad\/#respond"]}]},{"@type":"WebPage","@id":"https:\/\/edumas.gov.co\/inicio\/2020\/11\/10\/cuadrilla-de-limpieza-del-edumas-interviene-parque-en-abandono-del-barrio-vina-del-rey-de-soledad\/","url":"https:\/\/edumas.gov.co\/inicio\/2020\/11\/10\/cuadrilla-de-limpieza-del-edumas-interviene-parque-en-abandono-del-barrio-vina-del-rey-de-soledad\/","name":"Cuadrilla de limpieza del Edumas interviene parque en abandono del barrio Vi\u00f1a del Rey de Soledad - Edumas","isPartOf":{"@id":"https:\/\/edumas.gov.co\/inicio\/#website"},"datePublished":"2020-11-10T21:58:00+00:00","dateModified":"2023-10-17T21:59:38+00:00","breadcrumb":{"@id":"https:\/\/edumas.gov.co\/inicio\/2020\/11\/10\/cuadrilla-de-limpieza-del-edumas-interviene-parque-en-abandono-del-barrio-vina-del-rey-de-soledad\/#breadcrumb"},"inLanguage":"es","potentialAction":[{"@type":"ReadAction","target":["https:\/\/edumas.gov.co\/inicio\/2020\/11\/10\/cuadrilla-de-limpieza-del-edumas-interviene-parque-en-abandono-del-barrio-vina-del-rey-de-soledad\/"]}]},{"@type":"BreadcrumbList","@id":"https:\/\/edumas.gov.co\/inicio\/2020\/11\/10\/cuadrilla-de-limpieza-del-edumas-interviene-parque-en-abandono-del-barrio-vina-del-rey-de-soledad\/#breadcrumb","itemListElement":[{"@type":"ListItem","position":1,"name":"Portada","item":"https:\/\/edumas.gov.co\/inicio\/"},{"@type":"ListItem","position":2,"name":"Cuadrilla de limpieza del Edumas interviene parque en abandono del barrio Vi\u00f1a del Rey de Soledad"}]},{"@type":"WebSite","@id":"https:\/\/edumas.gov.co\/inicio\/#website","url":"https:\/\/edumas.gov.co\/inicio\/","name":"Edumas","description":"Edumas","publisher":{"@id":"https:\/\/edumas.gov.co\/inicio\/#organization"},"potentialAction":[{"@type":"SearchAction","target":{"@type":"EntryPoint","urlTemplate":"https:\/\/edumas.gov.co\/inicio\/?s={search_term_string}"},"query-input":{"@type":"PropertyValueSpecification","valueRequired":true,"valueName":"search_term_string"}}],"inLanguage":"es"},{"@type":"Organization","@id":"https:\/\/edumas.gov.co\/inicio\/#organization","name":"Edumas","url":"https:\/\/edumas.gov.co\/inicio\/","logo":{"@type":"ImageObject","inLanguage":"es","@id":"https:\/\/edumas.gov.co\/inicio\/#\/schema\/logo\/image\/","url":"https:\/\/edumas.gov.co\/wp-content\/uploads\/2024\/10\/Perfil-Instagram-PhotoRoom.png-PhotoRoom.png","contentUrl":"https:\/\/edumas.gov.co\/wp-content\/uploads\/2024\/10\/Perfil-Instagram-PhotoRoom.png-PhotoRoom.png","width":648,"height":233,"caption":"Edumas"},"image":{"@id":"https:\/\/edumas.gov.co\/inicio\/#\/schema\/logo\/image\/"}},{"@type":"Person","@id":"https:\/\/edumas.gov.co\/inicio\/#\/schema\/person\/e2e82a662fd06864325b88811079b05a","name":"edumas","image":{"@type":"ImageObject","inLanguage":"es","@id":"https:\/\/edumas.gov.co\/wp-content\/uploads\/2025\/03\/WhatsApp-Image-2025-03-06-at-12.44.58-PM-150x150.jpeg","url":"https:\/\/edumas.gov.co\/wp-content\/uploads\/2025\/03\/WhatsApp-Image-2025-03-06-at-12.44.58-PM-150x150.jpeg","contentUrl":"https:\/\/edumas.gov.co\/wp-content\/uploads\/2025\/03\/WhatsApp-Image-2025-03-06-at-12.44.58-PM-150x150.jpeg","caption":"edumas"},"sameAs":["https:\/\/test.edumas.gov.co"],"url":"https:\/\/edumas.gov.co\/inicio\/author\/edumas\/"}]}},"_links":{"self":[{"href":"https:\/\/edumas.gov.co\/inicio\/wp-json\/wp\/v2\/posts\/991","targetHints":{"allow":["GET"]}}],"collection":[{"href":"https:\/\/edumas.gov.co\/inicio\/wp-json\/wp\/v2\/posts"}],"about":[{"href":"https:\/\/edumas.gov.co\/inicio\/wp-json\/wp\/v2\/types\/post"}],"author":[{"embeddable":true,"href":"https:\/\/edumas.gov.co\/inicio\/wp-json\/wp\/v2\/users\/1"}],"replies":[{"embeddable":true,"href":"https:\/\/edumas.gov.co\/inicio\/wp-json\/wp\/v2\/comments?post=991"}],"version-history":[{"count":1,"href":"https:\/\/edumas.gov.co\/inicio\/wp-json\/wp\/v2\/posts\/991\/revisions"}],"predecessor-version":[{"id":992,"href":"https:\/\/edumas.gov.co\/inicio\/wp-json\/wp\/v2\/posts\/991\/revisions\/992"}],"wp:attachment":[{"href":"https:\/\/edumas.gov.co\/inicio\/wp-json\/wp\/v2\/media?parent=991"}],"wp:term":[{"taxonomy":"category","embeddable":true,"href":"https:\/\/edumas.gov.co\/inicio\/wp-json\/wp\/v2\/categories?post=991"},{"taxonomy":"post_tag","embeddable":true,"href":"https:\/\/edumas.gov.co\/inicio\/wp-json\/wp\/v2\/tags?post=991"}],"curies":[{"name":"wp","href":"https:\/\/api.w.org\/{rel}","templated":true}]}}