{"id":993,"date":"2020-11-12T22:00:00","date_gmt":"2020-11-12T22:00:00","guid":{"rendered":"https:\/\/test.edumas.gov.co\/?p=993"},"modified":"2023-10-17T22:01:11","modified_gmt":"2023-10-17T22:01:11","slug":"visible-gestion-del-edumas-ante-las-problematicas-ambientales-de-soledad","status":"publish","type":"post","link":"https:\/\/edumas.gov.co\/inicio\/2020\/11\/12\/visible-gestion-del-edumas-ante-las-problematicas-ambientales-de-soledad\/","title":{"rendered":"Visible gesti\u00f3n del Edumas ante las problem\u00e1ticas ambientales de Soledad"},"content":{"rendered":"\n<p class=\"wp-block-paragraph\">Atendiendo las necesidades de los solede\u00f1os, el Establecimiento de Desarrollo Urbano y Medio Ambiente de Soledad, Edumas, ha venido dando respuesta a una serie de solicitudes, denuncias y peticiones provenientes de las distintas localidades del municipio como muestra del compromiso y la responsabilidad social que tiene con la ciudadan\u00eda.<\/p>\n\n\n\n<p class=\"wp-block-paragraph\">La entidad y las empresas aliadas han priorizado construir su legado a partir de la gesti\u00f3n y el trabajo \u201chombro a hombro\u201d con los ciudadanos que d\u00eda a d\u00eda perciben c\u00f3mo se les vienen dando prontitud a sus problem\u00e1ticas. Caso tal son las intervenciones que se han venido llevando a cabo en los diferentes puntos cr\u00edticos del municipio, resaltando el caso m\u00e1s reciente; la erradicaci\u00f3n por parte de los propietarios de los predios ubicados en Los Mangos y Gecolsa, de m\u00e1s de 150 toneladas de basuras y residuos s\u00f3lidos limpiando as\u00ed, m\u00e1s de 35 mil metros cuadrados que afectaban a cinco barrios circunvecinos del sureste de Soledad y donde se utiliz\u00f3 maquinarias pesadas y trabajo manual.<\/p>\n\n\n\n<p class=\"wp-block-paragraph\">De igual manera, estas intervenciones son el resultado de un trabajo de participaci\u00f3n ciudadana que viene liderando el Edumas mediante las Mesas Ambientales Comunitarias Ambientales M.A.C, y donde al igual que en las redes sociales y dem\u00e1s canales institucionales de comunicaci\u00f3n, se vienen recibiendo las peticiones de los l\u00edderes comunales de los m\u00e1s de 200 barrios de Soledad.<\/p>\n\n\n\n<p class=\"wp-block-paragraph\">\u201cY es que, a ra\u00edz de las numerosas quejas, el Edumas ha implementado durante estos \u00faltimos quince d\u00edas un proyecto que hemos denominado \u201cSoledad somos todos\u201d, el cual consiste en actuar de manera inmediata ante los problemas de mayor urgencia mediante un plan de choque que nos ha dado buenos resultado\u201d indic\u00f3 Carlos Consuegra, Gerente del Edumas.<\/p>\n\n\n\n<p class=\"wp-block-paragraph\">El Establecimiento continuar\u00e1 contribuyendo desde sus competencias al desarrollo urban\u00edstico y ambiental del municipio. El objetivo es construir bases fuertes de cultura ciudadana y sentido de pertenencia mediante sus actuaciones por lo que, dentro del marco de su campa\u00f1a, \u201cEdumas Somos Todos\u201d, la cual consiste en concientizar a los solede\u00f1os del buen manejo de las basuras, viene denunciando los sectores que son promotores de las malas pr\u00e1cticas.<\/p>\n","protected":false},"excerpt":{"rendered":"<p>Atendiendo las necesidades de los solede\u00f1os, el Establecimiento de Desarrollo Urbano y Medio Ambiente de Soledad, Edumas, ha venido dando respuesta a una serie de solicitudes, denuncias y peticiones provenientes de las distintas localidades del municipio como muestra del compromiso y la responsabilidad social que tiene con la ciudadan\u00eda. La entidad y las empresas aliadas [&hellip;]<\/p>\n","protected":false},"author":1,"featured_media":994,"comment_status":"open","ping_status":"open","sticky":false,"template":"","format":"standard","meta":{"footnotes":""},"categories":[26],"tags":[],"class_list":["post-993","post","type-post","status-publish","format-standard","has-post-thumbnail","hentry","category-noticias"],"yoast_head":"<!-- This site is optimized with the Yoast SEO plugin v27.4 - https:\/\/yoast.com\/product\/yoast-seo-wordpress\/ -->\n<title>Visible gesti\u00f3n del Edumas ante las problem\u00e1ticas ambientales de Soledad - Edumas<\/title>\n<meta name=\"robots\" content=\"index, follow, max-snippet:-1, max-image-preview:large, max-video-preview:-1\" \/>\n<link rel=\"canonical\" href=\"https:\/\/edumas.gov.co\/inicio\/2020\/11\/12\/visible-gestion-del-edumas-ante-las-problematicas-ambientales-de-soledad\/\" \/>\n<meta property=\"og:locale\" content=\"es_ES\" \/>\n<meta property=\"og:type\" content=\"article\" \/>\n<meta property=\"og:title\" content=\"Visible gesti\u00f3n del Edumas ante las problem\u00e1ticas ambientales de Soledad - Edumas\" \/>\n<meta property=\"og:description\" content=\"Atendiendo las necesidades de los solede\u00f1os, el Establecimiento de Desarrollo Urbano y Medio Ambiente de Soledad, Edumas, ha venido dando respuesta a una serie de solicitudes, denuncias y peticiones provenientes de las distintas localidades del municipio como muestra del compromiso y la responsabilidad social que tiene con la ciudadan\u00eda. La entidad y las empresas aliadas [&hellip;]\" \/>\n<meta property=\"og:url\" content=\"https:\/\/edumas.gov.co\/inicio\/2020\/11\/12\/visible-gestion-del-edumas-ante-las-problematicas-ambientales-de-soledad\/\" \/>\n<meta property=\"og:site_name\" content=\"Edumas\" \/>\n<meta property=\"article:published_time\" content=\"2020-11-12T22:00:00+00:00\" \/>\n<meta property=\"article:modified_time\" content=\"2023-10-17T22:01:11+00:00\" \/>\n<meta property=\"og:image\" content=\"https:\/\/edumas.gov.co\/wp-content\/uploads\/2023\/10\/Visible-gestion-del-Edumas-ante-las-problematicas.jpeg\" \/>\n\t<meta property=\"og:image:width\" content=\"1280\" \/>\n\t<meta property=\"og:image:height\" content=\"718\" \/>\n\t<meta property=\"og:image:type\" content=\"image\/jpeg\" \/>\n<meta name=\"author\" content=\"edumas\" \/>\n<meta name=\"twitter:card\" content=\"summary_large_image\" \/>\n<meta name=\"twitter:label1\" content=\"Escrito por\" \/>\n\t<meta name=\"twitter:data1\" content=\"edumas\" \/>\n\t<meta name=\"twitter:label2\" content=\"Tiempo de lectura\" \/>\n\t<meta name=\"twitter:data2\" content=\"2 minutos\" \/>\n<script type=\"application\/ld+json\" class=\"yoast-schema-graph\">{\"@context\":\"https:\\\/\\\/schema.org\",\"@graph\":[{\"@type\":\"Article\",\"@id\":\"https:\\\/\\\/edumas.gov.co\\\/inicio\\\/2020\\\/11\\\/12\\\/visible-gestion-del-edumas-ante-las-problematicas-ambientales-de-soledad\\\/#article\",\"isPartOf\":{\"@id\":\"https:\\\/\\\/edumas.gov.co\\\/inicio\\\/2020\\\/11\\\/12\\\/visible-gestion-del-edumas-ante-las-problematicas-ambientales-de-soledad\\\/\"},\"author\":{\"name\":\"edumas\",\"@id\":\"https:\\\/\\\/edumas.gov.co\\\/inicio\\\/#\\\/schema\\\/person\\\/e2e82a662fd06864325b88811079b05a\"},\"headline\":\"Visible gesti\u00f3n del Edumas ante las problem\u00e1ticas ambientales de Soledad\",\"datePublished\":\"2020-11-12T22:00:00+00:00\",\"dateModified\":\"2023-10-17T22:01:11+00:00\",\"mainEntityOfPage\":{\"@id\":\"https:\\\/\\\/edumas.gov.co\\\/inicio\\\/2020\\\/11\\\/12\\\/visible-gestion-del-edumas-ante-las-problematicas-ambientales-de-soledad\\\/\"},\"wordCount\":382,\"commentCount\":0,\"publisher\":{\"@id\":\"https:\\\/\\\/edumas.gov.co\\\/inicio\\\/#organization\"},\"image\":{\"@id\":\"https:\\\/\\\/edumas.gov.co\\\/inicio\\\/2020\\\/11\\\/12\\\/visible-gestion-del-edumas-ante-las-problematicas-ambientales-de-soledad\\\/#primaryimage\"},\"thumbnailUrl\":\"https:\\\/\\\/edumas.gov.co\\\/wp-content\\\/uploads\\\/2023\\\/10\\\/Visible-gestion-del-Edumas-ante-las-problematicas.jpeg\",\"articleSection\":[\"noticias\"],\"inLanguage\":\"es\",\"potentialAction\":[{\"@type\":\"CommentAction\",\"name\":\"Comment\",\"target\":[\"https:\\\/\\\/edumas.gov.co\\\/inicio\\\/2020\\\/11\\\/12\\\/visible-gestion-del-edumas-ante-las-problematicas-ambientales-de-soledad\\\/#respond\"]}]},{\"@type\":\"WebPage\",\"@id\":\"https:\\\/\\\/edumas.gov.co\\\/inicio\\\/2020\\\/11\\\/12\\\/visible-gestion-del-edumas-ante-las-problematicas-ambientales-de-soledad\\\/\",\"url\":\"https:\\\/\\\/edumas.gov.co\\\/inicio\\\/2020\\\/11\\\/12\\\/visible-gestion-del-edumas-ante-las-problematicas-ambientales-de-soledad\\\/\",\"name\":\"Visible gesti\u00f3n del Edumas ante las problem\u00e1ticas ambientales de Soledad - Edumas\",\"isPartOf\":{\"@id\":\"https:\\\/\\\/edumas.gov.co\\\/inicio\\\/#website\"},\"primaryImageOfPage\":{\"@id\":\"https:\\\/\\\/edumas.gov.co\\\/inicio\\\/2020\\\/11\\\/12\\\/visible-gestion-del-edumas-ante-las-problematicas-ambientales-de-soledad\\\/#primaryimage\"},\"image\":{\"@id\":\"https:\\\/\\\/edumas.gov.co\\\/inicio\\\/2020\\\/11\\\/12\\\/visible-gestion-del-edumas-ante-las-problematicas-ambientales-de-soledad\\\/#primaryimage\"},\"thumbnailUrl\":\"https:\\\/\\\/edumas.gov.co\\\/wp-content\\\/uploads\\\/2023\\\/10\\\/Visible-gestion-del-Edumas-ante-las-problematicas.jpeg\",\"datePublished\":\"2020-11-12T22:00:00+00:00\",\"dateModified\":\"2023-10-17T22:01:11+00:00\",\"breadcrumb\":{\"@id\":\"https:\\\/\\\/edumas.gov.co\\\/inicio\\\/2020\\\/11\\\/12\\\/visible-gestion-del-edumas-ante-las-problematicas-ambientales-de-soledad\\\/#breadcrumb\"},\"inLanguage\":\"es\",\"potentialAction\":[{\"@type\":\"ReadAction\",\"target\":[\"https:\\\/\\\/edumas.gov.co\\\/inicio\\\/2020\\\/11\\\/12\\\/visible-gestion-del-edumas-ante-las-problematicas-ambientales-de-soledad\\\/\"]}]},{\"@type\":\"ImageObject\",\"inLanguage\":\"es\",\"@id\":\"https:\\\/\\\/edumas.gov.co\\\/inicio\\\/2020\\\/11\\\/12\\\/visible-gestion-del-edumas-ante-las-problematicas-ambientales-de-soledad\\\/#primaryimage\",\"url\":\"https:\\\/\\\/edumas.gov.co\\\/wp-content\\\/uploads\\\/2023\\\/10\\\/Visible-gestion-del-Edumas-ante-las-problematicas.jpeg\",\"contentUrl\":\"https:\\\/\\\/edumas.gov.co\\\/wp-content\\\/uploads\\\/2023\\\/10\\\/Visible-gestion-del-Edumas-ante-las-problematicas.jpeg\",\"width\":1280,\"height\":718},{\"@type\":\"BreadcrumbList\",\"@id\":\"https:\\\/\\\/edumas.gov.co\\\/inicio\\\/2020\\\/11\\\/12\\\/visible-gestion-del-edumas-ante-las-problematicas-ambientales-de-soledad\\\/#breadcrumb\",\"itemListElement\":[{\"@type\":\"ListItem\",\"position\":1,\"name\":\"Portada\",\"item\":\"https:\\\/\\\/edumas.gov.co\\\/inicio\\\/\"},{\"@type\":\"ListItem\",\"position\":2,\"name\":\"Visible gesti\u00f3n del Edumas ante las problem\u00e1ticas ambientales de Soledad\"}]},{\"@type\":\"WebSite\",\"@id\":\"https:\\\/\\\/edumas.gov.co\\\/inicio\\\/#website\",\"url\":\"https:\\\/\\\/edumas.gov.co\\\/inicio\\\/\",\"name\":\"Edumas\",\"description\":\"Edumas\",\"publisher\":{\"@id\":\"https:\\\/\\\/edumas.gov.co\\\/inicio\\\/#organization\"},\"potentialAction\":[{\"@type\":\"SearchAction\",\"target\":{\"@type\":\"EntryPoint\",\"urlTemplate\":\"https:\\\/\\\/edumas.gov.co\\\/inicio\\\/?s={search_term_string}\"},\"query-input\":{\"@type\":\"PropertyValueSpecification\",\"valueRequired\":true,\"valueName\":\"search_term_string\"}}],\"inLanguage\":\"es\"},{\"@type\":\"Organization\",\"@id\":\"https:\\\/\\\/edumas.gov.co\\\/inicio\\\/#organization\",\"name\":\"Edumas\",\"url\":\"https:\\\/\\\/edumas.gov.co\\\/inicio\\\/\",\"logo\":{\"@type\":\"ImageObject\",\"inLanguage\":\"es\",\"@id\":\"https:\\\/\\\/edumas.gov.co\\\/inicio\\\/#\\\/schema\\\/logo\\\/image\\\/\",\"url\":\"https:\\\/\\\/edumas.gov.co\\\/wp-content\\\/uploads\\\/2024\\\/10\\\/Perfil-Instagram-PhotoRoom.png-PhotoRoom.png\",\"contentUrl\":\"https:\\\/\\\/edumas.gov.co\\\/wp-content\\\/uploads\\\/2024\\\/10\\\/Perfil-Instagram-PhotoRoom.png-PhotoRoom.png\",\"width\":648,\"height\":233,\"caption\":\"Edumas\"},\"image\":{\"@id\":\"https:\\\/\\\/edumas.gov.co\\\/inicio\\\/#\\\/schema\\\/logo\\\/image\\\/\"}},{\"@type\":\"Person\",\"@id\":\"https:\\\/\\\/edumas.gov.co\\\/inicio\\\/#\\\/schema\\\/person\\\/e2e82a662fd06864325b88811079b05a\",\"name\":\"edumas\",\"image\":{\"@type\":\"ImageObject\",\"inLanguage\":\"es\",\"@id\":\"https:\\\/\\\/edumas.gov.co\\\/wp-content\\\/uploads\\\/2025\\\/03\\\/WhatsApp-Image-2025-03-06-at-12.44.58-PM-150x150.jpeg\",\"url\":\"https:\\\/\\\/edumas.gov.co\\\/wp-content\\\/uploads\\\/2025\\\/03\\\/WhatsApp-Image-2025-03-06-at-12.44.58-PM-150x150.jpeg\",\"contentUrl\":\"https:\\\/\\\/edumas.gov.co\\\/wp-content\\\/uploads\\\/2025\\\/03\\\/WhatsApp-Image-2025-03-06-at-12.44.58-PM-150x150.jpeg\",\"caption\":\"edumas\"},\"sameAs\":[\"https:\\\/\\\/test.edumas.gov.co\"],\"url\":\"https:\\\/\\\/edumas.gov.co\\\/inicio\\\/author\\\/edumas\\\/\"}]}<\/script>\n<!-- \/ Yoast SEO plugin. -->","yoast_head_json":{"title":"Visible gesti\u00f3n del Edumas ante las problem\u00e1ticas ambientales de Soledad - Edumas","robots":{"index":"index","follow":"follow","max-snippet":"max-snippet:-1","max-image-preview":"max-image-preview:large","max-video-preview":"max-video-preview:-1"},"canonical":"https:\/\/edumas.gov.co\/inicio\/2020\/11\/12\/visible-gestion-del-edumas-ante-las-problematicas-ambientales-de-soledad\/","og_locale":"es_ES","og_type":"article","og_title":"Visible gesti\u00f3n del Edumas ante las problem\u00e1ticas ambientales de Soledad - Edumas","og_description":"Atendiendo las necesidades de los solede\u00f1os, el Establecimiento de Desarrollo Urbano y Medio Ambiente de Soledad, Edumas, ha venido dando respuesta a una serie de solicitudes, denuncias y peticiones provenientes de las distintas localidades del municipio como muestra del compromiso y la responsabilidad social que tiene con la ciudadan\u00eda. La entidad y las empresas aliadas [&hellip;]","og_url":"https:\/\/edumas.gov.co\/inicio\/2020\/11\/12\/visible-gestion-del-edumas-ante-las-problematicas-ambientales-de-soledad\/","og_site_name":"Edumas","article_published_time":"2020-11-12T22:00:00+00:00","article_modified_time":"2023-10-17T22:01:11+00:00","og_image":[{"width":1280,"height":718,"url":"https:\/\/edumas.gov.co\/wp-content\/uploads\/2023\/10\/Visible-gestion-del-Edumas-ante-las-problematicas.jpeg","type":"image\/jpeg"}],"author":"edumas","twitter_card":"summary_large_image","twitter_misc":{"Escrito por":"edumas","Tiempo de lectura":"2 minutos"},"schema":{"@context":"https:\/\/schema.org","@graph":[{"@type":"Article","@id":"https:\/\/edumas.gov.co\/inicio\/2020\/11\/12\/visible-gestion-del-edumas-ante-las-problematicas-ambientales-de-soledad\/#article","isPartOf":{"@id":"https:\/\/edumas.gov.co\/inicio\/2020\/11\/12\/visible-gestion-del-edumas-ante-las-problematicas-ambientales-de-soledad\/"},"author":{"name":"edumas","@id":"https:\/\/edumas.gov.co\/inicio\/#\/schema\/person\/e2e82a662fd06864325b88811079b05a"},"headline":"Visible gesti\u00f3n del Edumas ante las problem\u00e1ticas ambientales de Soledad","datePublished":"2020-11-12T22:00:00+00:00","dateModified":"2023-10-17T22:01:11+00:00","mainEntityOfPage":{"@id":"https:\/\/edumas.gov.co\/inicio\/2020\/11\/12\/visible-gestion-del-edumas-ante-las-problematicas-ambientales-de-soledad\/"},"wordCount":382,"commentCount":0,"publisher":{"@id":"https:\/\/edumas.gov.co\/inicio\/#organization"},"image":{"@id":"https:\/\/edumas.gov.co\/inicio\/2020\/11\/12\/visible-gestion-del-edumas-ante-las-problematicas-ambientales-de-soledad\/#primaryimage"},"thumbnailUrl":"https:\/\/edumas.gov.co\/wp-content\/uploads\/2023\/10\/Visible-gestion-del-Edumas-ante-las-problematicas.jpeg","articleSection":["noticias"],"inLanguage":"es","potentialAction":[{"@type":"CommentAction","name":"Comment","target":["https:\/\/edumas.gov.co\/inicio\/2020\/11\/12\/visible-gestion-del-edumas-ante-las-problematicas-ambientales-de-soledad\/#respond"]}]},{"@type":"WebPage","@id":"https:\/\/edumas.gov.co\/inicio\/2020\/11\/12\/visible-gestion-del-edumas-ante-las-problematicas-ambientales-de-soledad\/","url":"https:\/\/edumas.gov.co\/inicio\/2020\/11\/12\/visible-gestion-del-edumas-ante-las-problematicas-ambientales-de-soledad\/","name":"Visible gesti\u00f3n del Edumas ante las problem\u00e1ticas ambientales de Soledad - Edumas","isPartOf":{"@id":"https:\/\/edumas.gov.co\/inicio\/#website"},"primaryImageOfPage":{"@id":"https:\/\/edumas.gov.co\/inicio\/2020\/11\/12\/visible-gestion-del-edumas-ante-las-problematicas-ambientales-de-soledad\/#primaryimage"},"image":{"@id":"https:\/\/edumas.gov.co\/inicio\/2020\/11\/12\/visible-gestion-del-edumas-ante-las-problematicas-ambientales-de-soledad\/#primaryimage"},"thumbnailUrl":"https:\/\/edumas.gov.co\/wp-content\/uploads\/2023\/10\/Visible-gestion-del-Edumas-ante-las-problematicas.jpeg","datePublished":"2020-11-12T22:00:00+00:00","dateModified":"2023-10-17T22:01:11+00:00","breadcrumb":{"@id":"https:\/\/edumas.gov.co\/inicio\/2020\/11\/12\/visible-gestion-del-edumas-ante-las-problematicas-ambientales-de-soledad\/#breadcrumb"},"inLanguage":"es","potentialAction":[{"@type":"ReadAction","target":["https:\/\/edumas.gov.co\/inicio\/2020\/11\/12\/visible-gestion-del-edumas-ante-las-problematicas-ambientales-de-soledad\/"]}]},{"@type":"ImageObject","inLanguage":"es","@id":"https:\/\/edumas.gov.co\/inicio\/2020\/11\/12\/visible-gestion-del-edumas-ante-las-problematicas-ambientales-de-soledad\/#primaryimage","url":"https:\/\/edumas.gov.co\/wp-content\/uploads\/2023\/10\/Visible-gestion-del-Edumas-ante-las-problematicas.jpeg","contentUrl":"https:\/\/edumas.gov.co\/wp-content\/uploads\/2023\/10\/Visible-gestion-del-Edumas-ante-las-problematicas.jpeg","width":1280,"height":718},{"@type":"BreadcrumbList","@id":"https:\/\/edumas.gov.co\/inicio\/2020\/11\/12\/visible-gestion-del-edumas-ante-las-problematicas-ambientales-de-soledad\/#breadcrumb","itemListElement":[{"@type":"ListItem","position":1,"name":"Portada","item":"https:\/\/edumas.gov.co\/inicio\/"},{"@type":"ListItem","position":2,"name":"Visible gesti\u00f3n del Edumas ante las problem\u00e1ticas ambientales de Soledad"}]},{"@type":"WebSite","@id":"https:\/\/edumas.gov.co\/inicio\/#website","url":"https:\/\/edumas.gov.co\/inicio\/","name":"Edumas","description":"Edumas","publisher":{"@id":"https:\/\/edumas.gov.co\/inicio\/#organization"},"potentialAction":[{"@type":"SearchAction","target":{"@type":"EntryPoint","urlTemplate":"https:\/\/edumas.gov.co\/inicio\/?s={search_term_string}"},"query-input":{"@type":"PropertyValueSpecification","valueRequired":true,"valueName":"search_term_string"}}],"inLanguage":"es"},{"@type":"Organization","@id":"https:\/\/edumas.gov.co\/inicio\/#organization","name":"Edumas","url":"https:\/\/edumas.gov.co\/inicio\/","logo":{"@type":"ImageObject","inLanguage":"es","@id":"https:\/\/edumas.gov.co\/inicio\/#\/schema\/logo\/image\/","url":"https:\/\/edumas.gov.co\/wp-content\/uploads\/2024\/10\/Perfil-Instagram-PhotoRoom.png-PhotoRoom.png","contentUrl":"https:\/\/edumas.gov.co\/wp-content\/uploads\/2024\/10\/Perfil-Instagram-PhotoRoom.png-PhotoRoom.png","width":648,"height":233,"caption":"Edumas"},"image":{"@id":"https:\/\/edumas.gov.co\/inicio\/#\/schema\/logo\/image\/"}},{"@type":"Person","@id":"https:\/\/edumas.gov.co\/inicio\/#\/schema\/person\/e2e82a662fd06864325b88811079b05a","name":"edumas","image":{"@type":"ImageObject","inLanguage":"es","@id":"https:\/\/edumas.gov.co\/wp-content\/uploads\/2025\/03\/WhatsApp-Image-2025-03-06-at-12.44.58-PM-150x150.jpeg","url":"https:\/\/edumas.gov.co\/wp-content\/uploads\/2025\/03\/WhatsApp-Image-2025-03-06-at-12.44.58-PM-150x150.jpeg","contentUrl":"https:\/\/edumas.gov.co\/wp-content\/uploads\/2025\/03\/WhatsApp-Image-2025-03-06-at-12.44.58-PM-150x150.jpeg","caption":"edumas"},"sameAs":["https:\/\/test.edumas.gov.co"],"url":"https:\/\/edumas.gov.co\/inicio\/author\/edumas\/"}]}},"_links":{"self":[{"href":"https:\/\/edumas.gov.co\/inicio\/wp-json\/wp\/v2\/posts\/993","targetHints":{"allow":["GET"]}}],"collection":[{"href":"https:\/\/edumas.gov.co\/inicio\/wp-json\/wp\/v2\/posts"}],"about":[{"href":"https:\/\/edumas.gov.co\/inicio\/wp-json\/wp\/v2\/types\/post"}],"author":[{"embeddable":true,"href":"https:\/\/edumas.gov.co\/inicio\/wp-json\/wp\/v2\/users\/1"}],"replies":[{"embeddable":true,"href":"https:\/\/edumas.gov.co\/inicio\/wp-json\/wp\/v2\/comments?post=993"}],"version-history":[{"count":1,"href":"https:\/\/edumas.gov.co\/inicio\/wp-json\/wp\/v2\/posts\/993\/revisions"}],"predecessor-version":[{"id":995,"href":"https:\/\/edumas.gov.co\/inicio\/wp-json\/wp\/v2\/posts\/993\/revisions\/995"}],"wp:featuredmedia":[{"embeddable":true,"href":"https:\/\/edumas.gov.co\/inicio\/wp-json\/wp\/v2\/media\/994"}],"wp:attachment":[{"href":"https:\/\/edumas.gov.co\/inicio\/wp-json\/wp\/v2\/media?parent=993"}],"wp:term":[{"taxonomy":"category","embeddable":true,"href":"https:\/\/edumas.gov.co\/inicio\/wp-json\/wp\/v2\/categories?post=993"},{"taxonomy":"post_tag","embeddable":true,"href":"https:\/\/edumas.gov.co\/inicio\/wp-json\/wp\/v2\/tags?post=993"}],"curies":[{"name":"wp","href":"https:\/\/api.w.org\/{rel}","templated":true}]}}